{"id":23571,"date":"2020-04-12T01:09:10","date_gmt":"2020-04-12T01:09:10","guid":{"rendered":"https:\/\/jorgezanoni.com.br\/2019\/?p=23571"},"modified":"2020-04-12T01:09:10","modified_gmt":"2020-04-12T01:09:10","slug":"video-mostra-queda-de-balao-que-deixou-dois-mortos-no-interior-de-sp","status":"publish","type":"post","link":"https:\/\/jorgezanoni.com.br\/2019\/video-mostra-queda-de-balao-que-deixou-dois-mortos-no-interior-de-sp\/","title":{"rendered":"V\u00eddeo mostra queda de bal\u00e3o que deixou dois mortos no interior de SP"},"content":{"rendered":"<h2 class=\"content-head__subtitle\" style=\"text-align: justify;\"><strong>Nas imagens, \u00e9 poss\u00edvel ver o bal\u00e3o descendo e murchando na \u00e1rea central da cidade. Piloto de 32 anos e um jovem de 19 anos morreram; Pol\u00edcia Civil investigar\u00e1 as causas.<\/strong><\/h2>\n<div class=\"row medium-uncollapsed content-media content-photo\" data-block-type=\"backstage-photo\" data-block-id=\"0\">\n<div class=\"mc-column content-media__container\">\n<div class=\"progressive-img can-open-lightbox\" data-min-size=\"1008x764\" data-min-size-url=\"https:\/\/s2.glbimg.com\/2LIe3lFb8P2Kooo1OF0Blmba4QA=\/0x0:500x379\/1008x0\/smart\/filters:strip_icc()\/i.s3.glbimg.com\/v1\/AUTH_59edd422c0c84a879bd37670ae4f538a\/internal_photos\/bs\/2020\/W\/i\/K1gQHuTpqd57EaL2GBmQ\/balao-certo.jpg\" data-max-size=\"1600x1212\" data-max-size-url=\"https:\/\/s2.glbimg.com\/xjRTqr-0lY5dNSIi9UJG0khBNro=\/0x0:500x379\/1600x0\/smart\/filters:strip_icc()\/i.s3.glbimg.com\/v1\/AUTH_59edd422c0c84a879bd37670ae4f538a\/internal_photos\/bs\/2020\/W\/i\/K1gQHuTpqd57EaL2GBmQ\/balao-certo.jpg\" data-media-index=\"0\"><picture><source srcset=\"https:\/\/s2.glbimg.com\/ad5CWPS-5LXU5aKJ8F2bUvplia4=\/0x0:500x379\/600x0\/smart\/filters:strip_icc()\/i.s3.glbimg.com\/v1\/AUTH_59edd422c0c84a879bd37670ae4f538a\/internal_photos\/bs\/2020\/W\/i\/K1gQHuTpqd57EaL2GBmQ\/balao-certo.jpg 1x, https:\/\/s2.glbimg.com\/OimfPSIR_tqU6hVSinvvS6hXq50=\/0x0:500x379\/1200x0\/smart\/filters:strip_icc()\/i.s3.glbimg.com\/v1\/AUTH_59edd422c0c84a879bd37670ae4f538a\/internal_photos\/bs\/2020\/W\/i\/K1gQHuTpqd57EaL2GBmQ\/balao-certo.jpg 2x\" media=\"(max-width: 1024px)\" data-src=\"https:\/\/s2.glbimg.com\/ad5CWPS-5LXU5aKJ8F2bUvplia4=\/0x0:500x379\/600x0\/smart\/filters:strip_icc()\/i.s3.glbimg.com\/v1\/AUTH_59edd422c0c84a879bd37670ae4f538a\/internal_photos\/bs\/2020\/W\/i\/K1gQHuTpqd57EaL2GBmQ\/balao-certo.jpg 1x, https:\/\/s2.glbimg.com\/OimfPSIR_tqU6hVSinvvS6hXq50=\/0x0:500x379\/1200x0\/smart\/filters:strip_icc()\/i.s3.glbimg.com\/v1\/AUTH_59edd422c0c84a879bd37670ae4f538a\/internal_photos\/bs\/2020\/W\/i\/K1gQHuTpqd57EaL2GBmQ\/balao-certo.jpg 2x\" \/><source srcset=\"https:\/\/s2.glbimg.com\/BwZqJ9y_mWN7LvE7fbfeygDlJQE=\/0x0:500x379\/640x0\/smart\/filters:strip_icc()\/i.s3.glbimg.com\/v1\/AUTH_59edd422c0c84a879bd37670ae4f538a\/internal_photos\/bs\/2020\/W\/i\/K1gQHuTpqd57EaL2GBmQ\/balao-certo.jpg 1x, https:\/\/s2.glbimg.com\/FdGq1Lay18X1bjw2IwO_o6lp6V4=\/0x0:500x379\/1280x0\/smart\/filters:strip_icc()\/i.s3.glbimg.com\/v1\/AUTH_59edd422c0c84a879bd37670ae4f538a\/internal_photos\/bs\/2020\/W\/i\/K1gQHuTpqd57EaL2GBmQ\/balao-certo.jpg 2x\" media=\"(max-width: 1280px)\" data-src=\"https:\/\/s2.glbimg.com\/BwZqJ9y_mWN7LvE7fbfeygDlJQE=\/0x0:500x379\/640x0\/smart\/filters:strip_icc()\/i.s3.glbimg.com\/v1\/AUTH_59edd422c0c84a879bd37670ae4f538a\/internal_photos\/bs\/2020\/W\/i\/K1gQHuTpqd57EaL2GBmQ\/balao-certo.jpg 1x, https:\/\/s2.glbimg.com\/FdGq1Lay18X1bjw2IwO_o6lp6V4=\/0x0:500x379\/1280x0\/smart\/filters:strip_icc()\/i.s3.glbimg.com\/v1\/AUTH_59edd422c0c84a879bd37670ae4f538a\/internal_photos\/bs\/2020\/W\/i\/K1gQHuTpqd57EaL2GBmQ\/balao-certo.jpg 2x\" \/><source srcset=\"https:\/\/s2.glbimg.com\/N3FFolsAl0vlIlTPmRIL6wJAkCE=\/0x0:500x379\/984x0\/smart\/filters:strip_icc()\/i.s3.glbimg.com\/v1\/AUTH_59edd422c0c84a879bd37670ae4f538a\/internal_photos\/bs\/2020\/W\/i\/K1gQHuTpqd57EaL2GBmQ\/balao-certo.jpg 1x, https:\/\/s2.glbimg.com\/lxdOrdcAZXzrKkCEaTVv4iYOGy4=\/0x0:500x379\/1968x0\/smart\/filters:strip_icc()\/i.s3.glbimg.com\/v1\/AUTH_59edd422c0c84a879bd37670ae4f538a\/internal_photos\/bs\/2020\/W\/i\/K1gQHuTpqd57EaL2GBmQ\/balao-certo.jpg 2x\" media=\"(max-width: 1360px)\" data-src=\"https:\/\/s2.glbimg.com\/N3FFolsAl0vlIlTPmRIL6wJAkCE=\/0x0:500x379\/984x0\/smart\/filters:strip_icc()\/i.s3.glbimg.com\/v1\/AUTH_59edd422c0c84a879bd37670ae4f538a\/internal_photos\/bs\/2020\/W\/i\/K1gQHuTpqd57EaL2GBmQ\/balao-certo.jpg 1x, https:\/\/s2.glbimg.com\/lxdOrdcAZXzrKkCEaTVv4iYOGy4=\/0x0:500x379\/1968x0\/smart\/filters:strip_icc()\/i.s3.glbimg.com\/v1\/AUTH_59edd422c0c84a879bd37670ae4f538a\/internal_photos\/bs\/2020\/W\/i\/K1gQHuTpqd57EaL2GBmQ\/balao-certo.jpg 2x\" \/><source srcset=\"https:\/\/s2.glbimg.com\/Es4Iinr15sc7OeADY3mEI-aX5DA=\/0x0:500x379\/1000x0\/smart\/filters:strip_icc()\/i.s3.glbimg.com\/v1\/AUTH_59edd422c0c84a879bd37670ae4f538a\/internal_photos\/bs\/2020\/W\/i\/K1gQHuTpqd57EaL2GBmQ\/balao-certo.jpg 1x, https:\/\/s2.glbimg.com\/k1UUCGfT7ATtse-dxReThKtnK0k=\/0x0:500x379\/2000x0\/smart\/filters:strip_icc()\/i.s3.glbimg.com\/v1\/AUTH_59edd422c0c84a879bd37670ae4f538a\/internal_photos\/bs\/2020\/W\/i\/K1gQHuTpqd57EaL2GBmQ\/balao-certo.jpg 2x\" media=\"(min-width: 1361px)\" data-src=\"https:\/\/s2.glbimg.com\/Es4Iinr15sc7OeADY3mEI-aX5DA=\/0x0:500x379\/1000x0\/smart\/filters:strip_icc()\/i.s3.glbimg.com\/v1\/AUTH_59edd422c0c84a879bd37670ae4f538a\/internal_photos\/bs\/2020\/W\/i\/K1gQHuTpqd57EaL2GBmQ\/balao-certo.jpg 1x, https:\/\/s2.glbimg.com\/k1UUCGfT7ATtse-dxReThKtnK0k=\/0x0:500x379\/2000x0\/smart\/filters:strip_icc()\/i.s3.glbimg.com\/v1\/AUTH_59edd422c0c84a879bd37670ae4f538a\/internal_photos\/bs\/2020\/W\/i\/K1gQHuTpqd57EaL2GBmQ\/balao-certo.jpg 2x\" \/><source srcset=\"https:\/\/s2.glbimg.com\/N3FFolsAl0vlIlTPmRIL6wJAkCE=\/0x0:500x379\/984x0\/smart\/filters:strip_icc()\/i.s3.glbimg.com\/v1\/AUTH_59edd422c0c84a879bd37670ae4f538a\/internal_photos\/bs\/2020\/W\/i\/K1gQHuTpqd57EaL2GBmQ\/balao-certo.jpg\" data-src=\"https:\/\/s2.glbimg.com\/N3FFolsAl0vlIlTPmRIL6wJAkCE=\/0x0:500x379\/984x0\/smart\/filters:strip_icc()\/i.s3.glbimg.com\/v1\/AUTH_59edd422c0c84a879bd37670ae4f538a\/internal_photos\/bs\/2020\/W\/i\/K1gQHuTpqd57EaL2GBmQ\/balao-certo.jpg\" \/><img decoding=\"async\" class=\"image content-media__image progressive-loaded\" title=\"V\u00eddeo mostra queda de bal\u00e3o que deixou dois mortos em Ibitinga \u2014 Foto: Arquivo pessoal\" src=\"https:\/\/s2.glbimg.com\/N3FFolsAl0vlIlTPmRIL6wJAkCE=\/0x0:500x379\/984x0\/smart\/filters:strip_icc()\/i.s3.glbimg.com\/v1\/AUTH_59edd422c0c84a879bd37670ae4f538a\/internal_photos\/bs\/2020\/W\/i\/K1gQHuTpqd57EaL2GBmQ\/balao-certo.jpg\" alt=\"V\u00eddeo mostra queda de bal\u00e3o que deixou dois mortos em Ibitinga \u2014 Foto: Arquivo pessoal\" data-src=\"https:\/\/s2.glbimg.com\/N3FFolsAl0vlIlTPmRIL6wJAkCE=\/0x0:500x379\/984x0\/smart\/filters:strip_icc()\/i.s3.glbimg.com\/v1\/AUTH_59edd422c0c84a879bd37670ae4f538a\/internal_photos\/bs\/2020\/W\/i\/K1gQHuTpqd57EaL2GBmQ\/balao-certo.jpg\" \/><\/picture><\/div>\n<p class=\"content-media__description \" style=\"text-align: justify;\">V\u00eddeo mostra queda de bal\u00e3o que deixou dois mortos em Ibitinga \u2014 Foto: Arquivo pessoal<\/p>\n<p class=\"content-media__description \" style=\"text-align: justify;\"><span style=\"font-family: inherit; font-size: inherit; font-style: inherit; font-variant-ligatures: inherit; font-variant-caps: inherit; font-weight: inherit; text-align: center;\">Um v\u00eddeo que circula nas redes sociais mostra o momento da <\/span><a style=\"font-family: inherit; font-size: inherit; font-style: inherit; font-variant-ligatures: inherit; font-variant-caps: inherit; font-weight: inherit; text-align: center;\" href=\"https:\/\/g1.globo.com\/sp\/bauru-marilia\/noticia\/2020\/04\/11\/queda-de-balao-deixa-dois-mortos-em-ibitinga.ghtml\">queda do bal\u00e3o que deixou dois mortos na manh\u00e3 deste s\u00e1bado (11)<\/a><span style=\"font-family: inherit; font-size: inherit; font-style: inherit; font-variant-ligatures: inherit; font-variant-caps: inherit; font-weight: inherit; text-align: center;\">, na \u00e1rea central de Ibitinga (SP).<\/span><\/p>\n<\/div>\n<\/div>\n<div class=\"wall protected-content\">\n<div class=\"mc-column content-text active-extra-styles \" style=\"text-align: justify;\" data-block-type=\"unstyled\" data-block-weight=\"58\" data-block-id=\"3\">\n<p class=\"content-text__container \" data-track-category=\"Link no Texto\" data-track-links=\"\">De acordo com o Corpo de Bombeiros, o piloto Rodolpho Tozzi, de 32 anos, e o jovem Fl\u00e1vio Ferrari, de 19 anos, estavam em um voo de bal\u00e3o por volta das 7h, quando houve a queda em uma \u00e1rea de reserva, nos fundos de uma casa na rua Doutor Teixeira. Ainda n\u00e3o se sabe a causa do acidente.<\/p>\n<\/div>\n<div class=\"mc-column content-media content-video\" style=\"text-align: justify;\" data-block-type=\"backstage-video\" data-block-id=\"5\">\n<div class=\"content-media__container\">\n<div class=\"content-video__bigger-player-description-fixer content-media__container--loaded\">\n<div class=\"content-video__placeholder\" data-video-id=\"8474752\"><img decoding=\"async\" class=\"content-video__placeholder__thumb\" title=\"V\u00eddeo mostra queda de bal\u00e3o que deixou dois mortos no interior de SP\" src=\"https:\/\/s01.video.glbimg.com\/x720\/8474752.jpg\" alt=\"V\u00eddeo mostra queda de bal\u00e3o que deixou dois mortos no interior de SP\" \/><\/div>\n<\/div>\n<p class=\"content-media__description\">V\u00eddeo mostra queda de bal\u00e3o que deixou dois mortos no interior de SP<\/p>\n<\/div>\n<\/div>\n<div class=\"mc-column content-text active-extra-styles \" style=\"text-align: justify;\" data-block-type=\"unstyled\" data-block-weight=\"23\" data-block-id=\"7\">\n<p class=\"content-text__container \" data-track-category=\"Link no Texto\" data-track-links=\"\">Ainda segundo a corpora\u00e7\u00e3o, as v\u00edtimas chegaram a ser socorridas a uma Unidade de Pronto Atendimento (UPA), mas n\u00e3o resistiram aos ferimentos.<\/p>\n<\/div>\n<div class=\"mc-column content-text active-extra-styles \" style=\"text-align: justify;\" data-block-type=\"unstyled\" data-block-weight=\"32\" data-block-id=\"8\">\n<p class=\"content-text__container \" data-track-category=\"Link no Texto\" data-track-links=\"\">Um boletim de ocorr\u00eancia foi registrado na delegacia de Ibitinga e a Pol\u00edcia Civil investiga o caso. As equipes do Centro de Investiga\u00e7\u00e3o e Preven\u00e7\u00e3o de Acidentes Aeron\u00e1uticos (Cenipa) tamb\u00e9m foram acionadas.<\/p>\n<\/div>\n<div class=\"mc-column content-media content-video\" style=\"text-align: justify;\" data-block-type=\"backstage-video\" data-block-id=\"9\">\n<div class=\"content-media__container\">\n<div class=\"content-video__bigger-player-description-fixer content-media__container--loaded\">\n<div class=\"content-video__video\">\n<div id=\"wp3-player-3\" class=\"nocursor clappr-player\" tabindex=\"9999\" data-player=\"\">\n<div class=\"media-control media-control-hide\">\n<div class=\"media-control-panel\">\n<div class=\"media-control-panel__lower\" data-controls=\"\">\n<div class=\"opposites-container\">\n<div class=\"media-control-position__left\">\n<div class=\"dfp-countdown media-control-element dfp-countdown--hidden\"><img decoding=\"async\" class=\"content-video__placeholder__thumb\" title=\"Cenipa investiga causas do acidente de bal\u00e3o que deixou dois mortos em Ibitinga\" src=\"https:\/\/s01.video.glbimg.com\/x720\/8476036.jpg\" alt=\"Cenipa investiga causas do acidente de bal\u00e3o que deixou dois mortos em Ibitinga\" \/><\/div>\n<\/div>\n<\/div>\n<\/div>\n<\/div>\n<\/div>\n<\/div>\n<\/div>\n<\/div>\n<p class=\"content-media__description\">Cenipa investiga causas do acidente de bal\u00e3o que deixou dois mortos em Ibitinga<\/p>\n<\/div>\n<\/div>\n<div class=\"mc-column content-text active-extra-styles \" style=\"text-align: justify;\" data-block-type=\"unstyled\" data-block-weight=\"36\" data-block-id=\"10\">\n<p class=\"content-text__container \" data-track-category=\"Link no Texto\" data-track-links=\"\">O presidente da Confedera\u00e7\u00e3o Brasileira de Balonismo, Johnny Alvarez, foi at\u00e9 Ibitinga para fazer uma pr\u00e9-an\u00e1lise do que aconteceu junto com o Cenipa, mas ele informou que n\u00e3o encontrou nada que pudesse estar errado no bal\u00e3o.<\/p>\n<\/div>\n<div class=\"row medium-uncollapsed content-media content-photo\" style=\"text-align: justify;\" data-block-type=\"backstage-photo\" data-block-id=\"11\">\n<div class=\"mc-column content-media__container\">\n<div class=\"progressive-img can-open-lightbox\" data-min-size=\"1008x587\" data-min-size-url=\"https:\/\/s2.glbimg.com\/jBwDvOs6LSeN2CBvI-j3ps3_bK0=\/0x0:1030x600\/1008x0\/smart\/filters:strip_icc()\/i.s3.glbimg.com\/v1\/AUTH_59edd422c0c84a879bd37670ae4f538a\/internal_photos\/bs\/2020\/0\/t\/gWPpBxQXyWPTnEDytpBA\/1586607806888453.jpg\" data-max-size=\"1600x932\" data-max-size-url=\"https:\/\/s2.glbimg.com\/KxA_GC8p51Y-aiFuuXgwLF8CNuE=\/0x0:1030x600\/1600x0\/smart\/filters:strip_icc()\/i.s3.glbimg.com\/v1\/AUTH_59edd422c0c84a879bd37670ae4f538a\/internal_photos\/bs\/2020\/0\/t\/gWPpBxQXyWPTnEDytpBA\/1586607806888453.jpg\" data-media-index=\"1\"><picture><img decoding=\"async\" class=\"image content-media__image progressive-loaded\" title=\"Rodolpho Tozzi e Fl\u00e1vio Ferrari morreram em queda de bal\u00e3o \u2014 Foto: Reprodu\u00e7\u00e3o\/Facebook\" src=\"https:\/\/s2.glbimg.com\/IiKZR7EJCmsXpZu5dlPhVU5H45M=\/0x0:1030x600\/984x0\/smart\/filters:strip_icc()\/i.s3.glbimg.com\/v1\/AUTH_59edd422c0c84a879bd37670ae4f538a\/internal_photos\/bs\/2020\/0\/t\/gWPpBxQXyWPTnEDytpBA\/1586607806888453.jpg\" alt=\"Rodolpho Tozzi e Fl\u00e1vio Ferrari morreram em queda de bal\u00e3o \u2014 Foto: Reprodu\u00e7\u00e3o\/Facebook\" data-src=\"https:\/\/s2.glbimg.com\/IiKZR7EJCmsXpZu5dlPhVU5H45M=\/0x0:1030x600\/984x0\/smart\/filters:strip_icc()\/i.s3.glbimg.com\/v1\/AUTH_59edd422c0c84a879bd37670ae4f538a\/internal_photos\/bs\/2020\/0\/t\/gWPpBxQXyWPTnEDytpBA\/1586607806888453.jpg\" \/><\/picture><\/div>\n<p class=\"content-media__description \">Rodolpho Tozzi e Fl\u00e1vio Ferrari morreram em queda de bal\u00e3o \u2014 Foto: Reprodu\u00e7\u00e3o\/Facebook<\/p>\n<\/div>\n<\/div>\n<div class=\"mc-column content-text active-extra-styles \" style=\"text-align: justify;\" data-block-type=\"unstyled\" data-block-weight=\"34\" data-block-id=\"12\">\n<p class=\"content-text__container \" data-track-category=\"Link no Texto\" data-track-links=\"\">Por isso, Johnny explicou que o bal\u00e3o foi lacrado e ser\u00e1 levado para Boituva, onde uma equipe especializada far\u00e1 uma revista completa. Segundo Johnny, o laudo deve sair em cerca de 20 dias.<\/p>\n<\/div>\n<div class=\"mc-column content-text active-extra-styles \" style=\"text-align: justify;\" data-block-type=\"unstyled\" data-block-weight=\"53\" data-block-id=\"14\">\n<p class=\"content-text__container \" data-track-category=\"Link no Texto\" data-track-links=\"\">O presidente da Confedera\u00e7\u00e3o informou que ele achava que poderia ter sido uma falha no sistema de combust\u00edvel, mas no local, viu que n\u00e3o foi este o problema. Ele tamb\u00e9m n\u00e3o acredita que o piloto tenha sofrido um mal s\u00fabito porque eles fazem exames f\u00edsicos constantemente e o do Rodolpho estava em dia.<\/p>\n<\/div>\n<div class=\"mc-column content-text active-extra-styles\" style=\"text-align: justify;\" data-block-type=\"raw\" data-block-weight=\"3\" data-block-id=\"15\">\n<div class=\"content-intertitle\">\n<h2>Hist\u00f3rico de balonismo<\/h2>\n<\/div>\n<\/div>\n<div class=\"mc-column content-text active-extra-styles \" style=\"text-align: justify;\" data-block-type=\"unstyled\" data-block-weight=\"38\" data-block-id=\"16\">\n<p class=\"content-text__container \" data-track-category=\"Link no Texto\" data-track-links=\"\">Johnny conhecia o Rodolpho desde crian\u00e7a e declarou que o acidente foi uma fatalidade grande para o esporte porque ele era um piloto muito querido. Ele e o pai, Amarildo Tozzi, foram precursores do balonismo em Ibitinga.<\/p>\n<\/div>\n<div class=\"mc-column content-text active-extra-styles \" data-block-type=\"unstyled\" data-block-weight=\"51\" data-block-id=\"17\">\n<p class=\"content-text__container \" style=\"text-align: justify;\" data-track-category=\"Link no Texto\" data-track-links=\"\">Rodolpho era piloto de bal\u00e3o havia cerca de 10 anos e j\u00e1 participou de diversos campeonatos. O pai dele foi campe\u00e3o no Festival Internacional de bal\u00f5es em S\u00e3o Miguel das Miss\u00f5es, Rio Grande do Sul, no ano passado, e est\u00e1 em oitavo ligar no ranking nacional da Confedera\u00e7\u00e3o Brasileira de Balonismo<\/p>\n<p style=\"text-align: justify;\">https:\/\/g1.globo.com\/sp\/bauru-marilia\/noticia\/2020\/04\/11\/video-mostra-queda-de-balao-que-deixou-dois-mortos-no-interior-de-sp.ghtml<\/p>\n<\/div>\n<div class=\"mc-column content-media content-video\" data-block-type=\"backstage-video\" data-block-id=\"18\">\n<div class=\"content-media__container\">\n<div class=\"content-video__bigger-player-description-fixer content-media__container--loaded\">\n<div class=\"content-video__video\">\n<div id=\"wp3-player-4\" class=\"nocursor clappr-player\" tabindex=\"9999\" data-player=\"\">\n<div class=\"container master-container pointer-enabled\" data-container=\"\" data-pip=\"\">\n<div class=\"poster\">\n<div class=\"poster__background\"><\/div>\n<div class=\"poster__background-overlay\"><\/div>\n<div class=\"poster__play-wrapper\"><\/div>\n<\/div>\n<div class=\"id-playback\" data-id-playback=\"\"><\/div>\n<\/div>\n<div class=\"media-control media-control-hide\">\n<div class=\"media-control-panel\">\n<div class=\"media-control-panel__back-layer\">\n<div class=\"media-control-position__left\"><\/div>\n<div class=\"media-control-position__center\"><\/div>\n<div class=\"media-control-position__right\"><\/div>\n<\/div>\n<div class=\"media-control-panel__upper\">\n<div class=\"opposites-container\">\n<div class=\"media-control-position__left\"><\/div>\n<div class=\"media-control-position__right\"><\/div>\n<\/div>\n<div class=\"media-control-position__center\"><\/div>\n<\/div>\n<div class=\"media-control-panel__middle\">\n<div class=\"media-control-position__left\"><\/div>\n<div class=\"media-control-position__center\"><\/div>\n<div class=\"media-control-position__right\"><\/div>\n<div class=\"quick-seek hidden media-control-element\">\n<div class=\"quick-seek-container\">\n<div class=\"quick-seek-placeholder quick-seek-placeholder--left\">\n<div class=\"quick-seek-placeholder-background quick-seek-placeholder-background--left\"><\/div>\n<div class=\"quick-seek-arrow-placeholder\"><\/div>\n<\/div>\n<div class=\"quick-seek-placeholder quick-seek-placeholder--right\">\n<div class=\"quick-seek-placeholder-background quick-seek-placeholder-background--right\"><\/div>\n<div class=\"quick-seek-arrow-placeholder\"><\/div>\n<\/div>\n<\/div>\n<\/div>\n<\/div>\n<div class=\"media-control-panel__between\">\n<div class=\"media-control-position__left\"><\/div>\n<div class=\"media-control-position__center\"><\/div>\n<div class=\"media-control-position__right\"><\/div>\n<p><button class=\"media-control-button skip-button skip-button--live_button skip-button--hidden media-control-element\" data-skip-button=\"\"><\/button><button class=\"media-control-button skip-button skip-button--recap skip-button--hidden media-control-element\" data-skip-button=\"\"><\/button><button class=\"media-control-button skip-button skip-button--intro skip-button--hidden media-control-element\" data-skip-button=\"\"><\/button><button class=\"media-control-button skip-button skip-button--left skip-button--start_over skip-button--hidden media-control-element\" data-skip-button=\"\"><\/button><\/div>\n<div class=\"media-control-panel__lower\" data-controls=\"\">\n<div class=\"media-control-position__center\">\n<div class=\"bar-container media-control-element\" data-seekbar=\"\">\n<div class=\"bar-background\" data-seekbar=\"\">\n<div class=\"bar-fill-1\" data-seekbar=\"\"><\/div>\n<div class=\"bar-fill-2\" data-seekbar=\"\"><\/div>\n<\/div>\n<div class=\"bar-scrubber\" data-seekbar=\"\">\n<div class=\"bar-scrubber-icon\" data-seekbar=\"\"><\/div>\n<\/div>\n<div class=\"thumb-preview thumb-preview--hidden\">\n<div class=\"thumb-preview__thumb\"><\/div>\n<div class=\"thumb-preview__position\"><\/div>\n<\/div>\n<\/div>\n<div class=\"bar-container__placeholder\"><\/div>\n<\/div>\n<div class=\"opposites-container\">\n<div class=\"media-control-position__left\"><button class=\"media-control-button play media-control-element\" data-playpause=\"\" aria-label=\"play\"><\/button><\/p>\n<div class=\"time-indicator media-control-element\"><span data-position=\"\">&#8211;:&#8211;<\/span><span class=\"separator\">\/<\/span><span data-duration=\"\">&#8211;:&#8211;<\/span><\/div>\n<div class=\"dfp-countdown media-control-element dfp-countdown--hidden\"><\/div>\n<\/div>\n<div class=\"media-control-position__between\">\n<div class=\"quick-seek-hint hidden media-control-element\"><\/div>\n<\/div>\n<div class=\"media-control-position__right\">\n<div class=\"drawer-container volume-hide media-control-element\" data-volume=\"\">\n<div class=\"drawer-icon-container\" data-volume=\"\"><\/div>\n<div class=\"bar-container\" data-volume=\"\">\n<div class=\"bar-background\" data-volume=\"\">\n<div class=\"bar-fill-1\" data-volume=\"\"><\/div>\n<div class=\"bar-hover\" data-volume=\"\"><\/div>\n<\/div>\n<div class=\"bar-scrubber\" data-volume=\"\">\n<div class=\"bar-scrubber-icon\" data-volume=\"\"><\/div>\n<\/div>\n<\/div>\n<\/div>\n<p><button class=\"media-control-button media-control-element\" data-fullscreen=\"\" aria-label=\"fullscreen\"><\/button><\/div>\n<\/div>\n<\/div>\n<div class=\"media-control-panel__front-layer\">\n<div class=\"media-control-position__left\"><\/div>\n<div class=\"media-control-position__center\"><\/div>\n<div class=\"media-control-position__right\"><\/div>\n<\/div>\n<div class=\"media-control-panel__modal\"><\/div>\n<\/div>\n<\/div>\n<\/div>\n<\/div>\n<div class=\"content-video__height\"><\/div>\n<div class=\"content-video__placeholder\" data-video-id=\"8474908\"><img decoding=\"async\" class=\"content-video__placeholder__thumb\" title=\"Queda de bal\u00e3o deixa dois mortos na \u00e1rea central de Ibitinga\" src=\"https:\/\/s01.video.glbimg.com\/x720\/8474908.jpg\" alt=\"Queda de bal\u00e3o deixa dois mortos na \u00e1rea central de Ibitinga\" \/><\/div>\n<\/div>\n<p class=\"content-media__description\">Queda de bal\u00e3o deixa dois mortos na \u00e1rea central de Ibitinga<\/p>\n<\/div>\n<\/div>\n<\/div>\n","protected":false},"excerpt":{"rendered":"<p>Nas imagens, \u00e9 poss\u00edvel ver o bal\u00e3o descendo e murchando na \u00e1rea central da cidade. Piloto de 32 anos e um jovem de 19 anos morreram; Pol\u00edcia Civil investigar\u00e1 as causas. V\u00eddeo mostra queda de bal\u00e3o que deixou dois mortos em Ibitinga \u2014 Foto: Arquivo pessoal Um v\u00eddeo que circula nas redes sociais mostra o [&hellip;]<\/p>\n","protected":false},"author":1,"featured_media":23572,"comment_status":"closed","ping_status":"open","sticky":false,"template":"","format":"standard","meta":{"footnotes":""},"categories":[170,110],"tags":[],"class_list":["post-23571","post","type-post","status-publish","format-standard","has-post-thumbnail","hentry","category-acidentes","category-noticiasdestaque"],"_links":{"self":[{"href":"https:\/\/jorgezanoni.com.br\/2019\/wp-json\/wp\/v2\/posts\/23571","targetHints":{"allow":["GET"]}}],"collection":[{"href":"https:\/\/jorgezanoni.com.br\/2019\/wp-json\/wp\/v2\/posts"}],"about":[{"href":"https:\/\/jorgezanoni.com.br\/2019\/wp-json\/wp\/v2\/types\/post"}],"author":[{"embeddable":true,"href":"https:\/\/jorgezanoni.com.br\/2019\/wp-json\/wp\/v2\/users\/1"}],"replies":[{"embeddable":true,"href":"https:\/\/jorgezanoni.com.br\/2019\/wp-json\/wp\/v2\/comments?post=23571"}],"version-history":[{"count":0,"href":"https:\/\/jorgezanoni.com.br\/2019\/wp-json\/wp\/v2\/posts\/23571\/revisions"}],"wp:featuredmedia":[{"embeddable":true,"href":"https:\/\/jorgezanoni.com.br\/2019\/wp-json\/wp\/v2\/media\/23572"}],"wp:attachment":[{"href":"https:\/\/jorgezanoni.com.br\/2019\/wp-json\/wp\/v2\/media?parent=23571"}],"wp:term":[{"taxonomy":"category","embeddable":true,"href":"https:\/\/jorgezanoni.com.br\/2019\/wp-json\/wp\/v2\/categories?post=23571"},{"taxonomy":"post_tag","embeddable":true,"href":"https:\/\/jorgezanoni.com.br\/2019\/wp-json\/wp\/v2\/tags?post=23571"}],"curies":[{"name":"wp","href":"https:\/\/api.w.org\/{rel}","templated":true}]}}