{"id":23568,"date":"2020-04-12T00:48:10","date_gmt":"2020-04-12T00:48:10","guid":{"rendered":"https:\/\/jorgezanoni.com.br\/2019\/?p=23568"},"modified":"2020-04-12T00:48:10","modified_gmt":"2020-04-12T00:48:10","slug":"ondas-de-forte-ressaca-causam-destruicao-em-praias-do-litoral-de-sp","status":"publish","type":"post","link":"https:\/\/jorgezanoni.com.br\/2019\/ondas-de-forte-ressaca-causam-destruicao-em-praias-do-litoral-de-sp\/","title":{"rendered":"Ondas de forte ressaca causam destrui\u00e7\u00e3o em praias do litoral de SP"},"content":{"rendered":"<h2 class=\"content-head__subtitle\" style=\"text-align: justify;\"><strong>Poste foi derrubado, tubo de condu\u00edte ficou exposto, placas de concreto foram levantadas e cal\u00e7adas ficaram totalmente destru\u00eddas na Baixada Santista.<\/strong><\/h2>\n<div class=\"mc-column content-text active-extra-styles \" data-block-type=\"unstyled\" data-block-weight=\"52\" data-block-id=\"2\">\n<p class=\"content-text__container \" style=\"text-align: justify;\" data-track-category=\"Link no Texto\" data-track-links=\"\">A forte\u00a0<a href=\"https:\/\/g1.globo.com\/sp\/santos-regiao\/noticia\/2020\/04\/08\/ressaca-atinge-o-litoral-de-sp-e-mar-invade-avenidas-video.ghtml\">ressaca que atingiu as praias da Baixada Santista<\/a>, no litoral paulista, deixou cal\u00e7adas e estruturas de concreto totalmente destru\u00eddas com a for\u00e7a da mar\u00e9. Com o volume de \u00e1gua,\u00a0<a href=\"https:\/\/g1.globo.com\/sp\/santos-regiao\/noticia\/2020\/04\/11\/drone-flagra-mar-tomando-conta-de-praia-e-avenidas-em-sp-imagem-impressiona.ghtml\">faixas de areia de diversas cidades desapareceram<\/a>\u00a0e ruas chegaram a ficar alagadas. Os preju\u00edzos ainda est\u00e3o sendo calculados pelas prefeituras.<\/p>\n<\/div>\n<div class=\"wall protected-content\">\n<div class=\"mc-column content-text active-extra-styles \" data-block-type=\"unstyled\" data-block-weight=\"43\" data-block-id=\"3\">\n<p class=\"content-text__container \" style=\"text-align: justify;\" data-track-category=\"Link no Texto\" data-track-links=\"\">Em Mongagu\u00e1, imagens gravadas por uma moradora da Vila S\u00e3o Paulo mostram um poste de energia el\u00e9trica sendo derrubado pelas fortes ondas que atingiram a regi\u00e3o desde quarta-feira (8). A Prefeitura de Mongagu\u00e1 informou que t\u00e9cnicos checaram os estragos.<\/p>\n<p style=\"text-align: justify;\" data-track-category=\"Link no Texto\" data-track-links=\"\">A Plataforma de Pesca Amadora da cidade ficou totalmente destru\u00edda ap\u00f3s as fortes ondas atingirem as estruturas de concreto. As ocorr\u00eancias registradas pela Defesa Civil da cidade foram quedas de alguns postes de luz e danos em alguns quiosques, ao longo da avenida M\u00e1rio Covas J\u00fanior, tamb\u00e9m conhecida como Avenida do Mar. Nenhuma rua foi interditada.<\/p>\n<div class=\"row medium-uncollapsed content-media content-photo\" style=\"text-align: justify;\" data-block-type=\"backstage-photo\" data-block-id=\"7\">\n<div class=\"mc-column content-media__container\">\n<div class=\"progressive-img can-open-lightbox\" data-min-size=\"1008x756\" data-min-size-url=\"https:\/\/s2.glbimg.com\/4nJzT42Su9hQCwJdWTsKr8QFyEo=\/0x0:960x720\/1008x0\/smart\/filters:strip_icc()\/i.s3.glbimg.com\/v1\/AUTH_59edd422c0c84a879bd37670ae4f538a\/internal_photos\/bs\/2020\/i\/R\/cvoBzeTpAc8hHIwyHIUA\/plataforma-mongagua.jpg\" data-max-size=\"1600x1200\" data-max-size-url=\"https:\/\/s2.glbimg.com\/WzGVV6bHxRoVGxygqiZKL7R3In0=\/0x0:960x720\/1600x0\/smart\/filters:strip_icc()\/i.s3.glbimg.com\/v1\/AUTH_59edd422c0c84a879bd37670ae4f538a\/internal_photos\/bs\/2020\/i\/R\/cvoBzeTpAc8hHIwyHIUA\/plataforma-mongagua.jpg\" data-media-index=\"1\"><picture><source srcset=\"https:\/\/s2.glbimg.com\/uCflkMRIyZT3J-rca294609CCpI=\/0x0:960x720\/600x0\/smart\/filters:strip_icc()\/i.s3.glbimg.com\/v1\/AUTH_59edd422c0c84a879bd37670ae4f538a\/internal_photos\/bs\/2020\/i\/R\/cvoBzeTpAc8hHIwyHIUA\/plataforma-mongagua.jpg 1x, https:\/\/s2.glbimg.com\/hzU5AVxBelXZylDC0eqcKLHfuIo=\/0x0:960x720\/1200x0\/smart\/filters:strip_icc()\/i.s3.glbimg.com\/v1\/AUTH_59edd422c0c84a879bd37670ae4f538a\/internal_photos\/bs\/2020\/i\/R\/cvoBzeTpAc8hHIwyHIUA\/plataforma-mongagua.jpg 2x\" media=\"(max-width: 1024px)\" data-src=\"https:\/\/s2.glbimg.com\/uCflkMRIyZT3J-rca294609CCpI=\/0x0:960x720\/600x0\/smart\/filters:strip_icc()\/i.s3.glbimg.com\/v1\/AUTH_59edd422c0c84a879bd37670ae4f538a\/internal_photos\/bs\/2020\/i\/R\/cvoBzeTpAc8hHIwyHIUA\/plataforma-mongagua.jpg 1x, https:\/\/s2.glbimg.com\/hzU5AVxBelXZylDC0eqcKLHfuIo=\/0x0:960x720\/1200x0\/smart\/filters:strip_icc()\/i.s3.glbimg.com\/v1\/AUTH_59edd422c0c84a879bd37670ae4f538a\/internal_photos\/bs\/2020\/i\/R\/cvoBzeTpAc8hHIwyHIUA\/plataforma-mongagua.jpg 2x\" \/><source srcset=\"https:\/\/s2.glbimg.com\/9-pIweZVazcxqyPqI4BXfVsSwYU=\/0x0:960x720\/640x0\/smart\/filters:strip_icc()\/i.s3.glbimg.com\/v1\/AUTH_59edd422c0c84a879bd37670ae4f538a\/internal_photos\/bs\/2020\/i\/R\/cvoBzeTpAc8hHIwyHIUA\/plataforma-mongagua.jpg 1x, https:\/\/s2.glbimg.com\/76OhrKT2Ypd4D-opNVDSbKdMwiw=\/0x0:960x720\/1280x0\/smart\/filters:strip_icc()\/i.s3.glbimg.com\/v1\/AUTH_59edd422c0c84a879bd37670ae4f538a\/internal_photos\/bs\/2020\/i\/R\/cvoBzeTpAc8hHIwyHIUA\/plataforma-mongagua.jpg 2x\" media=\"(max-width: 1280px)\" data-src=\"https:\/\/s2.glbimg.com\/9-pIweZVazcxqyPqI4BXfVsSwYU=\/0x0:960x720\/640x0\/smart\/filters:strip_icc()\/i.s3.glbimg.com\/v1\/AUTH_59edd422c0c84a879bd37670ae4f538a\/internal_photos\/bs\/2020\/i\/R\/cvoBzeTpAc8hHIwyHIUA\/plataforma-mongagua.jpg 1x, https:\/\/s2.glbimg.com\/76OhrKT2Ypd4D-opNVDSbKdMwiw=\/0x0:960x720\/1280x0\/smart\/filters:strip_icc()\/i.s3.glbimg.com\/v1\/AUTH_59edd422c0c84a879bd37670ae4f538a\/internal_photos\/bs\/2020\/i\/R\/cvoBzeTpAc8hHIwyHIUA\/plataforma-mongagua.jpg 2x\" \/><source srcset=\"https:\/\/s2.glbimg.com\/bYaILF8wZ4ZzdS8p9JHkMcnTVyM=\/0x0:960x720\/984x0\/smart\/filters:strip_icc()\/i.s3.glbimg.com\/v1\/AUTH_59edd422c0c84a879bd37670ae4f538a\/internal_photos\/bs\/2020\/i\/R\/cvoBzeTpAc8hHIwyHIUA\/plataforma-mongagua.jpg 1x, https:\/\/s2.glbimg.com\/jwyiMhfFR-XCaT5Rpnm0jmhMpEY=\/0x0:960x720\/1968x0\/smart\/filters:strip_icc()\/i.s3.glbimg.com\/v1\/AUTH_59edd422c0c84a879bd37670ae4f538a\/internal_photos\/bs\/2020\/i\/R\/cvoBzeTpAc8hHIwyHIUA\/plataforma-mongagua.jpg 2x\" media=\"(max-width: 1360px)\" data-src=\"https:\/\/s2.glbimg.com\/bYaILF8wZ4ZzdS8p9JHkMcnTVyM=\/0x0:960x720\/984x0\/smart\/filters:strip_icc()\/i.s3.glbimg.com\/v1\/AUTH_59edd422c0c84a879bd37670ae4f538a\/internal_photos\/bs\/2020\/i\/R\/cvoBzeTpAc8hHIwyHIUA\/plataforma-mongagua.jpg 1x, https:\/\/s2.glbimg.com\/jwyiMhfFR-XCaT5Rpnm0jmhMpEY=\/0x0:960x720\/1968x0\/smart\/filters:strip_icc()\/i.s3.glbimg.com\/v1\/AUTH_59edd422c0c84a879bd37670ae4f538a\/internal_photos\/bs\/2020\/i\/R\/cvoBzeTpAc8hHIwyHIUA\/plataforma-mongagua.jpg 2x\" \/><source srcset=\"https:\/\/s2.glbimg.com\/e8F1tn_KGQS76pP186PA2MWP-2c=\/0x0:960x720\/1000x0\/smart\/filters:strip_icc()\/i.s3.glbimg.com\/v1\/AUTH_59edd422c0c84a879bd37670ae4f538a\/internal_photos\/bs\/2020\/i\/R\/cvoBzeTpAc8hHIwyHIUA\/plataforma-mongagua.jpg 1x, https:\/\/s2.glbimg.com\/59Vh5sPNnQ-mMCz4n2_LbbMdZNc=\/0x0:960x720\/2000x0\/smart\/filters:strip_icc()\/i.s3.glbimg.com\/v1\/AUTH_59edd422c0c84a879bd37670ae4f538a\/internal_photos\/bs\/2020\/i\/R\/cvoBzeTpAc8hHIwyHIUA\/plataforma-mongagua.jpg 2x\" media=\"(min-width: 1361px)\" data-src=\"https:\/\/s2.glbimg.com\/e8F1tn_KGQS76pP186PA2MWP-2c=\/0x0:960x720\/1000x0\/smart\/filters:strip_icc()\/i.s3.glbimg.com\/v1\/AUTH_59edd422c0c84a879bd37670ae4f538a\/internal_photos\/bs\/2020\/i\/R\/cvoBzeTpAc8hHIwyHIUA\/plataforma-mongagua.jpg 1x, https:\/\/s2.glbimg.com\/59Vh5sPNnQ-mMCz4n2_LbbMdZNc=\/0x0:960x720\/2000x0\/smart\/filters:strip_icc()\/i.s3.glbimg.com\/v1\/AUTH_59edd422c0c84a879bd37670ae4f538a\/internal_photos\/bs\/2020\/i\/R\/cvoBzeTpAc8hHIwyHIUA\/plataforma-mongagua.jpg 2x\" \/><source srcset=\"https:\/\/s2.glbimg.com\/bYaILF8wZ4ZzdS8p9JHkMcnTVyM=\/0x0:960x720\/984x0\/smart\/filters:strip_icc()\/i.s3.glbimg.com\/v1\/AUTH_59edd422c0c84a879bd37670ae4f538a\/internal_photos\/bs\/2020\/i\/R\/cvoBzeTpAc8hHIwyHIUA\/plataforma-mongagua.jpg\" data-src=\"https:\/\/s2.glbimg.com\/bYaILF8wZ4ZzdS8p9JHkMcnTVyM=\/0x0:960x720\/984x0\/smart\/filters:strip_icc()\/i.s3.glbimg.com\/v1\/AUTH_59edd422c0c84a879bd37670ae4f538a\/internal_photos\/bs\/2020\/i\/R\/cvoBzeTpAc8hHIwyHIUA\/plataforma-mongagua.jpg\" \/><img decoding=\"async\" class=\"image content-media__image progressive-loaded\" title=\"Plataforma Amadora de Pesca ficou destru\u00edda ap\u00f3s ressaca. \u2014 Foto: Reprodu\u00e7\u00e3o\/Mongagu\u00e1 na Tela\" src=\"https:\/\/s2.glbimg.com\/bYaILF8wZ4ZzdS8p9JHkMcnTVyM=\/0x0:960x720\/984x0\/smart\/filters:strip_icc()\/i.s3.glbimg.com\/v1\/AUTH_59edd422c0c84a879bd37670ae4f538a\/internal_photos\/bs\/2020\/i\/R\/cvoBzeTpAc8hHIwyHIUA\/plataforma-mongagua.jpg\" alt=\"Plataforma Amadora de Pesca ficou destru\u00edda ap\u00f3s ressaca. \u2014 Foto: Reprodu\u00e7\u00e3o\/Mongagu\u00e1 na Tela\" data-src=\"https:\/\/s2.glbimg.com\/bYaILF8wZ4ZzdS8p9JHkMcnTVyM=\/0x0:960x720\/984x0\/smart\/filters:strip_icc()\/i.s3.glbimg.com\/v1\/AUTH_59edd422c0c84a879bd37670ae4f538a\/internal_photos\/bs\/2020\/i\/R\/cvoBzeTpAc8hHIwyHIUA\/plataforma-mongagua.jpg\" \/><\/picture><\/div>\n<p class=\"content-media__description \">Plataforma Amadora de Pesca ficou destru\u00edda ap\u00f3s ressaca. \u2014 Foto: Reprodu\u00e7\u00e3o\/Mongagu\u00e1 na Tela<\/p>\n<\/div>\n<\/div>\n<div class=\"mc-column content-text active-extra-styles \" style=\"text-align: justify;\" data-block-type=\"unstyled\" data-block-weight=\"62\" data-block-id=\"8\">\n<p class=\"content-text__container \" data-track-category=\"Link no Texto\" data-track-links=\"\">Em Peru\u00edbe, placas de concreto foram levantadas, destruindo parte do cal\u00e7ad\u00e3o. Segundo a Defesa Civil de Peru\u00edbe, a ressaca resultou na queda de aproximadamente 300 metros de mureta da praia, na altura do bairro Nova Peru\u00edbe. Neste mesmo local foi necess\u00e1rio interditar uma das vias. Ningu\u00e9m ficou ferido durante a queda. A equipe da Defesa Civil continua monitorando este e outros locais.<\/p>\n<p data-track-category=\"Link no Texto\" data-track-links=\"\"><img decoding=\"async\" class=\"image content-media__image progressive-loaded\" title=\"Placa de concreto foi levantada pela for\u00e7a da mar\u00e9 em Peru\u00edbe. \u2014 Foto: Reprodu\u00e7\u00e3o\/Nelson Alexandre\" src=\"https:\/\/s2.glbimg.com\/NDSnLeiZp1qR4n1bAiKBe0En1Mk=\/0x0:720x960\/984x0\/smart\/filters:strip_icc()\/i.s3.glbimg.com\/v1\/AUTH_59edd422c0c84a879bd37670ae4f538a\/internal_photos\/bs\/2020\/O\/7\/Twy9uuS4iZzQZ4TfBFaw\/calcada.jpg\" alt=\"Placa de concreto foi levantada pela for\u00e7a da mar\u00e9 em Peru\u00edbe. \u2014 Foto: Reprodu\u00e7\u00e3o\/Nelson Alexandre\" data-src=\"https:\/\/s2.glbimg.com\/NDSnLeiZp1qR4n1bAiKBe0En1Mk=\/0x0:720x960\/984x0\/smart\/filters:strip_icc()\/i.s3.glbimg.com\/v1\/AUTH_59edd422c0c84a879bd37670ae4f538a\/internal_photos\/bs\/2020\/O\/7\/Twy9uuS4iZzQZ4TfBFaw\/calcada.jpg\" \/>Placa de concreto foi levantada pela for\u00e7a da mar\u00e9 em Peru\u00edbe. \u2014 Foto: Reprodu\u00e7\u00e3o\/Nelson Alexandre<\/p>\n<p data-track-category=\"Link no Texto\" data-track-links=\"\"><img decoding=\"async\" class=\"image content-media__image progressive-loaded\" title=\"Orla da praia sofreu com a a\u00e7\u00e3o do forte avan\u00e7o do mar em Peru\u00edbe. \u2014 Foto: Reprodu\u00e7\u00e3o\/Nelson Alexandre\" src=\"https:\/\/s2.glbimg.com\/lePG7CC5y9VrOMs_JVd7Xfl_Ar0=\/0x0:720x960\/984x0\/smart\/filters:strip_icc()\/i.s3.glbimg.com\/v1\/AUTH_59edd422c0c84a879bd37670ae4f538a\/internal_photos\/bs\/2020\/g\/o\/FEqz6VSAmvbAJS5T1HQw\/peruibe.jpg\" alt=\"Orla da praia sofreu com a a\u00e7\u00e3o do forte avan\u00e7o do mar em Peru\u00edbe. \u2014 Foto: Reprodu\u00e7\u00e3o\/Nelson Alexandre\" data-src=\"https:\/\/s2.glbimg.com\/lePG7CC5y9VrOMs_JVd7Xfl_Ar0=\/0x0:720x960\/984x0\/smart\/filters:strip_icc()\/i.s3.glbimg.com\/v1\/AUTH_59edd422c0c84a879bd37670ae4f538a\/internal_photos\/bs\/2020\/g\/o\/FEqz6VSAmvbAJS5T1HQw\/peruibe.jpg\" \/><\/p>\n<\/div>\n<div class=\"row medium-uncollapsed content-media content-photo\" style=\"text-align: justify;\" data-block-type=\"backstage-photo\" data-block-id=\"10\">\n<div class=\"mc-column content-media__container\">\n<p class=\"content-media__description \">Orla da praia sofreu com a a\u00e7\u00e3o do forte avan\u00e7o do mar em Peru\u00edbe. \u2014 Foto: Reprodu\u00e7\u00e3o\/Nelson Alexandre<\/p>\n<\/div>\n<\/div>\n<div class=\"mc-column content-text active-extra-styles \" style=\"text-align: justify;\" data-block-type=\"unstyled\" data-block-weight=\"48\" data-block-id=\"12\">\n<p class=\"content-text__container \" data-track-category=\"Link no Texto\" data-track-links=\"\">J\u00e1 em Praia Grande, a for\u00e7a da mar\u00e9 tamb\u00e9m provocou desassoreamento e queda de parte da mureta e dos degraus que d\u00e3o acesso ao cal\u00e7ad\u00e3o no trecho pr\u00f3ximo ao Rio Itinga, no bairro Solemar. As ondas chegaram a atingir o trecho de 80 metros da avenida Castelo Branco.<\/p>\n<\/div>\n<div class=\"row medium-uncollapsed content-media content-photo\" style=\"text-align: justify;\" data-block-type=\"backstage-photo\" data-block-id=\"13\">\n<div class=\"mc-column content-media__container\">\n<div class=\"progressive-img can-open-lightbox\" data-min-size=\"1008x567\" data-min-size-url=\"https:\/\/s2.glbimg.com\/kpPICrn3BfoyKRDkthVmU36y_D0=\/0x0:1280x720\/1008x0\/smart\/filters:strip_icc()\/i.s3.glbimg.com\/v1\/AUTH_59edd422c0c84a879bd37670ae4f538a\/internal_photos\/bs\/2020\/T\/K\/QeZgVUT8ytu5TVmbBrmw\/ss.jpeg\" data-max-size=\"1600x900\" data-max-size-url=\"https:\/\/s2.glbimg.com\/19ikzANhPueK5pqXYzWjMnVF4B8=\/0x0:1280x720\/1600x0\/smart\/filters:strip_icc()\/i.s3.glbimg.com\/v1\/AUTH_59edd422c0c84a879bd37670ae4f538a\/internal_photos\/bs\/2020\/T\/K\/QeZgVUT8ytu5TVmbBrmw\/ss.jpeg\" data-media-index=\"4\"><picture><img decoding=\"async\" class=\"image content-media__image progressive-loaded\" title=\"Estruturas foram destru\u00eddas com a for\u00e7a do mar em ressaca em Praia Grande. \u2014 Foto: Divulga\u00e7\u00e3o\/Prefeitura de Praia Grande\" src=\"https:\/\/s2.glbimg.com\/zQF2onfKFf0vgIlO4H-m3mlf2OU=\/0x0:1280x720\/984x0\/smart\/filters:strip_icc()\/i.s3.glbimg.com\/v1\/AUTH_59edd422c0c84a879bd37670ae4f538a\/internal_photos\/bs\/2020\/T\/K\/QeZgVUT8ytu5TVmbBrmw\/ss.jpeg\" alt=\"Estruturas foram destru\u00eddas com a for\u00e7a do mar em ressaca em Praia Grande. \u2014 Foto: Divulga\u00e7\u00e3o\/Prefeitura de Praia Grande\" data-src=\"https:\/\/s2.glbimg.com\/zQF2onfKFf0vgIlO4H-m3mlf2OU=\/0x0:1280x720\/984x0\/smart\/filters:strip_icc()\/i.s3.glbimg.com\/v1\/AUTH_59edd422c0c84a879bd37670ae4f538a\/internal_photos\/bs\/2020\/T\/K\/QeZgVUT8ytu5TVmbBrmw\/ss.jpeg\" \/><\/picture><\/div>\n<p class=\"content-media__description \">Estruturas foram destru\u00eddas com a for\u00e7a do mar em ressaca em Praia Grande. \u2014 Foto: Divulga\u00e7\u00e3o\/Prefeitura de Praia Grande<\/p>\n<p><img decoding=\"async\" class=\"image content-media__image progressive-loaded\" title=\"Em Praia Grande, degraus que d\u00e3o acesso ao cal\u00e7ad\u00e3o da orla da praia foram destru\u00eddos pela mar\u00e9. \u2014 Foto: Reprodu\u00e7\u00e3o\/Praia Grande Mil Grau\" src=\"https:\/\/s2.glbimg.com\/hEh3krkRa-UA7WfpIwxGUfvzwjw=\/0x0:960x1280\/984x0\/smart\/filters:strip_icc()\/i.s3.glbimg.com\/v1\/AUTH_59edd422c0c84a879bd37670ae4f538a\/internal_photos\/bs\/2020\/D\/6\/HEg4SrQK24TyTH6LqtBA\/pg.jpeg\" alt=\"Em Praia Grande, degraus que d\u00e3o acesso ao cal\u00e7ad\u00e3o da orla da praia foram destru\u00eddos pela mar\u00e9. \u2014 Foto: Reprodu\u00e7\u00e3o\/Praia Grande Mil Grau\" data-src=\"https:\/\/s2.glbimg.com\/hEh3krkRa-UA7WfpIwxGUfvzwjw=\/0x0:960x1280\/984x0\/smart\/filters:strip_icc()\/i.s3.glbimg.com\/v1\/AUTH_59edd422c0c84a879bd37670ae4f538a\/internal_photos\/bs\/2020\/D\/6\/HEg4SrQK24TyTH6LqtBA\/pg.jpeg\" \/><\/p>\n<\/div>\n<\/div>\n<div data-track-category=\"multicontent\" data-track-action=\"ultimo chunk conteudo\" data-track-noninteraction=\"false\" data-track-scroll=\"view\">\n<div class=\"row medium-uncollapsed content-media content-photo\" data-block-type=\"backstage-photo\" data-block-id=\"14\">\n<div class=\"mc-column content-media__container\">\n<p class=\"content-media__description \" style=\"text-align: justify;\">Em Praia Grande, degraus que d\u00e3o acesso ao cal\u00e7ad\u00e3o da orla da praia foram destru\u00eddos pela mar\u00e9. \u2014 Foto: Reprodu\u00e7\u00e3o\/Praia Grande Mil Grau<\/p>\n<p style=\"text-align: justify;\">Fonte: https:\/\/g1.globo.com\/sp\/santos-regiao\/noticia\/2020\/04\/11\/ondas-de-forte-ressaca-causam-destruicao-em-praias-do-litoral-de-sp-fotos.ghtml<\/p>\n<\/div>\n<\/div>\n<\/div>\n<\/div>\n<\/div>\n","protected":false},"excerpt":{"rendered":"<p>Poste foi derrubado, tubo de condu\u00edte ficou exposto, placas de concreto foram levantadas e cal\u00e7adas ficaram totalmente destru\u00eddas na Baixada Santista. A forte\u00a0ressaca que atingiu as praias da Baixada Santista, no litoral paulista, deixou cal\u00e7adas e estruturas de concreto totalmente destru\u00eddas com a for\u00e7a da mar\u00e9. Com o volume de \u00e1gua,\u00a0faixas de areia de diversas [&hellip;]<\/p>\n","protected":false},"author":1,"featured_media":23569,"comment_status":"closed","ping_status":"open","sticky":false,"template":"","format":"standard","meta":{"footnotes":""},"categories":[114,110],"tags":[],"class_list":["post-23568","post","type-post","status-publish","format-standard","has-post-thumbnail","hentry","category-geralecomercio","category-noticiasdestaque"],"_links":{"self":[{"href":"https:\/\/jorgezanoni.com.br\/2019\/wp-json\/wp\/v2\/posts\/23568","targetHints":{"allow":["GET"]}}],"collection":[{"href":"https:\/\/jorgezanoni.com.br\/2019\/wp-json\/wp\/v2\/posts"}],"about":[{"href":"https:\/\/jorgezanoni.com.br\/2019\/wp-json\/wp\/v2\/types\/post"}],"author":[{"embeddable":true,"href":"https:\/\/jorgezanoni.com.br\/2019\/wp-json\/wp\/v2\/users\/1"}],"replies":[{"embeddable":true,"href":"https:\/\/jorgezanoni.com.br\/2019\/wp-json\/wp\/v2\/comments?post=23568"}],"version-history":[{"count":0,"href":"https:\/\/jorgezanoni.com.br\/2019\/wp-json\/wp\/v2\/posts\/23568\/revisions"}],"wp:featuredmedia":[{"embeddable":true,"href":"https:\/\/jorgezanoni.com.br\/2019\/wp-json\/wp\/v2\/media\/23569"}],"wp:attachment":[{"href":"https:\/\/jorgezanoni.com.br\/2019\/wp-json\/wp\/v2\/media?parent=23568"}],"wp:term":[{"taxonomy":"category","embeddable":true,"href":"https:\/\/jorgezanoni.com.br\/2019\/wp-json\/wp\/v2\/categories?post=23568"},{"taxonomy":"post_tag","embeddable":true,"href":"https:\/\/jorgezanoni.com.br\/2019\/wp-json\/wp\/v2\/tags?post=23568"}],"curies":[{"name":"wp","href":"https:\/\/api.w.org\/{rel}","templated":true}]}}