{"id":23564,"date":"2020-04-12T00:30:53","date_gmt":"2020-04-12T00:30:53","guid":{"rendered":"https:\/\/jorgezanoni.com.br\/2019\/?p=23564"},"modified":"2020-04-12T00:30:53","modified_gmt":"2020-04-12T00:30:53","slug":"brasil-tem-1-124-mortes-e-20-727-casos-confirmados-de-coronavirus-diz-ministerio","status":"publish","type":"post","link":"https:\/\/jorgezanoni.com.br\/2019\/brasil-tem-1-124-mortes-e-20-727-casos-confirmados-de-coronavirus-diz-ministerio\/","title":{"rendered":"Brasil tem 1.124 mortes e 20.727 casos confirmados de coronav\u00edrus, diz minist\u00e9rio"},"content":{"rendered":"<h2 class=\"content-head__subtitle\" style=\"text-align: justify;\"><strong>Balan\u00e7o da pasta foi divulgado neste s\u00e1bado (11). Em 24 horas, foram mais 1.089 casos e 68 mortes somadas \u00e0s estat\u00edsticas.<\/strong><\/h2>\n<p style=\"text-align: justify;\"><img loading=\"lazy\" decoding=\"async\" class=\"alignnone size-full wp-image-23565\" src=\"https:\/\/jorgezanoni.com.br\/2019\/wp-content\/uploads\/2020\/04\/mortes.jpg\" alt=\"\" width=\"640\" height=\"758\" srcset=\"https:\/\/jorgezanoni.com.br\/2019\/wp-content\/uploads\/2020\/04\/mortes.jpg 640w, https:\/\/jorgezanoni.com.br\/2019\/wp-content\/uploads\/2020\/04\/mortes-253x300.jpg 253w, https:\/\/jorgezanoni.com.br\/2019\/wp-content\/uploads\/2020\/04\/mortes-355x420.jpg 355w\" sizes=\"auto, (max-width: 640px) 100vw, 640px\" \/><\/p>\n<div class=\"row medium-uncollapsed content-media content-photo\" style=\"text-align: justify;\" data-block-type=\"backstage-photo\" data-block-id=\"0\">\n<div class=\"mc-column content-media__container\">\n<p class=\"content-media__description \">Evolu\u00e7\u00e3o das mortes por coronav\u00edrus no Brasil desde 17 de mar\u00e7o \u2014 Foto: Guilherme Pinheiro\/ G1<\/p>\n<\/div>\n<\/div>\n<div class=\"mc-column content-text active-extra-styles \" style=\"text-align: justify;\" data-block-type=\"unstyled\" data-block-weight=\"15\" data-block-id=\"2\">\n<p class=\"content-text__container \" data-track-category=\"Link no Texto\" data-track-links=\"\">O balan\u00e7o dos casos de Covid-19 divulgados pelo Minist\u00e9rio da Sa\u00fade neste s\u00e1bado (11) aponta:<\/p>\n<\/div>\n<div class=\"wall protected-content\">\n<div class=\"mc-column content-text active-extra-styles\" style=\"text-align: justify;\" data-block-type=\"raw\" data-block-weight=\"7\" data-block-id=\"3\">\n<ul class=\"content-unordered-list\">\n<li>1.124 mortes<\/li>\n<li>20.727 casos confirmados<\/li>\n<li>Letalidade: 5,4%<\/li>\n<\/ul>\n<\/div>\n<div class=\"mc-column content-text active-extra-styles \" style=\"text-align: justify;\" data-block-type=\"unstyled\" data-block-weight=\"42\" data-block-id=\"4\">\n<p class=\"content-text__container \" data-track-category=\"Link no Texto\" data-track-links=\"\">Na sexta-feira (10),\u00a0<a href=\"https:\/\/g1.globo.com\/bemestar\/coronavirus\/noticia\/2020\/04\/10\/brasil-tem-1057-mortes-e-19638-casos-confirmados-de-novo-coronavirus-diz-ministerio.ghtml\">havia 1.056 mortes e 19.638 casos confirmados<\/a>. S\u00e3o 1.089 casos (alta de 6%) e 68 mortes (alta de 6%) a mais, em 24 horas. Tocantins segue sendo o \u00fanico estado do pa\u00eds sem mortes devido \u00e0 Covid-19.<\/p>\n<\/div>\n<div class=\"mc-column content-text active-extra-styles\" style=\"text-align: justify;\" data-block-type=\"raw\" data-block-weight=\"13\" data-block-id=\"5\">\n<ul class=\"content-unordered-list\">\n<li><a href=\"https:\/\/especiais.g1.globo.com\/bemestar\/coronavirus\/mapa-coronavirus\/?_ga=2.222828955.1418191087.1586627023-991a4823-2b39-573f-c5b0-8566ff205727#\/\" target=\"_blank\" rel=\"noopener noreferrer\">Casos de coronav\u00edrus no Brasil e no mundo<\/a><\/li>\n<li><a href=\"https:\/\/g1.globo.com\/bemestar\/coronavirus\/videos-perguntas-e-respostas\/playlist\/videos-coronavirus-perguntas-e-respostas.ghtml#video-8394828-id\">V\u00cdDEOS: coronav\u00edrus, perguntas e respostas<\/a><\/li>\n<\/ul>\n<\/div>\n<div class=\"mc-column content-text active-extra-styles \" style=\"text-align: justify;\" data-block-type=\"unstyled\" data-block-weight=\"24\" data-block-id=\"6\">\n<p class=\"content-text__container \" data-track-category=\"Link no Texto\" data-track-links=\"\">O n\u00famero de mortos<a href=\"https:\/\/g1.globo.com\/sp\/sao-paulo\/noticia\/2020\/04\/11\/sobe-para-560-numero-de-mortos-por-coronavirus-no-estado-de-sp-contaminados-ja-sao-8419-neste-sabado.ghtml\">\u00a0em S\u00e3o Paulo mais do que dobrou em uma semana,<\/a>\u00a0chegando a 560. Em 4 de abril, eram 260 mortes.<\/p>\n<\/div>\n<div class=\"mc-column content-text active-extra-styles \" style=\"text-align: justify;\" data-block-type=\"unstyled\" data-block-weight=\"34\" data-block-id=\"7\">\n<p class=\"content-text__container \" data-track-category=\"Link no Texto\" data-track-links=\"\">O Secret\u00e1rio-Executivo do Minist\u00e9rio da Sa\u00fade, Jo\u00e3o Gabbardo, afirmou que al\u00e9m de Manaus, Fortaleza, Rio de janeiro e S\u00e3o Paulo s\u00e3o as cidades que trazem mais preocupa\u00e7\u00e3o em rela\u00e7\u00e3o \u00e0 lota\u00e7\u00e3o dos hospitais.<\/p>\n<\/div>\n<div class=\"mc-column content-text active-extra-styles\" style=\"text-align: justify;\" data-block-type=\"raw\" data-block-weight=\"7\" data-block-id=\"8\">\n<div class=\"content-intertitle\">\n<h2>Mortes mais que dobram em uma semana<\/h2>\n<\/div>\n<\/div>\n<div class=\"mc-column content-text active-extra-styles \" style=\"text-align: justify;\" data-block-type=\"unstyled\" data-block-weight=\"29\" data-block-id=\"9\">\n<p class=\"content-text__container \" data-track-category=\"Link no Texto\" data-track-links=\"\">O total de mortes mais que dobrou desde a semana passada. No s\u00e1bado (4), eram 486 mortes. O aumento em rela\u00e7\u00e3o ao total divulgado neste s\u00e1bado foi de 160%.<\/p>\n<\/div>\n<div class=\"row medium-uncollapsed content-media content-photo\" style=\"text-align: justify;\" data-block-type=\"backstage-photo\" data-block-id=\"10\">\n<div class=\"mc-column content-media__container\">\n<div class=\"progressive-img can-open-lightbox\" data-min-size=\"1008x562\" data-min-size-url=\"https:\/\/s2.glbimg.com\/k7_oAzv03inTOrIuW15p-AxJzmc=\/0x0:566x316\/1008x0\/smart\/filters:strip_icc()\/i.s3.glbimg.com\/v1\/AUTH_59edd422c0c84a879bd37670ae4f538a\/internal_photos\/bs\/2020\/0\/9\/oBKS6hRiGA812U6IvUWA\/selo-mortes1104-semana.png\" data-max-size=\"1600x893\" data-max-size-url=\"https:\/\/s2.glbimg.com\/9WyRU9h1pvbIcxTL7cr9hm4sv7w=\/0x0:566x316\/1600x0\/smart\/filters:strip_icc()\/i.s3.glbimg.com\/v1\/AUTH_59edd422c0c84a879bd37670ae4f538a\/internal_photos\/bs\/2020\/0\/9\/oBKS6hRiGA812U6IvUWA\/selo-mortes1104-semana.png\" data-media-index=\"1\"><img decoding=\"async\" class=\"progressive-draft\" title=\"Gr\u00e1fico mostra crescimento das mortes por coronav\u00edrus no Brasil em uma semana \u2014 Foto: Guilherme Gomes\/G1\" src=\"data:image\/jpeg;base64,\/9j\/4AAQSkZJRgABAQAAAQABAAD\/2wBDAAMCAgMCAgMDAwMEAwMEBQgFBQQEBQoHBwYIDAoMDAsKCwsNDhIQDQ4RDgsLEBYQERMUFRUVDA8XGBYUGBIUFRT\/2wBDAQMEBAUEBQkFBQkUDQsNFBQUFBQUFBQUFBQUFBQUFBQUFBQUFBQUFBQUFBQUFBQUFBQUFBQUFBQUFBQUFBQUFBT\/wgARCAAOABkDASIAAhEBAxEB\/8QAFwABAQEBAAAAAAAAAAAAAAAAAgMECP\/EABUBAQEAAAAAAAAAAAAAAAAAAAEA\/9oADAMBAAIQAxAAAAHqicmM9ZUf\/8QAGxAAAwACAwAAAAAAAAAAAAAAAAECERIDBBD\/2gAIAQEAAQUCKrA+urZzb0StRPPn\/8QAFBEBAAAAAAAAAAAAAAAAAAAAEP\/aAAgBAwEBPwE\/\/8QAFBEBAAAAAAAAAAAAAAAAAAAAEP\/aAAgBAgEBPwE\/\/8QAHBAAAgICAwAAAAAAAAAAAAAAAQIAERAxEiHB\/9oACAEBAAY\/ApQ7aKSzWDe8AI3A7urnuf\/EAB0QAQABBAMBAAAAAAAAAAAAAAERABAhMUFRYYH\/2gAIAQEAAT8h5qdvOOvWmP8AWMH5YIOEJZDqKi6lcqctRNRb\/9oADAMBAAIAAwAAABAaf\/\/EABgRAQEAAwAAAAAAAAAAAAAAAAEAESEx\/9oACAEDAQE\/ENBmVe3\/xAAVEQEBAAAAAAAAAAAAAAAAAAAAEf\/aAAgBAgEBPxBH\/8QAHhABAAICAgMBAAAAAAAAAAAAAREhALExYRBBcZH\/2gAIAQEAAT8QdcUQASLgaN6IEILIRSKiuP2cjExsBCRGSOrn1kaFPKkq2u8aRHwz4\/\/Z\" alt=\"Gr\u00e1fico mostra crescimento das mortes por coronav\u00edrus no Brasil em uma semana \u2014 Foto: Guilherme Gomes\/G1\" \/><picture><source srcset=\"https:\/\/s2.glbimg.com\/WxkEE3GovPLGQwn5aZWH0nU8bPo=\/0x0:566x316\/600x0\/smart\/filters:strip_icc()\/i.s3.glbimg.com\/v1\/AUTH_59edd422c0c84a879bd37670ae4f538a\/internal_photos\/bs\/2020\/0\/9\/oBKS6hRiGA812U6IvUWA\/selo-mortes1104-semana.png 1x, https:\/\/s2.glbimg.com\/9EeNnAqdGta_tGCAxs9UDsxcPMg=\/0x0:566x316\/1200x0\/smart\/filters:strip_icc()\/i.s3.glbimg.com\/v1\/AUTH_59edd422c0c84a879bd37670ae4f538a\/internal_photos\/bs\/2020\/0\/9\/oBKS6hRiGA812U6IvUWA\/selo-mortes1104-semana.png 2x\" media=\"(max-width: 1024px)\" data-src=\"https:\/\/s2.glbimg.com\/WxkEE3GovPLGQwn5aZWH0nU8bPo=\/0x0:566x316\/600x0\/smart\/filters:strip_icc()\/i.s3.glbimg.com\/v1\/AUTH_59edd422c0c84a879bd37670ae4f538a\/internal_photos\/bs\/2020\/0\/9\/oBKS6hRiGA812U6IvUWA\/selo-mortes1104-semana.png 1x, https:\/\/s2.glbimg.com\/9EeNnAqdGta_tGCAxs9UDsxcPMg=\/0x0:566x316\/1200x0\/smart\/filters:strip_icc()\/i.s3.glbimg.com\/v1\/AUTH_59edd422c0c84a879bd37670ae4f538a\/internal_photos\/bs\/2020\/0\/9\/oBKS6hRiGA812U6IvUWA\/selo-mortes1104-semana.png 2x\" \/><source srcset=\"https:\/\/s2.glbimg.com\/jRXaug2lz3j8Upp1In9hRE089VU=\/0x0:566x316\/640x0\/smart\/filters:strip_icc()\/i.s3.glbimg.com\/v1\/AUTH_59edd422c0c84a879bd37670ae4f538a\/internal_photos\/bs\/2020\/0\/9\/oBKS6hRiGA812U6IvUWA\/selo-mortes1104-semana.png 1x, https:\/\/s2.glbimg.com\/Y1IF4zM_nCfp_ATeHKkTVYHIxDA=\/0x0:566x316\/1280x0\/smart\/filters:strip_icc()\/i.s3.glbimg.com\/v1\/AUTH_59edd422c0c84a879bd37670ae4f538a\/internal_photos\/bs\/2020\/0\/9\/oBKS6hRiGA812U6IvUWA\/selo-mortes1104-semana.png 2x\" media=\"(max-width: 1280px)\" data-src=\"https:\/\/s2.glbimg.com\/jRXaug2lz3j8Upp1In9hRE089VU=\/0x0:566x316\/640x0\/smart\/filters:strip_icc()\/i.s3.glbimg.com\/v1\/AUTH_59edd422c0c84a879bd37670ae4f538a\/internal_photos\/bs\/2020\/0\/9\/oBKS6hRiGA812U6IvUWA\/selo-mortes1104-semana.png 1x, https:\/\/s2.glbimg.com\/Y1IF4zM_nCfp_ATeHKkTVYHIxDA=\/0x0:566x316\/1280x0\/smart\/filters:strip_icc()\/i.s3.glbimg.com\/v1\/AUTH_59edd422c0c84a879bd37670ae4f538a\/internal_photos\/bs\/2020\/0\/9\/oBKS6hRiGA812U6IvUWA\/selo-mortes1104-semana.png 2x\" \/><source srcset=\"https:\/\/s2.glbimg.com\/4sJXpUnTYMLNggFq4H6BFsRGQvs=\/0x0:566x316\/984x0\/smart\/filters:strip_icc()\/i.s3.glbimg.com\/v1\/AUTH_59edd422c0c84a879bd37670ae4f538a\/internal_photos\/bs\/2020\/0\/9\/oBKS6hRiGA812U6IvUWA\/selo-mortes1104-semana.png 1x, https:\/\/s2.glbimg.com\/NADES5ufoLglrCz-s_etx03S3vY=\/0x0:566x316\/1968x0\/smart\/filters:strip_icc()\/i.s3.glbimg.com\/v1\/AUTH_59edd422c0c84a879bd37670ae4f538a\/internal_photos\/bs\/2020\/0\/9\/oBKS6hRiGA812U6IvUWA\/selo-mortes1104-semana.png 2x\" media=\"(max-width: 1360px)\" data-src=\"https:\/\/s2.glbimg.com\/4sJXpUnTYMLNggFq4H6BFsRGQvs=\/0x0:566x316\/984x0\/smart\/filters:strip_icc()\/i.s3.glbimg.com\/v1\/AUTH_59edd422c0c84a879bd37670ae4f538a\/internal_photos\/bs\/2020\/0\/9\/oBKS6hRiGA812U6IvUWA\/selo-mortes1104-semana.png 1x, https:\/\/s2.glbimg.com\/NADES5ufoLglrCz-s_etx03S3vY=\/0x0:566x316\/1968x0\/smart\/filters:strip_icc()\/i.s3.glbimg.com\/v1\/AUTH_59edd422c0c84a879bd37670ae4f538a\/internal_photos\/bs\/2020\/0\/9\/oBKS6hRiGA812U6IvUWA\/selo-mortes1104-semana.png 2x\" \/><source srcset=\"https:\/\/s2.glbimg.com\/t6jBH_65z51C8g1cxczNu6RdzD0=\/0x0:566x316\/1000x0\/smart\/filters:strip_icc()\/i.s3.glbimg.com\/v1\/AUTH_59edd422c0c84a879bd37670ae4f538a\/internal_photos\/bs\/2020\/0\/9\/oBKS6hRiGA812U6IvUWA\/selo-mortes1104-semana.png 1x, https:\/\/s2.glbimg.com\/SHEIzvlnzZX618lBoTB5eJ2asDs=\/0x0:566x316\/2000x0\/smart\/filters:strip_icc()\/i.s3.glbimg.com\/v1\/AUTH_59edd422c0c84a879bd37670ae4f538a\/internal_photos\/bs\/2020\/0\/9\/oBKS6hRiGA812U6IvUWA\/selo-mortes1104-semana.png 2x\" media=\"(min-width: 1361px)\" data-src=\"https:\/\/s2.glbimg.com\/t6jBH_65z51C8g1cxczNu6RdzD0=\/0x0:566x316\/1000x0\/smart\/filters:strip_icc()\/i.s3.glbimg.com\/v1\/AUTH_59edd422c0c84a879bd37670ae4f538a\/internal_photos\/bs\/2020\/0\/9\/oBKS6hRiGA812U6IvUWA\/selo-mortes1104-semana.png 1x, https:\/\/s2.glbimg.com\/SHEIzvlnzZX618lBoTB5eJ2asDs=\/0x0:566x316\/2000x0\/smart\/filters:strip_icc()\/i.s3.glbimg.com\/v1\/AUTH_59edd422c0c84a879bd37670ae4f538a\/internal_photos\/bs\/2020\/0\/9\/oBKS6hRiGA812U6IvUWA\/selo-mortes1104-semana.png 2x\" \/><source srcset=\"https:\/\/s2.glbimg.com\/4sJXpUnTYMLNggFq4H6BFsRGQvs=\/0x0:566x316\/984x0\/smart\/filters:strip_icc()\/i.s3.glbimg.com\/v1\/AUTH_59edd422c0c84a879bd37670ae4f538a\/internal_photos\/bs\/2020\/0\/9\/oBKS6hRiGA812U6IvUWA\/selo-mortes1104-semana.png\" data-src=\"https:\/\/s2.glbimg.com\/4sJXpUnTYMLNggFq4H6BFsRGQvs=\/0x0:566x316\/984x0\/smart\/filters:strip_icc()\/i.s3.glbimg.com\/v1\/AUTH_59edd422c0c84a879bd37670ae4f538a\/internal_photos\/bs\/2020\/0\/9\/oBKS6hRiGA812U6IvUWA\/selo-mortes1104-semana.png\" \/><img decoding=\"async\" class=\"image content-media__image progressive-loaded\" title=\"Gr\u00e1fico mostra crescimento das mortes por coronav\u00edrus no Brasil em uma semana \u2014 Foto: Guilherme Gomes\/G1\" src=\"https:\/\/s2.glbimg.com\/4sJXpUnTYMLNggFq4H6BFsRGQvs=\/0x0:566x316\/984x0\/smart\/filters:strip_icc()\/i.s3.glbimg.com\/v1\/AUTH_59edd422c0c84a879bd37670ae4f538a\/internal_photos\/bs\/2020\/0\/9\/oBKS6hRiGA812U6IvUWA\/selo-mortes1104-semana.png\" alt=\"Gr\u00e1fico mostra crescimento das mortes por coronav\u00edrus no Brasil em uma semana \u2014 Foto: Guilherme Gomes\/G1\" data-src=\"https:\/\/s2.glbimg.com\/4sJXpUnTYMLNggFq4H6BFsRGQvs=\/0x0:566x316\/984x0\/smart\/filters:strip_icc()\/i.s3.glbimg.com\/v1\/AUTH_59edd422c0c84a879bd37670ae4f538a\/internal_photos\/bs\/2020\/0\/9\/oBKS6hRiGA812U6IvUWA\/selo-mortes1104-semana.png\" \/><\/picture><\/div>\n<p class=\"content-media__description \">Gr\u00e1fico mostra crescimento das mortes por coronav\u00edrus no Brasil em uma semana \u2014 Foto: Guilherme Gomes\/G1<\/p>\n<\/div>\n<\/div>\n<div class=\"mc-column content-text active-extra-styles \" style=\"text-align: justify;\" data-block-type=\"unstyled\" data-block-weight=\"18\" data-block-id=\"12\">\n<p class=\"content-text__container \" data-track-category=\"Link no Texto\" data-track-links=\"\">Na sexta-feira (10), eram 1.056 mortes. Em 24 horas foram confirmadas mais 68 v\u00edtimas, um aumento de 6%.<\/p>\n<\/div>\n<div class=\"row medium-uncollapsed content-media content-photo\" style=\"text-align: justify;\" data-block-type=\"backstage-photo\" data-block-id=\"13\">\n<div class=\"mc-column content-media__container\">\n<div class=\"progressive-img can-open-lightbox\" data-min-size=\"1008x1154\" data-min-size-url=\"https:\/\/s2.glbimg.com\/rNUmFLAUQmvCvJjQHNUGTDNMoPE=\/0x0:1200x1374\/1008x0\/smart\/filters:strip_icc()\/i.s3.glbimg.com\/v1\/AUTH_59edd422c0c84a879bd37670ae4f538a\/internal_photos\/bs\/2020\/B\/m\/Ahw6lbSOK1kRrrOBiZyQ\/casos1104.png\" data-max-size=\"1600x1832\" data-max-size-url=\"https:\/\/s2.glbimg.com\/7A_JN-wLl84HLyO0pW2TFSaMFdY=\/0x0:1200x1374\/1600x0\/smart\/filters:strip_icc()\/i.s3.glbimg.com\/v1\/AUTH_59edd422c0c84a879bd37670ae4f538a\/internal_photos\/bs\/2020\/B\/m\/Ahw6lbSOK1kRrrOBiZyQ\/casos1104.png\" data-media-index=\"2\"><img decoding=\"async\" class=\"progressive-draft\" title=\"Casos de Covid-19 no Brasil  \u2014 Foto: Guilherme Pinheiro \/ G1\" src=\"data:image\/jpeg;base64,\/9j\/4AAQSkZJRgABAQAAAQABAAD\/2wBDAAMCAgMCAgMDAwMEAwMEBQgFBQQEBQoHBwYIDAoMDAsKCwsNDhIQDQ4RDgsLEBYQERMUFRUVDA8XGBYUGBIUFRT\/2wBDAQMEBAUEBQkFBQkUDQsNFBQUFBQUFBQUFBQUFBQUFBQUFBQUFBQUFBQUFBQUFBQUFBQUFBQUFBQUFBQUFBQUFBT\/wgARCAAdABkDASIAAhEBAxEB\/8QAGgAAAgIDAAAAAAAAAAAAAAAAAwQAAgEFCP\/EABUBAQEAAAAAAAAAAAAAAAAAAAAB\/9oADAMBAAIQAxAAAAHpK+ysKtLsShmCgzAln\/\/EABwQAAEFAQEBAAAAAAAAAAAAAAEAAgMQEgQTEf\/aAAgBAQABBQIcZTeMqCDwoVKwPrbQfVqBqHRjP1YcsOX\/xAAVEQEBAAAAAAAAAAAAAAAAAAAQMf\/aAAgBAwEBPwEh\/8QAFBEBAAAAAAAAAAAAAAAAAAAAIP\/aAAgBAgEBPwEf\/8QAJBAAAQMDAQkAAAAAAAAAAAAAAQACEQMQITIgIjNRYXFykpP\/2gAIAQEABj8C4tT6FZq1Pco773ebp2BIkzixbIBXPspJFgXkF3QQsFa1rX\/\/xAAhEAEAAgAGAgMAAAAAAAAAAAABABEQITFBYZFRgaHB0f\/aAAgBAQABPyHYtEV9P95QAF8j+XDRv7wKIdBzgNgGdRDIbeIC0zYL0wSoOrU6tgRoPJcWv6Tn9T\/\/2gAMAwEAAgADAAAAECCl0f\/EABYRAQEBAAAAAAAAAAAAAAAAAAEAEf\/aAAgBAwEBPxCQwZBJLt\/\/xAAWEQEBAQAAAAAAAAAAAAAAAAAQIQH\/2gAIAQIBAT8QMtP\/xAAkEAEAAgECBgIDAAAAAAAAAAABABEhMVFBYXGRocEQgbHR8P\/aAAgBAQABPxBooCuq8sZmow6WvzAKyjglFYUr3rLdpfVnbwX4neBrBWmWZp0BneZ6BrcG6fEeo7JbDtmrAo9d19fBVMb9MtUkMc2VkN6h2smWPPDSfVz+j+5\/\/9k=\" alt=\"Casos de Covid-19 no Brasil  \u2014 Foto: Guilherme Pinheiro \/ G1\" \/><picture><source srcset=\"https:\/\/s2.glbimg.com\/ubAN_fKRQswcrRlTo1IX4XzepX8=\/0x0:1200x1374\/600x0\/smart\/filters:strip_icc()\/i.s3.glbimg.com\/v1\/AUTH_59edd422c0c84a879bd37670ae4f538a\/internal_photos\/bs\/2020\/B\/m\/Ahw6lbSOK1kRrrOBiZyQ\/casos1104.png 1x, https:\/\/s2.glbimg.com\/b3H8ZEaRSmCBTAOW3Ul3TVJodMw=\/0x0:1200x1374\/1200x0\/smart\/filters:strip_icc()\/i.s3.glbimg.com\/v1\/AUTH_59edd422c0c84a879bd37670ae4f538a\/internal_photos\/bs\/2020\/B\/m\/Ahw6lbSOK1kRrrOBiZyQ\/casos1104.png 2x\" media=\"(max-width: 1024px)\" data-src=\"https:\/\/s2.glbimg.com\/ubAN_fKRQswcrRlTo1IX4XzepX8=\/0x0:1200x1374\/600x0\/smart\/filters:strip_icc()\/i.s3.glbimg.com\/v1\/AUTH_59edd422c0c84a879bd37670ae4f538a\/internal_photos\/bs\/2020\/B\/m\/Ahw6lbSOK1kRrrOBiZyQ\/casos1104.png 1x, https:\/\/s2.glbimg.com\/b3H8ZEaRSmCBTAOW3Ul3TVJodMw=\/0x0:1200x1374\/1200x0\/smart\/filters:strip_icc()\/i.s3.glbimg.com\/v1\/AUTH_59edd422c0c84a879bd37670ae4f538a\/internal_photos\/bs\/2020\/B\/m\/Ahw6lbSOK1kRrrOBiZyQ\/casos1104.png 2x\" \/><source srcset=\"https:\/\/s2.glbimg.com\/w5xhA9evtMZG9YATTahASZNg-TY=\/0x0:1200x1374\/640x0\/smart\/filters:strip_icc()\/i.s3.glbimg.com\/v1\/AUTH_59edd422c0c84a879bd37670ae4f538a\/internal_photos\/bs\/2020\/B\/m\/Ahw6lbSOK1kRrrOBiZyQ\/casos1104.png 1x, https:\/\/s2.glbimg.com\/6tmoPm-3CweHSspgSh-JnCv1yTw=\/0x0:1200x1374\/1280x0\/smart\/filters:strip_icc()\/i.s3.glbimg.com\/v1\/AUTH_59edd422c0c84a879bd37670ae4f538a\/internal_photos\/bs\/2020\/B\/m\/Ahw6lbSOK1kRrrOBiZyQ\/casos1104.png 2x\" media=\"(max-width: 1280px)\" data-src=\"https:\/\/s2.glbimg.com\/w5xhA9evtMZG9YATTahASZNg-TY=\/0x0:1200x1374\/640x0\/smart\/filters:strip_icc()\/i.s3.glbimg.com\/v1\/AUTH_59edd422c0c84a879bd37670ae4f538a\/internal_photos\/bs\/2020\/B\/m\/Ahw6lbSOK1kRrrOBiZyQ\/casos1104.png 1x, https:\/\/s2.glbimg.com\/6tmoPm-3CweHSspgSh-JnCv1yTw=\/0x0:1200x1374\/1280x0\/smart\/filters:strip_icc()\/i.s3.glbimg.com\/v1\/AUTH_59edd422c0c84a879bd37670ae4f538a\/internal_photos\/bs\/2020\/B\/m\/Ahw6lbSOK1kRrrOBiZyQ\/casos1104.png 2x\" \/><source srcset=\"https:\/\/s2.glbimg.com\/Z8LpVlL3-7dJm9-HX6l6FLBQrhs=\/0x0:1200x1374\/984x0\/smart\/filters:strip_icc()\/i.s3.glbimg.com\/v1\/AUTH_59edd422c0c84a879bd37670ae4f538a\/internal_photos\/bs\/2020\/B\/m\/Ahw6lbSOK1kRrrOBiZyQ\/casos1104.png 1x, https:\/\/s2.glbimg.com\/B3z1-_0rv1Yfyq2XjdZ5rn9YjmA=\/0x0:1200x1374\/1968x0\/smart\/filters:strip_icc()\/i.s3.glbimg.com\/v1\/AUTH_59edd422c0c84a879bd37670ae4f538a\/internal_photos\/bs\/2020\/B\/m\/Ahw6lbSOK1kRrrOBiZyQ\/casos1104.png 2x\" media=\"(max-width: 1360px)\" data-src=\"https:\/\/s2.glbimg.com\/Z8LpVlL3-7dJm9-HX6l6FLBQrhs=\/0x0:1200x1374\/984x0\/smart\/filters:strip_icc()\/i.s3.glbimg.com\/v1\/AUTH_59edd422c0c84a879bd37670ae4f538a\/internal_photos\/bs\/2020\/B\/m\/Ahw6lbSOK1kRrrOBiZyQ\/casos1104.png 1x, https:\/\/s2.glbimg.com\/B3z1-_0rv1Yfyq2XjdZ5rn9YjmA=\/0x0:1200x1374\/1968x0\/smart\/filters:strip_icc()\/i.s3.glbimg.com\/v1\/AUTH_59edd422c0c84a879bd37670ae4f538a\/internal_photos\/bs\/2020\/B\/m\/Ahw6lbSOK1kRrrOBiZyQ\/casos1104.png 2x\" \/><source srcset=\"https:\/\/s2.glbimg.com\/zY2MoaxF6NyZ9lYjiCDQQoVdToA=\/0x0:1200x1374\/1000x0\/smart\/filters:strip_icc()\/i.s3.glbimg.com\/v1\/AUTH_59edd422c0c84a879bd37670ae4f538a\/internal_photos\/bs\/2020\/B\/m\/Ahw6lbSOK1kRrrOBiZyQ\/casos1104.png 1x, https:\/\/s2.glbimg.com\/ji5J366e8PU-MjZKP0m0cpZ9Phw=\/0x0:1200x1374\/2000x0\/smart\/filters:strip_icc()\/i.s3.glbimg.com\/v1\/AUTH_59edd422c0c84a879bd37670ae4f538a\/internal_photos\/bs\/2020\/B\/m\/Ahw6lbSOK1kRrrOBiZyQ\/casos1104.png 2x\" media=\"(min-width: 1361px)\" data-src=\"https:\/\/s2.glbimg.com\/zY2MoaxF6NyZ9lYjiCDQQoVdToA=\/0x0:1200x1374\/1000x0\/smart\/filters:strip_icc()\/i.s3.glbimg.com\/v1\/AUTH_59edd422c0c84a879bd37670ae4f538a\/internal_photos\/bs\/2020\/B\/m\/Ahw6lbSOK1kRrrOBiZyQ\/casos1104.png 1x, https:\/\/s2.glbimg.com\/ji5J366e8PU-MjZKP0m0cpZ9Phw=\/0x0:1200x1374\/2000x0\/smart\/filters:strip_icc()\/i.s3.glbimg.com\/v1\/AUTH_59edd422c0c84a879bd37670ae4f538a\/internal_photos\/bs\/2020\/B\/m\/Ahw6lbSOK1kRrrOBiZyQ\/casos1104.png 2x\" \/><source srcset=\"https:\/\/s2.glbimg.com\/Z8LpVlL3-7dJm9-HX6l6FLBQrhs=\/0x0:1200x1374\/984x0\/smart\/filters:strip_icc()\/i.s3.glbimg.com\/v1\/AUTH_59edd422c0c84a879bd37670ae4f538a\/internal_photos\/bs\/2020\/B\/m\/Ahw6lbSOK1kRrrOBiZyQ\/casos1104.png\" data-src=\"https:\/\/s2.glbimg.com\/Z8LpVlL3-7dJm9-HX6l6FLBQrhs=\/0x0:1200x1374\/984x0\/smart\/filters:strip_icc()\/i.s3.glbimg.com\/v1\/AUTH_59edd422c0c84a879bd37670ae4f538a\/internal_photos\/bs\/2020\/B\/m\/Ahw6lbSOK1kRrrOBiZyQ\/casos1104.png\" \/><img decoding=\"async\" class=\"image content-media__image progressive-loaded\" title=\"Casos de Covid-19 no Brasil  \u2014 Foto: Guilherme Pinheiro \/ G1\" src=\"https:\/\/s2.glbimg.com\/Z8LpVlL3-7dJm9-HX6l6FLBQrhs=\/0x0:1200x1374\/984x0\/smart\/filters:strip_icc()\/i.s3.glbimg.com\/v1\/AUTH_59edd422c0c84a879bd37670ae4f538a\/internal_photos\/bs\/2020\/B\/m\/Ahw6lbSOK1kRrrOBiZyQ\/casos1104.png\" alt=\"Casos de Covid-19 no Brasil  \u2014 Foto: Guilherme Pinheiro \/ G1\" data-src=\"https:\/\/s2.glbimg.com\/Z8LpVlL3-7dJm9-HX6l6FLBQrhs=\/0x0:1200x1374\/984x0\/smart\/filters:strip_icc()\/i.s3.glbimg.com\/v1\/AUTH_59edd422c0c84a879bd37670ae4f538a\/internal_photos\/bs\/2020\/B\/m\/Ahw6lbSOK1kRrrOBiZyQ\/casos1104.png\" \/><\/picture><\/div>\n<p class=\"content-media__description \">Casos de Covid-19 no Brasil \u2014 Foto: Guilherme Pinheiro \/ G1<\/p>\n<\/div>\n<\/div>\n<div class=\"mc-column content-text active-extra-styles\" style=\"text-align: justify;\" data-block-type=\"raw\" data-block-weight=\"1\" data-block-id=\"14\">\n<div class=\"content-intertitle\">\n<h2>Testes<\/h2>\n<\/div>\n<\/div>\n<div class=\"mc-column content-text active-extra-styles \" style=\"text-align: justify;\" data-block-type=\"unstyled\" data-block-weight=\"45\" data-block-id=\"15\">\n<p class=\"content-text__container \" data-track-category=\"Link no Texto\" data-track-links=\"\">O Secret\u00e1rio de Vigil\u00e2ncia em Sa\u00fade, Wanderson de Oliveira, afirmou que o Brasil far\u00e1 testes suficientes para avaliar a situa\u00e7\u00e3o do v\u00edrus no pa\u00eds. Oliveira disse que apesar de haver coopera\u00e7\u00e3o de v\u00e1rias universidades, h\u00e1 dificuldade em comprar algumas mat\u00e9rias primas para desenvolv\u00ea-los.<\/p>\n<\/div>\n<div class=\"mc-column content-text active-extra-styles\" style=\"text-align: justify;\" data-block-type=\"raw\" data-block-weight=\"98\" data-block-id=\"16\">\n<blockquote class=\"content-blockquote theme-border-color-primary-before\"><p>&#8220;N\u00e3o \u00e9 verdade que estejamos testando pouco, estamos fazendo o m\u00e1ximo possivel de acordo com a disponibilidade de insumos neste momento e de acordo com a realidade do Brasil. Os Estados Unidos est\u00e3o em outro cen\u00e1rio, a Italia est\u00e1 em outro cen\u00e1rio e n\u00f3s estamos inciando esse processo. Podem ter certeza que n\u00f3s teremos testes em quantidade suficiente para realizarmos a avalia\u00e7\u00e3o do cen\u00e1rio epstemol\u00f3gico. O que eu posso garantir para voc\u00eas \u00e9 que n\u00f3s n\u00e3o teremos testes para todas as pessoas. Os testes s\u00e3o para conhecermos a epidademia&#8221; &#8211; Wanderson de Oliveira, Secret\u00e1rio de Vigil\u00e2ncia em Sa\u00fade.<\/p><\/blockquote>\n<\/div>\n<div class=\"mc-column content-text active-extra-styles\" style=\"text-align: justify;\" data-block-type=\"raw\" data-block-weight=\"1\" data-block-id=\"17\">\n<div class=\"content-intertitle\">\n<h2>Mortalidade<\/h2>\n<\/div>\n<\/div>\n<div class=\"mc-column content-text active-extra-styles \" style=\"text-align: justify;\" data-block-type=\"unstyled\" data-block-weight=\"28\" data-block-id=\"18\">\n<p class=\"content-text__container \" data-track-category=\"Link no Texto\" data-track-links=\"\">Segundo o boletim do Minist\u00e9rio da Sa\u00fade, divulgado neste s\u00e1bado, a m\u00e9dia de mortalidade no pa\u00eds pela Covid- 19 \u00e9 de 5 para cada milh\u00e3o de habitantes.<\/p>\n<\/div>\n<div class=\"mc-column content-text active-extra-styles \" style=\"text-align: justify;\" data-block-type=\"unstyled\" data-block-weight=\"37\" data-block-id=\"19\">\n<p class=\"content-text__container \" data-track-category=\"Link no Texto\" data-track-links=\"\">Tr\u00eas estados s\u00e3o classificados em situa\u00e7\u00e3o de emerg\u00eancia, por terem coeficiente de mortalidade 50% acima da incid\u00eancia nacional, s\u00e3o:\u00a0<strong>Amazonas<\/strong>, com 13,\u00a0<strong>S\u00e3o Paulo<\/strong>, com 12, e\u00a0<strong>Rio de Janeiro<\/strong>, com 9 para cada milh\u00e3o.<\/p>\n<\/div>\n<div class=\"mc-column content-text active-extra-styles \" style=\"text-align: justify;\" data-block-type=\"unstyled\" data-block-weight=\"21\" data-block-id=\"21\">\n<p class=\"content-text__container \" data-track-category=\"Link no Texto\" data-track-links=\"\"><strong>Pernambuco e Cear\u00e1<\/strong> s\u00e3o estados classificados em situa\u00e7\u00e3o de aten\u00e7\u00e3o neste quesito, com 7 mortes para cada milh\u00e3o de habitantes.<\/p>\n<\/div>\n<div class=\"row medium-uncollapsed content-media content-photo\" data-block-type=\"backstage-photo\" data-block-id=\"22\">\n<div class=\"mc-column content-media__container\">\n<div class=\"progressive-img can-open-lightbox\" style=\"text-align: justify;\" data-min-size=\"1008x2991\" data-min-size-url=\"https:\/\/s2.glbimg.com\/66QWEYoanzrtKjoxdJu2Izan5Ck=\/0x0:1200x3561\/1008x0\/smart\/filters:strip_icc()\/i.s3.glbimg.com\/v1\/AUTH_59edd422c0c84a879bd37670ae4f538a\/internal_photos\/bs\/2020\/7\/5\/nQV5S3SLKL7PTCOR06lA\/mapa-brasil-casos-coronavirus1104.png\" data-max-size=\"1600x4748\" data-max-size-url=\"https:\/\/s2.glbimg.com\/HZS9UImRJcy2_v7_VKP5SX13hqM=\/0x0:1200x3561\/1600x0\/smart\/filters:strip_icc()\/i.s3.glbimg.com\/v1\/AUTH_59edd422c0c84a879bd37670ae4f538a\/internal_photos\/bs\/2020\/7\/5\/nQV5S3SLKL7PTCOR06lA\/mapa-brasil-casos-coronavirus1104.png\" data-media-index=\"3\"><picture><source srcset=\"https:\/\/s2.glbimg.com\/r6XuZ0ooKk1VQBiYGG_GKYtc1dg=\/0x0:1200x3561\/600x0\/smart\/filters:strip_icc()\/i.s3.glbimg.com\/v1\/AUTH_59edd422c0c84a879bd37670ae4f538a\/internal_photos\/bs\/2020\/7\/5\/nQV5S3SLKL7PTCOR06lA\/mapa-brasil-casos-coronavirus1104.png 1x, https:\/\/s2.glbimg.com\/MSmzGqs3wHDWk2qQwWLv8vlwKnQ=\/0x0:1200x3561\/1200x0\/smart\/filters:strip_icc()\/i.s3.glbimg.com\/v1\/AUTH_59edd422c0c84a879bd37670ae4f538a\/internal_photos\/bs\/2020\/7\/5\/nQV5S3SLKL7PTCOR06lA\/mapa-brasil-casos-coronavirus1104.png 2x\" media=\"(max-width: 1024px)\" data-src=\"https:\/\/s2.glbimg.com\/r6XuZ0ooKk1VQBiYGG_GKYtc1dg=\/0x0:1200x3561\/600x0\/smart\/filters:strip_icc()\/i.s3.glbimg.com\/v1\/AUTH_59edd422c0c84a879bd37670ae4f538a\/internal_photos\/bs\/2020\/7\/5\/nQV5S3SLKL7PTCOR06lA\/mapa-brasil-casos-coronavirus1104.png 1x, https:\/\/s2.glbimg.com\/MSmzGqs3wHDWk2qQwWLv8vlwKnQ=\/0x0:1200x3561\/1200x0\/smart\/filters:strip_icc()\/i.s3.glbimg.com\/v1\/AUTH_59edd422c0c84a879bd37670ae4f538a\/internal_photos\/bs\/2020\/7\/5\/nQV5S3SLKL7PTCOR06lA\/mapa-brasil-casos-coronavirus1104.png 2x\" \/><source srcset=\"https:\/\/s2.glbimg.com\/ukBY3r3ai_RUFEB4ykf1RIJcWXo=\/0x0:1200x3561\/640x0\/smart\/filters:strip_icc()\/i.s3.glbimg.com\/v1\/AUTH_59edd422c0c84a879bd37670ae4f538a\/internal_photos\/bs\/2020\/7\/5\/nQV5S3SLKL7PTCOR06lA\/mapa-brasil-casos-coronavirus1104.png 1x, https:\/\/s2.glbimg.com\/W0LxwtPpnkrLSP_Pj4tppyPBe4I=\/0x0:1200x3561\/1280x0\/smart\/filters:strip_icc()\/i.s3.glbimg.com\/v1\/AUTH_59edd422c0c84a879bd37670ae4f538a\/internal_photos\/bs\/2020\/7\/5\/nQV5S3SLKL7PTCOR06lA\/mapa-brasil-casos-coronavirus1104.png 2x\" media=\"(max-width: 1280px)\" data-src=\"https:\/\/s2.glbimg.com\/ukBY3r3ai_RUFEB4ykf1RIJcWXo=\/0x0:1200x3561\/640x0\/smart\/filters:strip_icc()\/i.s3.glbimg.com\/v1\/AUTH_59edd422c0c84a879bd37670ae4f538a\/internal_photos\/bs\/2020\/7\/5\/nQV5S3SLKL7PTCOR06lA\/mapa-brasil-casos-coronavirus1104.png 1x, https:\/\/s2.glbimg.com\/W0LxwtPpnkrLSP_Pj4tppyPBe4I=\/0x0:1200x3561\/1280x0\/smart\/filters:strip_icc()\/i.s3.glbimg.com\/v1\/AUTH_59edd422c0c84a879bd37670ae4f538a\/internal_photos\/bs\/2020\/7\/5\/nQV5S3SLKL7PTCOR06lA\/mapa-brasil-casos-coronavirus1104.png 2x\" \/><source srcset=\"https:\/\/s2.glbimg.com\/Kfp3RUCzURXOohQxXatIPu2GYfk=\/0x0:1200x3561\/984x0\/smart\/filters:strip_icc()\/i.s3.glbimg.com\/v1\/AUTH_59edd422c0c84a879bd37670ae4f538a\/internal_photos\/bs\/2020\/7\/5\/nQV5S3SLKL7PTCOR06lA\/mapa-brasil-casos-coronavirus1104.png 1x, https:\/\/s2.glbimg.com\/HqSZtaaULu5rREgfoUDe6tdEq00=\/0x0:1200x3561\/1968x0\/smart\/filters:strip_icc()\/i.s3.glbimg.com\/v1\/AUTH_59edd422c0c84a879bd37670ae4f538a\/internal_photos\/bs\/2020\/7\/5\/nQV5S3SLKL7PTCOR06lA\/mapa-brasil-casos-coronavirus1104.png 2x\" media=\"(max-width: 1360px)\" data-src=\"https:\/\/s2.glbimg.com\/Kfp3RUCzURXOohQxXatIPu2GYfk=\/0x0:1200x3561\/984x0\/smart\/filters:strip_icc()\/i.s3.glbimg.com\/v1\/AUTH_59edd422c0c84a879bd37670ae4f538a\/internal_photos\/bs\/2020\/7\/5\/nQV5S3SLKL7PTCOR06lA\/mapa-brasil-casos-coronavirus1104.png 1x, https:\/\/s2.glbimg.com\/HqSZtaaULu5rREgfoUDe6tdEq00=\/0x0:1200x3561\/1968x0\/smart\/filters:strip_icc()\/i.s3.glbimg.com\/v1\/AUTH_59edd422c0c84a879bd37670ae4f538a\/internal_photos\/bs\/2020\/7\/5\/nQV5S3SLKL7PTCOR06lA\/mapa-brasil-casos-coronavirus1104.png 2x\" \/><source srcset=\"https:\/\/s2.glbimg.com\/mioAbgeCDslRBZ8bdNHZA32FdA0=\/0x0:1200x3561\/1000x0\/smart\/filters:strip_icc()\/i.s3.glbimg.com\/v1\/AUTH_59edd422c0c84a879bd37670ae4f538a\/internal_photos\/bs\/2020\/7\/5\/nQV5S3SLKL7PTCOR06lA\/mapa-brasil-casos-coronavirus1104.png 1x, https:\/\/s2.glbimg.com\/2R8lg7q85ma_jM2t_2Ze7Nt8-h8=\/0x0:1200x3561\/2000x0\/smart\/filters:strip_icc()\/i.s3.glbimg.com\/v1\/AUTH_59edd422c0c84a879bd37670ae4f538a\/internal_photos\/bs\/2020\/7\/5\/nQV5S3SLKL7PTCOR06lA\/mapa-brasil-casos-coronavirus1104.png 2x\" media=\"(min-width: 1361px)\" data-src=\"https:\/\/s2.glbimg.com\/mioAbgeCDslRBZ8bdNHZA32FdA0=\/0x0:1200x3561\/1000x0\/smart\/filters:strip_icc()\/i.s3.glbimg.com\/v1\/AUTH_59edd422c0c84a879bd37670ae4f538a\/internal_photos\/bs\/2020\/7\/5\/nQV5S3SLKL7PTCOR06lA\/mapa-brasil-casos-coronavirus1104.png 1x, https:\/\/s2.glbimg.com\/2R8lg7q85ma_jM2t_2Ze7Nt8-h8=\/0x0:1200x3561\/2000x0\/smart\/filters:strip_icc()\/i.s3.glbimg.com\/v1\/AUTH_59edd422c0c84a879bd37670ae4f538a\/internal_photos\/bs\/2020\/7\/5\/nQV5S3SLKL7PTCOR06lA\/mapa-brasil-casos-coronavirus1104.png 2x\" \/><source srcset=\"https:\/\/s2.glbimg.com\/Kfp3RUCzURXOohQxXatIPu2GYfk=\/0x0:1200x3561\/984x0\/smart\/filters:strip_icc()\/i.s3.glbimg.com\/v1\/AUTH_59edd422c0c84a879bd37670ae4f538a\/internal_photos\/bs\/2020\/7\/5\/nQV5S3SLKL7PTCOR06lA\/mapa-brasil-casos-coronavirus1104.png\" data-src=\"https:\/\/s2.glbimg.com\/Kfp3RUCzURXOohQxXatIPu2GYfk=\/0x0:1200x3561\/984x0\/smart\/filters:strip_icc()\/i.s3.glbimg.com\/v1\/AUTH_59edd422c0c84a879bd37670ae4f538a\/internal_photos\/bs\/2020\/7\/5\/nQV5S3SLKL7PTCOR06lA\/mapa-brasil-casos-coronavirus1104.png\" \/><img decoding=\"async\" class=\"image content-media__image progressive-loaded\" title=\"Brasil chega a 20.727 casos confirmados \u2014 Foto: Guilherme Pinheiro\/G1\" src=\"https:\/\/s2.glbimg.com\/Kfp3RUCzURXOohQxXatIPu2GYfk=\/0x0:1200x3561\/984x0\/smart\/filters:strip_icc()\/i.s3.glbimg.com\/v1\/AUTH_59edd422c0c84a879bd37670ae4f538a\/internal_photos\/bs\/2020\/7\/5\/nQV5S3SLKL7PTCOR06lA\/mapa-brasil-casos-coronavirus1104.png\" alt=\"Brasil chega a 20.727 casos confirmados \u2014 Foto: Guilherme Pinheiro\/G1\" data-src=\"https:\/\/s2.glbimg.com\/Kfp3RUCzURXOohQxXatIPu2GYfk=\/0x0:1200x3561\/984x0\/smart\/filters:strip_icc()\/i.s3.glbimg.com\/v1\/AUTH_59edd422c0c84a879bd37670ae4f538a\/internal_photos\/bs\/2020\/7\/5\/nQV5S3SLKL7PTCOR06lA\/mapa-brasil-casos-coronavirus1104.png\" \/><\/picture><\/div>\n<p class=\"content-media__description \" style=\"text-align: justify;\">Brasil chega a 20.727 casos confirmados \u2014 Foto: Guilherme Pinheiro\/G1<\/p>\n<p style=\"text-align: justify;\">Fonte: G1<\/p>\n<\/div>\n<\/div>\n<\/div>\n","protected":false},"excerpt":{"rendered":"<p>Balan\u00e7o da pasta foi divulgado neste s\u00e1bado (11). Em 24 horas, foram mais 1.089 casos e 68 mortes somadas \u00e0s estat\u00edsticas. Evolu\u00e7\u00e3o das mortes por coronav\u00edrus no Brasil desde 17 de mar\u00e7o \u2014 Foto: Guilherme Pinheiro\/ G1 O balan\u00e7o dos casos de Covid-19 divulgados pelo Minist\u00e9rio da Sa\u00fade neste s\u00e1bado (11) aponta: 1.124 mortes 20.727 [&hellip;]<\/p>\n","protected":false},"author":1,"featured_media":23566,"comment_status":"closed","ping_status":"open","sticky":false,"template":"","format":"standard","meta":{"footnotes":""},"categories":[110,122],"tags":[],"class_list":["post-23564","post","type-post","status-publish","format-standard","has-post-thumbnail","hentry","category-noticiasdestaque","category-saudeeducacaoeconcurso"],"_links":{"self":[{"href":"https:\/\/jorgezanoni.com.br\/2019\/wp-json\/wp\/v2\/posts\/23564","targetHints":{"allow":["GET"]}}],"collection":[{"href":"https:\/\/jorgezanoni.com.br\/2019\/wp-json\/wp\/v2\/posts"}],"about":[{"href":"https:\/\/jorgezanoni.com.br\/2019\/wp-json\/wp\/v2\/types\/post"}],"author":[{"embeddable":true,"href":"https:\/\/jorgezanoni.com.br\/2019\/wp-json\/wp\/v2\/users\/1"}],"replies":[{"embeddable":true,"href":"https:\/\/jorgezanoni.com.br\/2019\/wp-json\/wp\/v2\/comments?post=23564"}],"version-history":[{"count":0,"href":"https:\/\/jorgezanoni.com.br\/2019\/wp-json\/wp\/v2\/posts\/23564\/revisions"}],"wp:featuredmedia":[{"embeddable":true,"href":"https:\/\/jorgezanoni.com.br\/2019\/wp-json\/wp\/v2\/media\/23566"}],"wp:attachment":[{"href":"https:\/\/jorgezanoni.com.br\/2019\/wp-json\/wp\/v2\/media?parent=23564"}],"wp:term":[{"taxonomy":"category","embeddable":true,"href":"https:\/\/jorgezanoni.com.br\/2019\/wp-json\/wp\/v2\/categories?post=23564"},{"taxonomy":"post_tag","embeddable":true,"href":"https:\/\/jorgezanoni.com.br\/2019\/wp-json\/wp\/v2\/tags?post=23564"}],"curies":[{"name":"wp","href":"https:\/\/api.w.org\/{rel}","templated":true}]}}