{"id":2355,"date":"2019-07-29T22:13:01","date_gmt":"2019-07-29T22:13:01","guid":{"rendered":"https:\/\/jorgezanoni.com.br\/2019\/?p=2355"},"modified":"2019-07-29T22:13:01","modified_gmt":"2019-07-29T22:13:01","slug":"dia-do-motorista-e-comemorado-com-missa-e-bencao-dos-veiculos","status":"publish","type":"post","link":"https:\/\/jorgezanoni.com.br\/2019\/dia-do-motorista-e-comemorado-com-missa-e-bencao-dos-veiculos\/","title":{"rendered":"Dia do Motorista \u00e9 comemorado com missa e b\u00ean\u00e7\u00e3o dos ve\u00edculos"},"content":{"rendered":"<p class=\"ydpb66d04deMsoNormal\" style=\"text-align: justify;\">Neste domingo, a Par\u00f3quia Nossa Senhora Aparecida realizou a Festa do Dia do Motorista e do Padroeiro S\u00e3o Crist\u00f3v\u00e3o, pela manh\u00e3. Houve carreata, missa e b\u00ean\u00e7\u00e3o dos ve\u00edculos. Participaram pela primeira vez as ambul\u00e2ncias adquiridas pelo munic\u00edpio.<\/p>\n<p class=\"ydpb66d04deMsoNormal\" style=\"text-align: justify;\">O frei A\u00edrton Grigoleto celebrou a missa e pediu ora\u00e7\u00f5es pelos motoristas j\u00e1 falecidos e aos condutores em geral. Ainda destacou a comemora\u00e7\u00e3o do Dia do Agricultor. Durante a b\u00ean\u00e7\u00e3o foram distribu\u00eddos adesivos com a imagem de S\u00e3o Crist\u00f3v\u00e3o.<\/p>\n<p class=\"ydpb66d04deMsoNormal\" style=\"text-align: justify;\"><img loading=\"lazy\" decoding=\"async\" class=\"alignnone size-full wp-image-2356\" src=\"https:\/\/jorgezanoni.com.br\/2019\/wp-content\/uploads\/2019\/07\/Prociss\u00e3o-2.jpg\" alt=\"\" width=\"1024\" height=\"737\" srcset=\"https:\/\/jorgezanoni.com.br\/2019\/wp-content\/uploads\/2019\/07\/Prociss\u00e3o-2.jpg 1024w, https:\/\/jorgezanoni.com.br\/2019\/wp-content\/uploads\/2019\/07\/Prociss\u00e3o-2-300x216.jpg 300w, https:\/\/jorgezanoni.com.br\/2019\/wp-content\/uploads\/2019\/07\/Prociss\u00e3o-2-768x553.jpg 768w, https:\/\/jorgezanoni.com.br\/2019\/wp-content\/uploads\/2019\/07\/Prociss\u00e3o-2-696x501.jpg 696w, https:\/\/jorgezanoni.com.br\/2019\/wp-content\/uploads\/2019\/07\/Prociss\u00e3o-2-584x420.jpg 584w\" sizes=\"auto, (max-width: 1024px) 100vw, 1024px\" \/> <img loading=\"lazy\" decoding=\"async\" class=\"alignnone size-full wp-image-2357\" src=\"https:\/\/jorgezanoni.com.br\/2019\/wp-content\/uploads\/2019\/07\/Prociss\u00e3o-4.jpg\" alt=\"\" width=\"1024\" height=\"507\" srcset=\"https:\/\/jorgezanoni.com.br\/2019\/wp-content\/uploads\/2019\/07\/Prociss\u00e3o-4.jpg 1024w, https:\/\/jorgezanoni.com.br\/2019\/wp-content\/uploads\/2019\/07\/Prociss\u00e3o-4-300x149.jpg 300w, https:\/\/jorgezanoni.com.br\/2019\/wp-content\/uploads\/2019\/07\/Prociss\u00e3o-4-768x380.jpg 768w, https:\/\/jorgezanoni.com.br\/2019\/wp-content\/uploads\/2019\/07\/Prociss\u00e3o-4-324x160.jpg 324w, https:\/\/jorgezanoni.com.br\/2019\/wp-content\/uploads\/2019\/07\/Prociss\u00e3o-4-696x345.jpg 696w, https:\/\/jorgezanoni.com.br\/2019\/wp-content\/uploads\/2019\/07\/Prociss\u00e3o-4-848x420.jpg 848w\" sizes=\"auto, (max-width: 1024px) 100vw, 1024px\" \/> <img loading=\"lazy\" decoding=\"async\" class=\"alignnone size-full wp-image-2358\" src=\"https:\/\/jorgezanoni.com.br\/2019\/wp-content\/uploads\/2019\/07\/Prociss\u00e3o-5.jpg\" alt=\"\" width=\"1024\" height=\"587\" srcset=\"https:\/\/jorgezanoni.com.br\/2019\/wp-content\/uploads\/2019\/07\/Prociss\u00e3o-5.jpg 1024w, https:\/\/jorgezanoni.com.br\/2019\/wp-content\/uploads\/2019\/07\/Prociss\u00e3o-5-300x172.jpg 300w, https:\/\/jorgezanoni.com.br\/2019\/wp-content\/uploads\/2019\/07\/Prociss\u00e3o-5-768x440.jpg 768w, https:\/\/jorgezanoni.com.br\/2019\/wp-content\/uploads\/2019\/07\/Prociss\u00e3o-5-696x399.jpg 696w, https:\/\/jorgezanoni.com.br\/2019\/wp-content\/uploads\/2019\/07\/Prociss\u00e3o-5-733x420.jpg 733w\" sizes=\"auto, (max-width: 1024px) 100vw, 1024px\" \/> <img loading=\"lazy\" decoding=\"async\" class=\"alignnone size-full wp-image-2359\" src=\"https:\/\/jorgezanoni.com.br\/2019\/wp-content\/uploads\/2019\/07\/Prociss\u00e3o-6.jpg\" alt=\"\" width=\"1006\" height=\"768\" srcset=\"https:\/\/jorgezanoni.com.br\/2019\/wp-content\/uploads\/2019\/07\/Prociss\u00e3o-6.jpg 1006w, https:\/\/jorgezanoni.com.br\/2019\/wp-content\/uploads\/2019\/07\/Prociss\u00e3o-6-300x229.jpg 300w, https:\/\/jorgezanoni.com.br\/2019\/wp-content\/uploads\/2019\/07\/Prociss\u00e3o-6-768x586.jpg 768w, https:\/\/jorgezanoni.com.br\/2019\/wp-content\/uploads\/2019\/07\/Prociss\u00e3o-6-80x60.jpg 80w, https:\/\/jorgezanoni.com.br\/2019\/wp-content\/uploads\/2019\/07\/Prociss\u00e3o-6-696x531.jpg 696w, https:\/\/jorgezanoni.com.br\/2019\/wp-content\/uploads\/2019\/07\/Prociss\u00e3o-6-550x420.jpg 550w\" sizes=\"auto, (max-width: 1006px) 100vw, 1006px\" \/> <img loading=\"lazy\" decoding=\"async\" class=\"alignnone size-full wp-image-2360\" src=\"https:\/\/jorgezanoni.com.br\/2019\/wp-content\/uploads\/2019\/07\/Prociss\u00e3o-8.jpg\" alt=\"\" width=\"1024\" height=\"738\" srcset=\"https:\/\/jorgezanoni.com.br\/2019\/wp-content\/uploads\/2019\/07\/Prociss\u00e3o-8.jpg 1024w, https:\/\/jorgezanoni.com.br\/2019\/wp-content\/uploads\/2019\/07\/Prociss\u00e3o-8-300x216.jpg 300w, https:\/\/jorgezanoni.com.br\/2019\/wp-content\/uploads\/2019\/07\/Prociss\u00e3o-8-768x554.jpg 768w, https:\/\/jorgezanoni.com.br\/2019\/wp-content\/uploads\/2019\/07\/Prociss\u00e3o-8-324x235.jpg 324w, https:\/\/jorgezanoni.com.br\/2019\/wp-content\/uploads\/2019\/07\/Prociss\u00e3o-8-696x502.jpg 696w, https:\/\/jorgezanoni.com.br\/2019\/wp-content\/uploads\/2019\/07\/Prociss\u00e3o-8-583x420.jpg 583w\" sizes=\"auto, (max-width: 1024px) 100vw, 1024px\" \/> <img loading=\"lazy\" decoding=\"async\" class=\"alignnone size-full wp-image-2361\" src=\"https:\/\/jorgezanoni.com.br\/2019\/wp-content\/uploads\/2019\/07\/Prociss\u00e3o-10-1.jpg\" alt=\"\" width=\"1024\" height=\"623\" srcset=\"https:\/\/jorgezanoni.com.br\/2019\/wp-content\/uploads\/2019\/07\/Prociss\u00e3o-10-1.jpg 1024w, https:\/\/jorgezanoni.com.br\/2019\/wp-content\/uploads\/2019\/07\/Prociss\u00e3o-10-1-300x183.jpg 300w, https:\/\/jorgezanoni.com.br\/2019\/wp-content\/uploads\/2019\/07\/Prociss\u00e3o-10-1-768x467.jpg 768w, https:\/\/jorgezanoni.com.br\/2019\/wp-content\/uploads\/2019\/07\/Prociss\u00e3o-10-1-696x423.jpg 696w, https:\/\/jorgezanoni.com.br\/2019\/wp-content\/uploads\/2019\/07\/Prociss\u00e3o-10-1-690x420.jpg 690w\" sizes=\"auto, (max-width: 1024px) 100vw, 1024px\" \/> <img loading=\"lazy\" decoding=\"async\" class=\"alignnone size-full wp-image-2362\" src=\"https:\/\/jorgezanoni.com.br\/2019\/wp-content\/uploads\/2019\/07\/Prociss\u00e3o-10.jpg\" alt=\"\" width=\"1024\" height=\"623\" srcset=\"https:\/\/jorgezanoni.com.br\/2019\/wp-content\/uploads\/2019\/07\/Prociss\u00e3o-10.jpg 1024w, https:\/\/jorgezanoni.com.br\/2019\/wp-content\/uploads\/2019\/07\/Prociss\u00e3o-10-300x183.jpg 300w, https:\/\/jorgezanoni.com.br\/2019\/wp-content\/uploads\/2019\/07\/Prociss\u00e3o-10-768x467.jpg 768w, https:\/\/jorgezanoni.com.br\/2019\/wp-content\/uploads\/2019\/07\/Prociss\u00e3o-10-696x423.jpg 696w, https:\/\/jorgezanoni.com.br\/2019\/wp-content\/uploads\/2019\/07\/Prociss\u00e3o-10-690x420.jpg 690w\" sizes=\"auto, (max-width: 1024px) 100vw, 1024px\" \/> <img loading=\"lazy\" decoding=\"async\" class=\"alignnone size-full wp-image-2363\" src=\"https:\/\/jorgezanoni.com.br\/2019\/wp-content\/uploads\/2019\/07\/Prociss\u00e3o-14.jpg\" alt=\"\" width=\"1024\" height=\"762\" srcset=\"https:\/\/jorgezanoni.com.br\/2019\/wp-content\/uploads\/2019\/07\/Prociss\u00e3o-14.jpg 1024w, https:\/\/jorgezanoni.com.br\/2019\/wp-content\/uploads\/2019\/07\/Prociss\u00e3o-14-300x223.jpg 300w, https:\/\/jorgezanoni.com.br\/2019\/wp-content\/uploads\/2019\/07\/Prociss\u00e3o-14-768x572.jpg 768w, https:\/\/jorgezanoni.com.br\/2019\/wp-content\/uploads\/2019\/07\/Prociss\u00e3o-14-80x60.jpg 80w, https:\/\/jorgezanoni.com.br\/2019\/wp-content\/uploads\/2019\/07\/Prociss\u00e3o-14-265x198.jpg 265w, https:\/\/jorgezanoni.com.br\/2019\/wp-content\/uploads\/2019\/07\/Prociss\u00e3o-14-696x518.jpg 696w, https:\/\/jorgezanoni.com.br\/2019\/wp-content\/uploads\/2019\/07\/Prociss\u00e3o-14-564x420.jpg 564w\" sizes=\"auto, (max-width: 1024px) 100vw, 1024px\" \/> <img loading=\"lazy\" decoding=\"async\" class=\"alignnone size-full wp-image-2364\" src=\"https:\/\/jorgezanoni.com.br\/2019\/wp-content\/uploads\/2019\/07\/Prociss\u00e3o-16.jpg\" alt=\"\" width=\"1024\" height=\"612\" srcset=\"https:\/\/jorgezanoni.com.br\/2019\/wp-content\/uploads\/2019\/07\/Prociss\u00e3o-16.jpg 1024w, https:\/\/jorgezanoni.com.br\/2019\/wp-content\/uploads\/2019\/07\/Prociss\u00e3o-16-300x179.jpg 300w, https:\/\/jorgezanoni.com.br\/2019\/wp-content\/uploads\/2019\/07\/Prociss\u00e3o-16-768x459.jpg 768w, https:\/\/jorgezanoni.com.br\/2019\/wp-content\/uploads\/2019\/07\/Prociss\u00e3o-16-696x416.jpg 696w, https:\/\/jorgezanoni.com.br\/2019\/wp-content\/uploads\/2019\/07\/Prociss\u00e3o-16-703x420.jpg 703w\" sizes=\"auto, (max-width: 1024px) 100vw, 1024px\" \/> <img loading=\"lazy\" decoding=\"async\" class=\"alignnone size-full wp-image-2365\" src=\"https:\/\/jorgezanoni.com.br\/2019\/wp-content\/uploads\/2019\/07\/Prociss\u00e3o-18.jpg\" alt=\"\" width=\"1024\" height=\"738\" srcset=\"https:\/\/jorgezanoni.com.br\/2019\/wp-content\/uploads\/2019\/07\/Prociss\u00e3o-18.jpg 1024w, https:\/\/jorgezanoni.com.br\/2019\/wp-content\/uploads\/2019\/07\/Prociss\u00e3o-18-300x216.jpg 300w, https:\/\/jorgezanoni.com.br\/2019\/wp-content\/uploads\/2019\/07\/Prociss\u00e3o-18-768x554.jpg 768w, https:\/\/jorgezanoni.com.br\/2019\/wp-content\/uploads\/2019\/07\/Prociss\u00e3o-18-324x235.jpg 324w, https:\/\/jorgezanoni.com.br\/2019\/wp-content\/uploads\/2019\/07\/Prociss\u00e3o-18-696x502.jpg 696w, https:\/\/jorgezanoni.com.br\/2019\/wp-content\/uploads\/2019\/07\/Prociss\u00e3o-18-583x420.jpg 583w\" sizes=\"auto, (max-width: 1024px) 100vw, 1024px\" \/><\/p>\n<p>Fonte: Pastoral da Comunica\u00e7\u00e3o<\/p>\n","protected":false},"excerpt":{"rendered":"<p>Neste domingo, a Par\u00f3quia Nossa Senhora Aparecida realizou a Festa do Dia do Motorista e do Padroeiro S\u00e3o Crist\u00f3v\u00e3o, pela manh\u00e3. Houve carreata, missa e b\u00ean\u00e7\u00e3o dos ve\u00edculos. Participaram pela primeira vez as ambul\u00e2ncias adquiridas pelo munic\u00edpio. O frei A\u00edrton Grigoleto celebrou a missa e pediu ora\u00e7\u00f5es pelos motoristas j\u00e1 falecidos e aos condutores em [&hellip;]<\/p>\n","protected":false},"author":1,"featured_media":2368,"comment_status":"closed","ping_status":"open","sticky":false,"template":"","format":"standard","meta":{"footnotes":""},"categories":[110,118],"tags":[],"class_list":["post-2355","post","type-post","status-publish","format-standard","has-post-thumbnail","hentry","category-noticiasdestaque","category-religiaoesolidariedade"],"_links":{"self":[{"href":"https:\/\/jorgezanoni.com.br\/2019\/wp-json\/wp\/v2\/posts\/2355","targetHints":{"allow":["GET"]}}],"collection":[{"href":"https:\/\/jorgezanoni.com.br\/2019\/wp-json\/wp\/v2\/posts"}],"about":[{"href":"https:\/\/jorgezanoni.com.br\/2019\/wp-json\/wp\/v2\/types\/post"}],"author":[{"embeddable":true,"href":"https:\/\/jorgezanoni.com.br\/2019\/wp-json\/wp\/v2\/users\/1"}],"replies":[{"embeddable":true,"href":"https:\/\/jorgezanoni.com.br\/2019\/wp-json\/wp\/v2\/comments?post=2355"}],"version-history":[{"count":0,"href":"https:\/\/jorgezanoni.com.br\/2019\/wp-json\/wp\/v2\/posts\/2355\/revisions"}],"wp:featuredmedia":[{"embeddable":true,"href":"https:\/\/jorgezanoni.com.br\/2019\/wp-json\/wp\/v2\/media\/2368"}],"wp:attachment":[{"href":"https:\/\/jorgezanoni.com.br\/2019\/wp-json\/wp\/v2\/media?parent=2355"}],"wp:term":[{"taxonomy":"category","embeddable":true,"href":"https:\/\/jorgezanoni.com.br\/2019\/wp-json\/wp\/v2\/categories?post=2355"},{"taxonomy":"post_tag","embeddable":true,"href":"https:\/\/jorgezanoni.com.br\/2019\/wp-json\/wp\/v2\/tags?post=2355"}],"curies":[{"name":"wp","href":"https:\/\/api.w.org\/{rel}","templated":true}]}}