{"id":23549,"date":"2020-04-11T23:52:49","date_gmt":"2020-04-11T23:52:49","guid":{"rendered":"https:\/\/jorgezanoni.com.br\/2019\/?p=23549"},"modified":"2020-04-11T23:52:49","modified_gmt":"2020-04-11T23:52:49","slug":"como-sera-que-esta-sendo-tratada-a-dengue-em-dracena","status":"publish","type":"post","link":"https:\/\/jorgezanoni.com.br\/2019\/como-sera-que-esta-sendo-tratada-a-dengue-em-dracena\/","title":{"rendered":"Como ser\u00e1 que est\u00e1 sendo tratada a Dengue em Dracena?"},"content":{"rendered":"<p style=\"text-align: justify;\"><strong>At\u00e9 a \u00faltima ter\u00e7a-feira (7) em n\u00fameros apresentados \u201cexclusivamente\u201d para a Tv Fronteira, existiam 2.057 casos registrados. Acreditamos que existam muitos mais.<\/strong><\/p>\n<p style=\"text-align: justify;\">Uma cidade onde existe uma Assessoria de Comunica\u00e7\u00e3o que n\u00e3o tem autonomia para absolutamente nada, que fica a merc\u00ea dos \u201ccaprichos\u201d da administra\u00e7\u00e3o municipal, s\u00f3 pode deixar uma popula\u00e7\u00e3o <strong>DESinformada.<\/strong><\/p>\n<p style=\"text-align: justify;\">Sen\u00e3o vejamos: Caso de Meningite viral na Creche do jardim Alvorada, duas mortes por Dengue na cidade, Interna\u00e7\u00e3o por Coronav\u00edrus, entre outras, s\u00f3 veio \u00e0 tona por conta de alguns \u00f3rg\u00e3os de uma imprensa s\u00e9rios e investigativos que existe em Dracena, caso contr\u00e1rio talvez at\u00e9 hoje ningu\u00e9m estivesse sabendo.<\/p>\n<p style=\"text-align: justify;\">Outro exemplo, e ai al\u00e9m da comunica\u00e7\u00e3o ineficiente que temos, entra a falta de planejamento. Na pr\u00f3xima segunda-feira (13), ser\u00e3o aplicadas vacinas contra a gripe para idosos, agora nas escolas municipais. Porque j\u00e1 n\u00e3o se fez isso antes? Dracena vive de testes, de experi\u00eancias e na maioria das vezes, n\u00e3o d\u00e3o certo. Nada concreto e que mere\u00e7a aplausos, temos que criticar sim. Aplausos s\u00f3 para o pessoal de campo que visitam as resid\u00eancias.<\/p>\n<p style=\"text-align: justify;\">Porque o senhor prefeito municipal n\u00e3o vem a p\u00fablico para toda a imprensa escrita, falada, televisada, sites e blogs e d\u00e1 explica\u00e7\u00f5es pontuais em vez de ficar fazendo v\u00eddeos que uma minoria de cidad\u00e3os tem acesso e mandando apenas para \u201cGrupos\u201d do seu meio?<\/p>\n<p style=\"text-align: justify;\">Porque s\u00f3 fala para um \u00f3rg\u00e3o de imprensa que publica atos oficiais por for\u00e7a de concorr\u00eancia p\u00fablica? Ali\u00e1s j\u00e1 passou da hora de se fazer uma economia aos cofres p\u00fablicos de mais de R$ 150 mil reais por ano e divulgar os ato on line no Site da Prefeitura. Alguma vez at\u00e9 fala para outro \u00f3rg\u00e3o mas tamb\u00e9m \u00e9 um aliado pol\u00edtico.<\/p>\n<p style=\"text-align: justify;\">N\u00f3s imprensa s\u00e9ria, e falo aqui de todos os \u00f3rg\u00e3os, j\u00e1 nos colocamos \u00e1 disposi\u00e7\u00e3o, mas acreditamos que o \u201cmedo\u201d das perguntas que faremos \u00e9 que faz com que n\u00e3o exista coletivas de imprensa, coletivas essas que achamos obriga\u00e7\u00e3o, pois n\u00e3o somos n\u00f3s que clamamos, mas a popula\u00e7\u00e3o, que os administradores venham a p\u00fablico e falem o que realmente est\u00e1 acontecendo em nossa cidade. Tem uma prova recente que quando se faz uma coletiva e se \u00e9 convidado, todos comparecem, isso aconteceu h\u00e1 poucos dias.<\/p>\n<p style=\"text-align: justify;\">Enquanto vemos uma regi\u00e3o toda, com prefeitos e secret\u00e1rios da sa\u00fade vindo a p\u00fablico dar satisfa\u00e7\u00f5es, \u201cmostrar a cara\u201d, em Dracena \u00e9 totalmente ao contr\u00e1rio, evitam falar e metem os p\u00e9s pelas m\u00e3os, nunca ouvindo uma opini\u00e3o, somente os secret\u00e1rios e assessores \u00e9 que sabem tudo, a popula\u00e7\u00e3o n\u00e3o tem direito a nada, s\u00f3 a votar e ficar calada.<\/p>\n<p style=\"text-align: justify;\">J\u00e1 \u00e9 hora de pensar e repensar, ser\u00e1 que em mais de tr\u00eas anos de mandato dessa administra\u00e7\u00e3o n\u00e3o entendeu ainda que o caminho percorrido est\u00e1 errado? Ser\u00e1 que a soberba e o poder falam mais alto que uma popula\u00e7\u00e3o inteira?<\/p>\n<p style=\"text-align: justify;\"><strong>Queremos lembrar que o \u00f3rg\u00e3o oficial para divulga\u00e7\u00e3o das a\u00e7\u00f5es da administra\u00e7\u00e3o, \u00e9 o site da Prefeitura Municipal de Dracena: <a href=\"https:\/\/www.dracena.sp.gov.br\/\">https:\/\/www.dracena.sp.gov.br\/<\/a><\/strong><\/p>\n<p style=\"text-align: justify;\">Esse sim \u00e9 o local para divulgar tudo relacionado ao munic\u00edpio, e que Facebook e outras ferramentas \u00e9 para complementar informa\u00e7\u00f5es, al\u00e9m do que a Assessoria de Imprensa tem \u201cOBRIGA\u00c7\u00c3O\u201d de divulgar para todos os \u00f3rg\u00e3os indistintamente, todas as not\u00edcias de cunho que envolva a sociedade, pois \u00e9 paga para isso, e somos n\u00f3s que pagamos.<\/p>\n<p style=\"text-align: justify;\"><strong>Lembrando que a Assessoria de Imprensa tem o e-mail de todos os \u00f3rg\u00e3os, e que \u00e9 o meio mais seguro para enviar mat\u00e9rias. Reiteramos que \u00e9 \u201cOBRIGA\u00c7\u00c3O\u201d de voc\u00eas nos enviarem, e n\u00e3o n\u00f3s de ficarmos pedindo ou insistindo para ter algum tipo de informa\u00e7\u00e3o.<\/strong><\/p>\n<p style=\"text-align: justify;\">Cabe tamb\u00e9m a Assessoria de Imprensa manter atualizado diariamente o Site da Prefeitura Municipal. Esta semana vimos mat\u00e9ria do colunista Jos\u00e9 Narciso que dia 7 estava com atualiza\u00e7\u00e3o do dia 1\u00ba. Ainda podemos apontar que a Secretaria de Agricultura, Meio Ambiente e Limpeza P\u00fablica, j\u00e1 mudou de secret\u00e1rio h\u00e1 mais de duas semanas e n\u00e3o foi alterado ainda. J\u00e1 a Secretaria de Sa\u00fade e Higiene P\u00fablica n\u00e3o consta o nome da secret\u00e1ria que est\u00e1 na pasta h\u00e1 pelo menos dois meses. Lembrando ainda que ficamos sabemos das mudan\u00e7as por terceiros, n\u00e3o fomos comunicados oficialmente.<\/p>\n<p style=\"text-align: justify;\">N\u00f3s, imprensa e mun\u00edcipes merecemos respeito, queremos e precisamos saber das coisas que est\u00e3o acontecendo em nossa cidade, e para isso repito, todos os \u00f3rg\u00e3os indistintamente j\u00e1 se colocaram \u00e0 disposi\u00e7\u00e3o, basta boa vontade e humildade por parte da administra\u00e7\u00e3o.<\/p>\n<p style=\"text-align: justify;\">Jorge Zanoni<\/p>\n<p style=\"text-align: justify;\">\n<p style=\"text-align: justify;\">\n","protected":false},"excerpt":{"rendered":"<p>At\u00e9 a \u00faltima ter\u00e7a-feira (7) em n\u00fameros apresentados \u201cexclusivamente\u201d para a Tv Fronteira, existiam 2.057 casos registrados. Acreditamos que existam muitos mais. Uma cidade onde existe uma Assessoria de Comunica\u00e7\u00e3o que n\u00e3o tem autonomia para absolutamente nada, que fica a merc\u00ea dos \u201ccaprichos\u201d da administra\u00e7\u00e3o municipal, s\u00f3 pode deixar uma popula\u00e7\u00e3o DESinformada. Sen\u00e3o vejamos: Caso [&hellip;]<\/p>\n","protected":false},"author":1,"featured_media":23552,"comment_status":"closed","ping_status":"open","sticky":false,"template":"","format":"standard","meta":{"footnotes":""},"categories":[179,184,110],"tags":[],"class_list":["post-23549","post","type-post","status-publish","format-standard","has-post-thumbnail","hentry","category-cidadeseregiao","category-dracena","category-noticiasdestaque"],"_links":{"self":[{"href":"https:\/\/jorgezanoni.com.br\/2019\/wp-json\/wp\/v2\/posts\/23549","targetHints":{"allow":["GET"]}}],"collection":[{"href":"https:\/\/jorgezanoni.com.br\/2019\/wp-json\/wp\/v2\/posts"}],"about":[{"href":"https:\/\/jorgezanoni.com.br\/2019\/wp-json\/wp\/v2\/types\/post"}],"author":[{"embeddable":true,"href":"https:\/\/jorgezanoni.com.br\/2019\/wp-json\/wp\/v2\/users\/1"}],"replies":[{"embeddable":true,"href":"https:\/\/jorgezanoni.com.br\/2019\/wp-json\/wp\/v2\/comments?post=23549"}],"version-history":[{"count":0,"href":"https:\/\/jorgezanoni.com.br\/2019\/wp-json\/wp\/v2\/posts\/23549\/revisions"}],"wp:featuredmedia":[{"embeddable":true,"href":"https:\/\/jorgezanoni.com.br\/2019\/wp-json\/wp\/v2\/media\/23552"}],"wp:attachment":[{"href":"https:\/\/jorgezanoni.com.br\/2019\/wp-json\/wp\/v2\/media?parent=23549"}],"wp:term":[{"taxonomy":"category","embeddable":true,"href":"https:\/\/jorgezanoni.com.br\/2019\/wp-json\/wp\/v2\/categories?post=23549"},{"taxonomy":"post_tag","embeddable":true,"href":"https:\/\/jorgezanoni.com.br\/2019\/wp-json\/wp\/v2\/tags?post=23549"}],"curies":[{"name":"wp","href":"https:\/\/api.w.org\/{rel}","templated":true}]}}