{"id":23539,"date":"2020-04-11T15:00:10","date_gmt":"2020-04-11T15:00:10","guid":{"rendered":"https:\/\/jorgezanoni.com.br\/2019\/?p=23539"},"modified":"2020-04-11T15:00:10","modified_gmt":"2020-04-11T15:00:10","slug":"a-guerra-continua","status":"publish","type":"post","link":"https:\/\/jorgezanoni.com.br\/2019\/a-guerra-continua\/","title":{"rendered":"A Guerra continua&#8230;"},"content":{"rendered":"<p style=\"text-align: justify;\"><strong>A GUERRA CONTINUA&#8230;<\/strong><\/p>\n<p style=\"text-align: justify;\"><strong>*CLAUDIVAL CLEMENTE.<\/strong><\/p>\n<p style=\"text-align: justify;\"><strong>**CLAUDIVAL MOURA CLEMENTE<\/strong><\/p>\n<p style=\"text-align: justify;\">Para compreender a quest\u00e3o do isolamento social, no combate ao covid19, \u00e9 preciso analisar alguns aspectos daepidemiologia(estudo dos diversos fatores que interv\u00eam na difus\u00e3o e propaga\u00e7\u00e3o das doen\u00e7as), tais como a forma de contamina\u00e7\u00e3o e a chamada curva de cont\u00e1gio a demonstrar, em um modelo matem\u00e1tico, a quantidade de pessoas que \u201cprovavelmente\u201d ser\u00e3o contaminadas.<\/p>\n<p style=\"text-align: justify;\">\u00c9 um assunto complicado e para um exame frio do assunto, o leitor e a leitora, t\u00eam que se distanciar de posicionamentos pol\u00edticos-ideol\u00f3gicos, abandonando a postura de esquerda, direita ou mesmo centro. \u00c9 preciso lembrar que os governadores e prefeitos perseguem o mesmo objetivo do Governo Federal, qual seja, o combate ao v\u00edrus e a preserva\u00e7\u00e3o das atividades econ\u00f4micas; afinal, os governadores e prefeitos mant\u00e9m as atividades dos seus governos por meio da arrecada\u00e7\u00e3o dos impostos e taxas e s\u00f3 s\u00e3o realizadas com o funcionamento dos neg\u00f3cios em geral.<\/p>\n<p style=\"text-align: justify;\">Politizar o combate ao covid19 \u00e9 um erro, pois a popula\u00e7\u00e3o precisa da prote\u00e7\u00e3o dos governantes nos tr\u00eas n\u00edveis e o enfrentamento pol\u00edtico, entre si, destas autoridades \u00e9 totalmente prejudicial ao povo, que no final das contas, \u00e9 quem mantem, com o dinheiro que pagam os impostos, estes governos.<\/p>\n<p style=\"text-align: justify;\">Voltando ao in\u00edcio, a transmiss\u00e3o do covid19 se d\u00e1 por meio da saliva humana, atrav\u00e9s da fala, espirro ou tosse. S\u00f3 falando o ser humano eventualmente contaminado pode passar para outra pessoa, \u00a0o v\u00edrus, por meio dos tais \u201cperdigotos\u201d, que s\u00e3o got\u00edculas contaminadas. Estas got\u00edculas podem atingir a boca, os olhos e o nariz da pessoa pr\u00f3xima e para se evitar esta possibilidade, al\u00e9m do uso de m\u00e1scaras, o ideal \u00e9 que uma pessoa esteja distante da outra, pelo menos dois metros.<\/p>\n<p style=\"text-align: justify;\">Se v\u00e1rias pessoas est\u00e3o no mesmo local existe o risco da contamina\u00e7\u00e3o, que tamb\u00e9m pode ocorrer atrav\u00e9s de apertos de m\u00e3os, pois os tais \u201cperdigotos\u201d ficam \u201cgrudados\u201d na m\u00e3o da pessoa e tamb\u00e9m nas superf\u00edcies, como ma\u00e7anetas, balc\u00f5es, corrim\u00f5es e mesas.O comportamento higi\u00eanico correto \u00e9 nunca levar as m\u00e3os aos olhos, nariz ou boca. Mas pode acontecer por descuido.<\/p>\n<p style=\"text-align: justify;\">A primeira provid\u00eancia para evitar o espalhamento da doen\u00e7a \u00e9 justamente impedir que v\u00e1rias pessoas permane\u00e7am juntas, seja no trabalho, escola ou igrejas. Este isolamento social minimiza a probabilidade de transmiss\u00e3o dos v\u00edrus. A vantagem em diminuir as transmiss\u00f5es tem impacto na curva de cont\u00e1gio, pois derrubada dos n\u00fameros da probabilidade de contamina\u00e7\u00e3o, mesmo que a pessoa esteja fora dos grupos mais vulner\u00e1veis \u00e0 enfermidade: pessoas idosas e portadoras de doen\u00e7as cr\u00f4nicas, \u00e9 importante aspecto no combate ao tamanho da contamina\u00e7\u00e3o, para achatar a curva de cont\u00e1gio, com contamina\u00e7\u00e3o gradual da popula\u00e7\u00e3o, evitando o congestionamento dos leitos hospitalares, alcan\u00e7ado at\u00e9 os hospitais particulares.<\/p>\n<p style=\"text-align: justify;\">Observando a evolu\u00e7\u00e3o da doen\u00e7a em outros pa\u00edses, cuja pandemia chegou primeiro, constata-se que onde foi adotado o isolamento horizontal, que \u00e9 realizado por meio de total distanciamento entre as pessoas, como est\u00e1 sendo feito pelo governo do Estado de S\u00e3o Paulo, a quantidade de pessoas infectadas foi menor. J\u00e1 o isolamento vertical, consiste na retirada de circula\u00e7\u00e3o das pessoas idosas e portadoras de doen\u00e7as cr\u00f4nicas, como defende o Governo Federal, contrariando o pensamento da Organiza\u00e7\u00e3o Mundial da Sa\u00fade(OMS, \u00f3rg\u00e3o da ONU \u2013 Organiza\u00e7\u00e3o das Na\u00e7\u00f5es Unidas) e v\u00e1rios infectologistas de renome. A defesa para o isolamento vertical por parte do Executivo Federal, al\u00e9m de contrapor-se aos governadores, tem a ver com a quest\u00e3o econ\u00f4mica. Neste particular, conv\u00e9m ressaltar que a economia brasileira j\u00e1 est\u00e1 ruim desde 2016, quando ocorreu a implanta\u00e7\u00e3o da chamada \u201cnova matriz econ\u00f4mica\u201d, que foi desastre junto com outros erros cometidos. De l\u00e1 para c\u00e1 a economia brasileira nunca se recuperou, justamente por falta de uma pol\u00edtica que produzisse resultados satisfat\u00f3rios.<\/p>\n<p style=\"text-align: justify;\">O ideal \u00e9 a manuten\u00e7\u00e3o do isolamento horizontal e com o tempo, ocorrendo o achatamento da curva de cont\u00e1gio, permitir a volta das atividades de maneira escalada, permitindo que os alunos voltem \u00e0s escolas e abertura de alguns pontos comerciais. Mas tem que existir um crit\u00e9rio rigoroso na flexibiliza\u00e7\u00e3odo isolamento social. Neste meio tempo, o Governo h\u00e1 que auxiliar o povo por meio de programas financeiros, seja assistindo as pessoas desempregadas, seja estimulando as empresas a manterem o quadro de empregados, veiculando financiamento \u00e0s folhas de pagamentos e adiamento do recolhimento dos impostos. O Estado, seja de direita ou de esquerda tem a obriga\u00e7\u00e3o de auxiliar a popula\u00e7\u00e3o, pois \u00e9 menos pior que as finan\u00e7as do Estado sejam quebradas, do que vidas humanas sejam perdidas para a doen\u00e7a, totalmente inaceit\u00e1vel. \u00a0N\u00e3o se descuidem, mantenham o cuidado e as normas de higiene pessoal, o v\u00edrus est\u00e1 circulando e o perigo permanece.<\/p>\n<p style=\"text-align: justify;\">Juntos somos mais fortes, juntos venceremos. O Brasil ir\u00e1 vencer o v\u00edrus. O Brasil precisa de todos n\u00f3s.<\/p>\n<p style=\"text-align: justify;\">Envie d\u00favidas, coment\u00e1rios ou sugest\u00f5es para <a href=\"mailto:bcrcconsultoria@gmail.com\">bcrcconsultoria@gmail.com<\/a>. At\u00e9 a pr\u00f3xima.<\/p>\n<p style=\"text-align: justify;\">*Formado em Direito pela Universidade Estadual de Direito do Norte Pioneiro em Jacarezinho e em Administra\u00e7\u00e3o de Empresas pela Faculdades Integradas de Ourinhos. MBA em Comunica\u00e7\u00e3o Corporativa pela Universidade Est\u00e1cio de S\u00e1(em curso) . S\u00f3cio s\u00eanior da BCRC Consultoria em Comunica\u00e7\u00e3o.<\/p>\n<p style=\"text-align: justify;\">** Revis\u00e3o e colabora\u00e7\u00e3o\u00a0 &#8211; Acad\u00eamico de Administra\u00e7\u00e3o de Empresas na UNICID.<\/p>\n","protected":false},"excerpt":{"rendered":"<p>A GUERRA CONTINUA&#8230; *CLAUDIVAL CLEMENTE. **CLAUDIVAL MOURA CLEMENTE Para compreender a quest\u00e3o do isolamento social, no combate ao covid19, \u00e9 preciso analisar alguns aspectos daepidemiologia(estudo dos diversos fatores que interv\u00eam na difus\u00e3o e propaga\u00e7\u00e3o das doen\u00e7as), tais como a forma de contamina\u00e7\u00e3o e a chamada curva de cont\u00e1gio a demonstrar, em um modelo matem\u00e1tico, a [&hellip;]<\/p>\n","protected":false},"author":1,"featured_media":23540,"comment_status":"closed","ping_status":"open","sticky":false,"template":"","format":"standard","meta":{"footnotes":""},"categories":[175],"tags":[],"class_list":["post-23539","post","type-post","status-publish","format-standard","has-post-thumbnail","hentry","category-artigos"],"_links":{"self":[{"href":"https:\/\/jorgezanoni.com.br\/2019\/wp-json\/wp\/v2\/posts\/23539","targetHints":{"allow":["GET"]}}],"collection":[{"href":"https:\/\/jorgezanoni.com.br\/2019\/wp-json\/wp\/v2\/posts"}],"about":[{"href":"https:\/\/jorgezanoni.com.br\/2019\/wp-json\/wp\/v2\/types\/post"}],"author":[{"embeddable":true,"href":"https:\/\/jorgezanoni.com.br\/2019\/wp-json\/wp\/v2\/users\/1"}],"replies":[{"embeddable":true,"href":"https:\/\/jorgezanoni.com.br\/2019\/wp-json\/wp\/v2\/comments?post=23539"}],"version-history":[{"count":0,"href":"https:\/\/jorgezanoni.com.br\/2019\/wp-json\/wp\/v2\/posts\/23539\/revisions"}],"wp:featuredmedia":[{"embeddable":true,"href":"https:\/\/jorgezanoni.com.br\/2019\/wp-json\/wp\/v2\/media\/23540"}],"wp:attachment":[{"href":"https:\/\/jorgezanoni.com.br\/2019\/wp-json\/wp\/v2\/media?parent=23539"}],"wp:term":[{"taxonomy":"category","embeddable":true,"href":"https:\/\/jorgezanoni.com.br\/2019\/wp-json\/wp\/v2\/categories?post=23539"},{"taxonomy":"post_tag","embeddable":true,"href":"https:\/\/jorgezanoni.com.br\/2019\/wp-json\/wp\/v2\/tags?post=23539"}],"curies":[{"name":"wp","href":"https:\/\/api.w.org\/{rel}","templated":true}]}}