{"id":23518,"date":"2020-04-10T21:06:21","date_gmt":"2020-04-10T21:06:21","guid":{"rendered":"https:\/\/jorgezanoni.com.br\/2019\/?p=23518"},"modified":"2020-04-10T21:06:21","modified_gmt":"2020-04-10T21:06:21","slug":"acidente-entre-carro-e-moto-deixa-motociclista-com-escoriacoes","status":"publish","type":"post","link":"https:\/\/jorgezanoni.com.br\/2019\/acidente-entre-carro-e-moto-deixa-motociclista-com-escoriacoes\/","title":{"rendered":"Acidente entre carro e moto deixa motociclista com escoria\u00e7\u00f5es"},"content":{"rendered":"<p style=\"text-align: justify;\"><strong>Por volta de 16:20 Horas desta sexta-feira (10), a Pol\u00edcia Militar registrou um acidente com vitima.<\/strong><\/p>\n<p style=\"text-align: justify;\">Segundo informa\u00e7\u00f5es obtidas no local pela reportagem do Site JZ, uma motocicleta conduzida por um homem de 38 anos fazia o sentido centro-bairro pela rua Almirante Barroso (via preferencial), quando foi colidida por um ve\u00edculo Ford dirigido por um homem de 64 anos que fazia o sentido centro-bairro pela Duque de Caxias e n\u00e3o teria observado o sinal de Pare.<\/p>\n<p style=\"text-align: justify;\">Com o impacto da batida o motociclista foi ao solo sofrendo escoria\u00e7\u00f5es e prov\u00e1vel luxa\u00e7\u00e3o em um dos ombros. Uma Unidade de Resgate do Corpo de Bombeiros socorreu a v\u00edtima at\u00e9 o Pronto Atendimento Municipal. O motorista nada sofreu.<\/p>\n<p style=\"text-align: justify;\">A Pol\u00edcia T\u00e9cnica compareceu ao local para registro e apura\u00e7\u00e3o dos fatos.<\/p>\n<p><img loading=\"lazy\" decoding=\"async\" class=\"alignnone size-full wp-image-23519\" src=\"https:\/\/jorgezanoni.com.br\/2019\/wp-content\/uploads\/2020\/04\/Acid.-Almierante-x-Duque-de-Caxias-10-04-20-1-2.jpg\" alt=\"\" width=\"953\" height=\"452\" srcset=\"https:\/\/jorgezanoni.com.br\/2019\/wp-content\/uploads\/2020\/04\/Acid.-Almierante-x-Duque-de-Caxias-10-04-20-1-2.jpg 953w, https:\/\/jorgezanoni.com.br\/2019\/wp-content\/uploads\/2020\/04\/Acid.-Almierante-x-Duque-de-Caxias-10-04-20-1-2-300x142.jpg 300w, https:\/\/jorgezanoni.com.br\/2019\/wp-content\/uploads\/2020\/04\/Acid.-Almierante-x-Duque-de-Caxias-10-04-20-1-2-768x364.jpg 768w, https:\/\/jorgezanoni.com.br\/2019\/wp-content\/uploads\/2020\/04\/Acid.-Almierante-x-Duque-de-Caxias-10-04-20-1-2-696x330.jpg 696w, https:\/\/jorgezanoni.com.br\/2019\/wp-content\/uploads\/2020\/04\/Acid.-Almierante-x-Duque-de-Caxias-10-04-20-1-2-886x420.jpg 886w\" sizes=\"auto, (max-width: 953px) 100vw, 953px\" \/> <img loading=\"lazy\" decoding=\"async\" class=\"alignnone size-full wp-image-23520\" src=\"https:\/\/jorgezanoni.com.br\/2019\/wp-content\/uploads\/2020\/04\/Acid.-Almierante-x-Duque-de-Caxias-10-04-20-2-2.jpg\" alt=\"\" width=\"532\" height=\"690\" srcset=\"https:\/\/jorgezanoni.com.br\/2019\/wp-content\/uploads\/2020\/04\/Acid.-Almierante-x-Duque-de-Caxias-10-04-20-2-2.jpg 532w, https:\/\/jorgezanoni.com.br\/2019\/wp-content\/uploads\/2020\/04\/Acid.-Almierante-x-Duque-de-Caxias-10-04-20-2-2-231x300.jpg 231w, https:\/\/jorgezanoni.com.br\/2019\/wp-content\/uploads\/2020\/04\/Acid.-Almierante-x-Duque-de-Caxias-10-04-20-2-2-324x420.jpg 324w\" sizes=\"auto, (max-width: 532px) 100vw, 532px\" \/> <img loading=\"lazy\" decoding=\"async\" class=\"alignnone size-full wp-image-23521\" src=\"https:\/\/jorgezanoni.com.br\/2019\/wp-content\/uploads\/2020\/04\/Acid.-Almierante-x-Duque-de-Caxias-10-04-20-3-2.jpg\" alt=\"\" width=\"574\" height=\"755\" srcset=\"https:\/\/jorgezanoni.com.br\/2019\/wp-content\/uploads\/2020\/04\/Acid.-Almierante-x-Duque-de-Caxias-10-04-20-3-2.jpg 574w, https:\/\/jorgezanoni.com.br\/2019\/wp-content\/uploads\/2020\/04\/Acid.-Almierante-x-Duque-de-Caxias-10-04-20-3-2-228x300.jpg 228w, https:\/\/jorgezanoni.com.br\/2019\/wp-content\/uploads\/2020\/04\/Acid.-Almierante-x-Duque-de-Caxias-10-04-20-3-2-319x420.jpg 319w\" sizes=\"auto, (max-width: 574px) 100vw, 574px\" \/><\/p>\n<p style=\"text-align: justify;\">Jorge Zanoni<\/p>\n<p style=\"text-align: justify;\">\n","protected":false},"excerpt":{"rendered":"<p>Por volta de 16:20 Horas desta sexta-feira (10), a Pol\u00edcia Militar registrou um acidente com vitima. Segundo informa\u00e7\u00f5es obtidas no local pela reportagem do Site JZ, uma motocicleta conduzida por um homem de 38 anos fazia o sentido centro-bairro pela rua Almirante Barroso (via preferencial), quando foi colidida por um ve\u00edculo Ford dirigido por um [&hellip;]<\/p>\n","protected":false},"author":1,"featured_media":23522,"comment_status":"closed","ping_status":"open","sticky":false,"template":"","format":"standard","meta":{"footnotes":""},"categories":[170,110],"tags":[],"class_list":["post-23518","post","type-post","status-publish","format-standard","has-post-thumbnail","hentry","category-acidentes","category-noticiasdestaque"],"_links":{"self":[{"href":"https:\/\/jorgezanoni.com.br\/2019\/wp-json\/wp\/v2\/posts\/23518","targetHints":{"allow":["GET"]}}],"collection":[{"href":"https:\/\/jorgezanoni.com.br\/2019\/wp-json\/wp\/v2\/posts"}],"about":[{"href":"https:\/\/jorgezanoni.com.br\/2019\/wp-json\/wp\/v2\/types\/post"}],"author":[{"embeddable":true,"href":"https:\/\/jorgezanoni.com.br\/2019\/wp-json\/wp\/v2\/users\/1"}],"replies":[{"embeddable":true,"href":"https:\/\/jorgezanoni.com.br\/2019\/wp-json\/wp\/v2\/comments?post=23518"}],"version-history":[{"count":0,"href":"https:\/\/jorgezanoni.com.br\/2019\/wp-json\/wp\/v2\/posts\/23518\/revisions"}],"wp:featuredmedia":[{"embeddable":true,"href":"https:\/\/jorgezanoni.com.br\/2019\/wp-json\/wp\/v2\/media\/23522"}],"wp:attachment":[{"href":"https:\/\/jorgezanoni.com.br\/2019\/wp-json\/wp\/v2\/media?parent=23518"}],"wp:term":[{"taxonomy":"category","embeddable":true,"href":"https:\/\/jorgezanoni.com.br\/2019\/wp-json\/wp\/v2\/categories?post=23518"},{"taxonomy":"post_tag","embeddable":true,"href":"https:\/\/jorgezanoni.com.br\/2019\/wp-json\/wp\/v2\/tags?post=23518"}],"curies":[{"name":"wp","href":"https:\/\/api.w.org\/{rel}","templated":true}]}}