{"id":23508,"date":"2020-04-10T18:28:03","date_gmt":"2020-04-10T18:28:03","guid":{"rendered":"https:\/\/jorgezanoni.com.br\/2019\/?p=23508"},"modified":"2020-04-10T18:28:03","modified_gmt":"2020-04-10T18:28:03","slug":"homem-e-preso-apos-tentar-atear-fogo-na-recepcao-de-hospital-em-garca","status":"publish","type":"post","link":"https:\/\/jorgezanoni.com.br\/2019\/homem-e-preso-apos-tentar-atear-fogo-na-recepcao-de-hospital-em-garca\/","title":{"rendered":"Homem \u00e9 preso ap\u00f3s tentar atear fogo na recep\u00e7\u00e3o de hospital em Gar\u00e7a"},"content":{"rendered":"<h2 class=\"content-head__subtitle\" style=\"text-align: justify;\"><strong>Caso aconteceu na manh\u00e3 desta sexta-feira (10). Suspeito invadiu o local armado com uma faca.<\/strong><\/h2>\n<div class=\"mc-column content-text active-extra-styles \" style=\"text-align: justify;\" data-block-type=\"unstyled\" data-block-weight=\"22\" data-block-id=\"2\">\n<p class=\"content-text__container \" data-track-category=\"Link no Texto\" data-track-links=\"\">Um homem foi preso ap\u00f3s atear fogo na recep\u00e7\u00e3o do Hospital S\u00e3o Lucas em Gar\u00e7a (SP) na manh\u00e3 desta sexta-feira (10).<\/p>\n<\/div>\n<div class=\"wall protected-content\">\n<div class=\"mc-column content-text active-extra-styles \" style=\"text-align: justify;\" data-block-type=\"unstyled\" data-block-weight=\"40\" data-block-id=\"3\">\n<p class=\"content-text__container \" data-track-category=\"Link no Texto\" data-track-links=\"\">Segundo a Associa\u00e7\u00e3o Hospitalar Beneficente do Brasil, que administra o hospital, por volta das 9h, o homem aparentemente em surto psic\u00f3tico invadiu o local armado com uma faca, rendeu funcion\u00e1rios e ateou fogo no local, usando uma bomba caseira.<\/p>\n<\/div>\n<div class=\"mc-column content-text active-extra-styles \" data-block-type=\"unstyled\" data-block-weight=\"37\" data-block-id=\"4\">\n<p class=\"content-text__container \" style=\"text-align: justify;\" data-track-category=\"Link no Texto\" data-track-links=\"\">Os funcion\u00e1rios de plant\u00e3o isolaram as alas do hospital com pacientes, acionaram o Corpo de Bombeiros e a Pol\u00edcia Militar, que efetuou a pris\u00e3o em flagrante. Ningu\u00e9m ficou ferido e o homem foi encaminhado \u00e0 delegacia.<\/p>\n<\/div>\n<div class=\"row medium-uncollapsed content-media content-photo\" data-block-type=\"backstage-photo\" data-block-id=\"5\">\n<div class=\"mc-column content-media__container\">\n<div class=\"progressive-img can-open-lightbox\" data-min-size=\"1008x756\" data-min-size-url=\"https:\/\/s2.glbimg.com\/YCjezKVjHiUbFo8xbOto_VIEFI4=\/0x0:1280x960\/1008x0\/smart\/filters:strip_icc()\/i.s3.glbimg.com\/v1\/AUTH_59edd422c0c84a879bd37670ae4f538a\/internal_photos\/bs\/2020\/d\/q\/G6HhNnTHOjPkIm5rDAtA\/whatsapp-image-2020-04-10-at-12.30.50.jpeg\" data-max-size=\"1600x1200\" data-max-size-url=\"https:\/\/s2.glbimg.com\/ZKzL9VPxlYTtUhXuf3RVG7y7yXA=\/0x0:1280x960\/1600x0\/smart\/filters:strip_icc()\/i.s3.glbimg.com\/v1\/AUTH_59edd422c0c84a879bd37670ae4f538a\/internal_photos\/bs\/2020\/d\/q\/G6HhNnTHOjPkIm5rDAtA\/whatsapp-image-2020-04-10-at-12.30.50.jpeg\" data-media-index=\"1\"><img loading=\"lazy\" decoding=\"async\" class=\"alignnone size-full wp-image-23509\" src=\"https:\/\/jorgezanoni.com.br\/2019\/wp-content\/uploads\/2020\/04\/gar\u00e7a.jpeg\" alt=\"\" width=\"640\" height=\"480\" srcset=\"https:\/\/jorgezanoni.com.br\/2019\/wp-content\/uploads\/2020\/04\/gar\u00e7a.jpeg 640w, https:\/\/jorgezanoni.com.br\/2019\/wp-content\/uploads\/2020\/04\/gar\u00e7a-300x225.jpeg 300w, https:\/\/jorgezanoni.com.br\/2019\/wp-content\/uploads\/2020\/04\/gar\u00e7a-80x60.jpeg 80w, https:\/\/jorgezanoni.com.br\/2019\/wp-content\/uploads\/2020\/04\/gar\u00e7a-265x198.jpeg 265w, https:\/\/jorgezanoni.com.br\/2019\/wp-content\/uploads\/2020\/04\/gar\u00e7a-560x420.jpeg 560w\" sizes=\"auto, (max-width: 640px) 100vw, 640px\" \/>Ningu\u00e9m ficou ferido ap\u00f3s o ataque no hospital de Gar\u00e7a \u2014 Foto: Arquivo pessoal<\/div>\n<div data-min-size=\"1008x756\" data-min-size-url=\"https:\/\/s2.glbimg.com\/YCjezKVjHiUbFo8xbOto_VIEFI4=\/0x0:1280x960\/1008x0\/smart\/filters:strip_icc()\/i.s3.glbimg.com\/v1\/AUTH_59edd422c0c84a879bd37670ae4f538a\/internal_photos\/bs\/2020\/d\/q\/G6HhNnTHOjPkIm5rDAtA\/whatsapp-image-2020-04-10-at-12.30.50.jpeg\" data-max-size=\"1600x1200\" data-max-size-url=\"https:\/\/s2.glbimg.com\/ZKzL9VPxlYTtUhXuf3RVG7y7yXA=\/0x0:1280x960\/1600x0\/smart\/filters:strip_icc()\/i.s3.glbimg.com\/v1\/AUTH_59edd422c0c84a879bd37670ae4f538a\/internal_photos\/bs\/2020\/d\/q\/G6HhNnTHOjPkIm5rDAtA\/whatsapp-image-2020-04-10-at-12.30.50.jpeg\" data-media-index=\"1\"><\/div>\n<\/div>\n<\/div>\n<\/div>\n<div data-min-size=\"1008x756\" data-min-size-url=\"https:\/\/s2.glbimg.com\/YCjezKVjHiUbFo8xbOto_VIEFI4=\/0x0:1280x960\/1008x0\/smart\/filters:strip_icc()\/i.s3.glbimg.com\/v1\/AUTH_59edd422c0c84a879bd37670ae4f538a\/internal_photos\/bs\/2020\/d\/q\/G6HhNnTHOjPkIm5rDAtA\/whatsapp-image-2020-04-10-at-12.30.50.jpeg\" data-max-size=\"1600x1200\" data-max-size-url=\"https:\/\/s2.glbimg.com\/ZKzL9VPxlYTtUhXuf3RVG7y7yXA=\/0x0:1280x960\/1600x0\/smart\/filters:strip_icc()\/i.s3.glbimg.com\/v1\/AUTH_59edd422c0c84a879bd37670ae4f538a\/internal_photos\/bs\/2020\/d\/q\/G6HhNnTHOjPkIm5rDAtA\/whatsapp-image-2020-04-10-at-12.30.50.jpeg\" data-media-index=\"1\">Fonte: G1<\/div>\n<div data-min-size=\"1008x756\" data-min-size-url=\"https:\/\/s2.glbimg.com\/YCjezKVjHiUbFo8xbOto_VIEFI4=\/0x0:1280x960\/1008x0\/smart\/filters:strip_icc()\/i.s3.glbimg.com\/v1\/AUTH_59edd422c0c84a879bd37670ae4f538a\/internal_photos\/bs\/2020\/d\/q\/G6HhNnTHOjPkIm5rDAtA\/whatsapp-image-2020-04-10-at-12.30.50.jpeg\" data-max-size=\"1600x1200\" data-max-size-url=\"https:\/\/s2.glbimg.com\/ZKzL9VPxlYTtUhXuf3RVG7y7yXA=\/0x0:1280x960\/1600x0\/smart\/filters:strip_icc()\/i.s3.glbimg.com\/v1\/AUTH_59edd422c0c84a879bd37670ae4f538a\/internal_photos\/bs\/2020\/d\/q\/G6HhNnTHOjPkIm5rDAtA\/whatsapp-image-2020-04-10-at-12.30.50.jpeg\" data-media-index=\"1\"><\/div>\n","protected":false},"excerpt":{"rendered":"<p>Caso aconteceu na manh\u00e3 desta sexta-feira (10). Suspeito invadiu o local armado com uma faca. Um homem foi preso ap\u00f3s atear fogo na recep\u00e7\u00e3o do Hospital S\u00e3o Lucas em Gar\u00e7a (SP) na manh\u00e3 desta sexta-feira (10). Segundo a Associa\u00e7\u00e3o Hospitalar Beneficente do Brasil, que administra o hospital, por volta das 9h, o homem aparentemente em [&hellip;]<\/p>\n","protected":false},"author":1,"featured_media":23510,"comment_status":"closed","ping_status":"open","sticky":false,"template":"","format":"standard","meta":{"footnotes":""},"categories":[110,2],"tags":[],"class_list":["post-23508","post","type-post","status-publish","format-standard","has-post-thumbnail","hentry","category-noticiasdestaque","category-policial"],"_links":{"self":[{"href":"https:\/\/jorgezanoni.com.br\/2019\/wp-json\/wp\/v2\/posts\/23508","targetHints":{"allow":["GET"]}}],"collection":[{"href":"https:\/\/jorgezanoni.com.br\/2019\/wp-json\/wp\/v2\/posts"}],"about":[{"href":"https:\/\/jorgezanoni.com.br\/2019\/wp-json\/wp\/v2\/types\/post"}],"author":[{"embeddable":true,"href":"https:\/\/jorgezanoni.com.br\/2019\/wp-json\/wp\/v2\/users\/1"}],"replies":[{"embeddable":true,"href":"https:\/\/jorgezanoni.com.br\/2019\/wp-json\/wp\/v2\/comments?post=23508"}],"version-history":[{"count":0,"href":"https:\/\/jorgezanoni.com.br\/2019\/wp-json\/wp\/v2\/posts\/23508\/revisions"}],"wp:featuredmedia":[{"embeddable":true,"href":"https:\/\/jorgezanoni.com.br\/2019\/wp-json\/wp\/v2\/media\/23510"}],"wp:attachment":[{"href":"https:\/\/jorgezanoni.com.br\/2019\/wp-json\/wp\/v2\/media?parent=23508"}],"wp:term":[{"taxonomy":"category","embeddable":true,"href":"https:\/\/jorgezanoni.com.br\/2019\/wp-json\/wp\/v2\/categories?post=23508"},{"taxonomy":"post_tag","embeddable":true,"href":"https:\/\/jorgezanoni.com.br\/2019\/wp-json\/wp\/v2\/tags?post=23508"}],"curies":[{"name":"wp","href":"https:\/\/api.w.org\/{rel}","templated":true}]}}