{"id":23505,"date":"2020-04-10T17:47:45","date_gmt":"2020-04-10T17:47:45","guid":{"rendered":"https:\/\/jorgezanoni.com.br\/2019\/?p=23505"},"modified":"2020-04-10T17:47:45","modified_gmt":"2020-04-10T17:47:45","slug":"pm-averigua-denuncias-feitas-diariamente-sobre-irregularidades-no-comercio-de-dracena-e-regiao","status":"publish","type":"post","link":"https:\/\/jorgezanoni.com.br\/2019\/pm-averigua-denuncias-feitas-diariamente-sobre-irregularidades-no-comercio-de-dracena-e-regiao\/","title":{"rendered":"PM averigua den\u00fancias feitas diariamente sobre irregularidades no com\u00e9rcio de Dracena e regi\u00e3o"},"content":{"rendered":"<p style=\"text-align: justify;\">Devido alguns estabelecimentos comerciais estar desrespeitando as recomenda\u00e7\u00f5es do decreto do governo estadual que n\u00e3o permite a abertura do com\u00e9rcio por causa do novo coronav\u00edrus, a Pol\u00edcia Militar recebe den\u00fancias e imediatamente \u00e9 feita a averigua\u00e7\u00e3o. O capit\u00e3o Marcelo Cavalcante, comandante da Cia de Dracena, disse que as den\u00fancias est\u00e3o acontecendo n\u00e3o somente na cidade, mas na regi\u00e3o tamb\u00e9m. Explicou que os policiais atuam de acordo com o decreto estadual e no cumprimento dele. Segundo o capit\u00e3o, no \u00e2mbito do decreto municipal, os fiscais acionam a Pol\u00edcia Militar se for o caso. Sobre aglomera\u00e7\u00e3o, o capit\u00e3o explicou que o Estado recomenda que n\u00e3o haja, o policiamento vai at\u00e9 o local e sendo feita a constata\u00e7\u00e3o as pessoas s\u00e3o orientadas. \u201cMesmo que n\u00e3o exista o acionamento via 190, os policiais que atuam no patrulhamento ao ver aglomera\u00e7\u00e3o s\u00e3o orientados a conversar com as pessoas. \u201cA forma de atua\u00e7\u00e3o da Pol\u00edcia Militar de acordo o decreto, somente em \u00faltimo caso \u00e9 recomendado a lavratura do Boletim de Ocorr\u00eancia\u201d.<\/p>\n<p style=\"text-align: justify;\">Fonte: Portal Regional<\/p>\n<p>Imagem Ilustrativa<\/p>\n","protected":false},"excerpt":{"rendered":"<p>Devido alguns estabelecimentos comerciais estar desrespeitando as recomenda\u00e7\u00f5es do decreto do governo estadual que n\u00e3o permite a abertura do com\u00e9rcio por causa do novo coronav\u00edrus, a Pol\u00edcia Militar recebe den\u00fancias e imediatamente \u00e9 feita a averigua\u00e7\u00e3o. O capit\u00e3o Marcelo Cavalcante, comandante da Cia de Dracena, disse que as den\u00fancias est\u00e3o acontecendo n\u00e3o somente na cidade, [&hellip;]<\/p>\n","protected":false},"author":1,"featured_media":23506,"comment_status":"closed","ping_status":"open","sticky":false,"template":"","format":"standard","meta":{"footnotes":""},"categories":[179,184,110],"tags":[],"class_list":["post-23505","post","type-post","status-publish","format-standard","has-post-thumbnail","hentry","category-cidadeseregiao","category-dracena","category-noticiasdestaque"],"_links":{"self":[{"href":"https:\/\/jorgezanoni.com.br\/2019\/wp-json\/wp\/v2\/posts\/23505","targetHints":{"allow":["GET"]}}],"collection":[{"href":"https:\/\/jorgezanoni.com.br\/2019\/wp-json\/wp\/v2\/posts"}],"about":[{"href":"https:\/\/jorgezanoni.com.br\/2019\/wp-json\/wp\/v2\/types\/post"}],"author":[{"embeddable":true,"href":"https:\/\/jorgezanoni.com.br\/2019\/wp-json\/wp\/v2\/users\/1"}],"replies":[{"embeddable":true,"href":"https:\/\/jorgezanoni.com.br\/2019\/wp-json\/wp\/v2\/comments?post=23505"}],"version-history":[{"count":0,"href":"https:\/\/jorgezanoni.com.br\/2019\/wp-json\/wp\/v2\/posts\/23505\/revisions"}],"wp:featuredmedia":[{"embeddable":true,"href":"https:\/\/jorgezanoni.com.br\/2019\/wp-json\/wp\/v2\/media\/23506"}],"wp:attachment":[{"href":"https:\/\/jorgezanoni.com.br\/2019\/wp-json\/wp\/v2\/media?parent=23505"}],"wp:term":[{"taxonomy":"category","embeddable":true,"href":"https:\/\/jorgezanoni.com.br\/2019\/wp-json\/wp\/v2\/categories?post=23505"},{"taxonomy":"post_tag","embeddable":true,"href":"https:\/\/jorgezanoni.com.br\/2019\/wp-json\/wp\/v2\/tags?post=23505"}],"curies":[{"name":"wp","href":"https:\/\/api.w.org\/{rel}","templated":true}]}}