{"id":23502,"date":"2020-04-10T17:14:30","date_gmt":"2020-04-10T17:14:30","guid":{"rendered":"https:\/\/jorgezanoni.com.br\/2019\/?p=23502"},"modified":"2020-04-10T17:14:30","modified_gmt":"2020-04-10T17:14:30","slug":"motorista-perde-o-controle-da-direcao-e-capota-veiculo-na-rodovia-assis-chateaubriand","status":"publish","type":"post","link":"https:\/\/jorgezanoni.com.br\/2019\/motorista-perde-o-controle-da-direcao-e-capota-veiculo-na-rodovia-assis-chateaubriand\/","title":{"rendered":"Motorista perde o controle da dire\u00e7\u00e3o e capota ve\u00edculo na Rodovia Assis Chateaubriand"},"content":{"rendered":"<h2 class=\"content-head__subtitle\" style=\"text-align: justify;\"><strong>Acidente foi em trecho pertencente a Regente Feij\u00f3. Condutora, de 25 anos, n\u00e3o sofreu ferimentos.<\/strong><\/h2>\n<div class=\"mc-column content-text active-extra-styles \" data-block-type=\"unstyled\" data-block-weight=\"33\" data-block-id=\"2\">\n<p class=\"content-text__container \" style=\"text-align: justify;\" data-track-category=\"Link no Texto\" data-track-links=\"\">Um capotamento de ve\u00edculo foi registrado na manh\u00e3 desta sexta-feira (10) na Rodovia Assis Chateaubriand (SP-425), em Regente Feij\u00f3. O carro era conduzido por uma mulher de 25 anos, que n\u00e3o se feriu.<\/p>\n<\/div>\n<div class=\"wall protected-content\">\n<div class=\"mc-column content-text active-extra-styles \" style=\"text-align: justify;\" data-block-type=\"unstyled\" data-block-weight=\"31\" data-block-id=\"3\">\n<p class=\"content-text__container \" data-track-category=\"Link no Texto\" data-track-links=\"\">Conforme informou a Pol\u00edcia Rodovi\u00e1ria, o autom\u00f3vel, com placas de Presidente Prudente, transitava no sentido Presidente Prudente \u2013 Indiana, quando por motivos ainda desconhecidos a condutora perdeu o controle da dire\u00e7\u00e3o.<\/p>\n<\/div>\n<div class=\"mc-column content-text active-extra-styles \" data-block-type=\"unstyled\" data-block-weight=\"31\" data-block-id=\"4\">\n<p class=\"content-text__container \" style=\"text-align: justify;\" data-track-category=\"Link no Texto\" data-track-links=\"\">O carro capotou sobre o canteiro central da rodovia. A pista n\u00e3o precisou ser interditada, mas recebeu sinaliza\u00e7\u00e3o do Policiamento Rodovi\u00e1rio com apoio da do Departamento de Estrada de Rodagem (DER).<\/p>\n<p data-track-category=\"Link no Texto\" data-track-links=\"\"><img decoding=\"async\" class=\"image content-media__image progressive-loaded\" title=\"Capotamento de ve\u00edculo foi registrado em Regente Feij\u00f3 \u2014 Foto: Jhonny Tambori\/Cedida\" src=\"https:\/\/s2.glbimg.com\/7BS3eSwc9jwHidVxKz64B17-3rQ=\/0x0:1280x622\/984x0\/smart\/filters:strip_icc()\/i.s3.glbimg.com\/v1\/AUTH_59edd422c0c84a879bd37670ae4f538a\/internal_photos\/bs\/2020\/y\/G\/RCmepIQjOSRgNie0B84A\/whatsapp-image-2020-04-10-at-08.39.03-1-.jpeg\" alt=\"Capotamento de ve\u00edculo foi registrado em Regente Feij\u00f3 \u2014 Foto: Jhonny Tambori\/Cedida\" data-src=\"https:\/\/s2.glbimg.com\/7BS3eSwc9jwHidVxKz64B17-3rQ=\/0x0:1280x622\/984x0\/smart\/filters:strip_icc()\/i.s3.glbimg.com\/v1\/AUTH_59edd422c0c84a879bd37670ae4f538a\/internal_photos\/bs\/2020\/y\/G\/RCmepIQjOSRgNie0B84A\/whatsapp-image-2020-04-10-at-08.39.03-1-.jpeg\" \/><\/p>\n<\/div>\n<div class=\"row medium-uncollapsed content-media content-photo\" data-block-type=\"backstage-photo\" data-block-id=\"5\">\n<div class=\"mc-column content-media__container\">\n<p class=\"content-media__description \">Capotamento de ve\u00edculo foi registrado em Regente Feij\u00f3 \u2014 Foto: Jhonny Tambori\/Cedida<\/p>\n<\/div>\n<\/div>\n<div class=\"row medium-uncollapsed content-media content-photo\" data-block-type=\"backstage-photo\" data-block-id=\"6\">\n<div class=\"mc-column content-media__container\">\n<div class=\"progressive-img can-open-lightbox\" data-min-size=\"1008x489\" data-min-size-url=\"https:\/\/s2.glbimg.com\/p7T2y4etudbsP4QKgwXxIq94GWY=\/0x0:1280x622\/1008x0\/smart\/filters:strip_icc()\/i.s3.glbimg.com\/v1\/AUTH_59edd422c0c84a879bd37670ae4f538a\/internal_photos\/bs\/2020\/i\/z\/nIU2fiQeyP1oumX6vwpw\/whatsapp-image-2020-04-10-at-08.39.03-2-.jpeg\" data-max-size=\"1600x777\" data-max-size-url=\"https:\/\/s2.glbimg.com\/giaupBGdQDRD-OoHMzl0Nwo6pz0=\/0x0:1280x622\/1600x0\/smart\/filters:strip_icc()\/i.s3.glbimg.com\/v1\/AUTH_59edd422c0c84a879bd37670ae4f538a\/internal_photos\/bs\/2020\/i\/z\/nIU2fiQeyP1oumX6vwpw\/whatsapp-image-2020-04-10-at-08.39.03-2-.jpeg\" data-media-index=\"2\">\n<div class=\"placeholder-container\"><img decoding=\"async\" class=\"image content-media__image progressive-loaded\" title=\"Capotamento de ve\u00edculo foi registrado em Regente Feij\u00f3 \u2014 Foto: Jhonny Tambori\/Cedida\" src=\"https:\/\/s2.glbimg.com\/3AxxrXIi1bbAesD3mQsGCrwMe_o=\/0x0:1280x622\/984x0\/smart\/filters:strip_icc()\/i.s3.glbimg.com\/v1\/AUTH_59edd422c0c84a879bd37670ae4f538a\/internal_photos\/bs\/2020\/i\/z\/nIU2fiQeyP1oumX6vwpw\/whatsapp-image-2020-04-10-at-08.39.03-2-.jpeg\" alt=\"Capotamento de ve\u00edculo foi registrado em Regente Feij\u00f3 \u2014 Foto: Jhonny Tambori\/Cedida\" data-src=\"https:\/\/s2.glbimg.com\/3AxxrXIi1bbAesD3mQsGCrwMe_o=\/0x0:1280x622\/984x0\/smart\/filters:strip_icc()\/i.s3.glbimg.com\/v1\/AUTH_59edd422c0c84a879bd37670ae4f538a\/internal_photos\/bs\/2020\/i\/z\/nIU2fiQeyP1oumX6vwpw\/whatsapp-image-2020-04-10-at-08.39.03-2-.jpeg\" \/><\/div>\n<\/div>\n<p class=\"content-media__description \">Capotamento de ve\u00edculo foi registrado em Regente Feij\u00f3 \u2014 Foto: Jhonny Tambori\/Cedida<\/p>\n<p>Fonte: G1<\/p>\n<\/div>\n<\/div>\n<\/div>\n","protected":false},"excerpt":{"rendered":"<p>Acidente foi em trecho pertencente a Regente Feij\u00f3. Condutora, de 25 anos, n\u00e3o sofreu ferimentos. Um capotamento de ve\u00edculo foi registrado na manh\u00e3 desta sexta-feira (10) na Rodovia Assis Chateaubriand (SP-425), em Regente Feij\u00f3. O carro era conduzido por uma mulher de 25 anos, que n\u00e3o se feriu. Conforme informou a Pol\u00edcia Rodovi\u00e1ria, o autom\u00f3vel, [&hellip;]<\/p>\n","protected":false},"author":1,"featured_media":23503,"comment_status":"closed","ping_status":"open","sticky":false,"template":"","format":"standard","meta":{"footnotes":""},"categories":[170,110],"tags":[],"class_list":["post-23502","post","type-post","status-publish","format-standard","has-post-thumbnail","hentry","category-acidentes","category-noticiasdestaque"],"_links":{"self":[{"href":"https:\/\/jorgezanoni.com.br\/2019\/wp-json\/wp\/v2\/posts\/23502","targetHints":{"allow":["GET"]}}],"collection":[{"href":"https:\/\/jorgezanoni.com.br\/2019\/wp-json\/wp\/v2\/posts"}],"about":[{"href":"https:\/\/jorgezanoni.com.br\/2019\/wp-json\/wp\/v2\/types\/post"}],"author":[{"embeddable":true,"href":"https:\/\/jorgezanoni.com.br\/2019\/wp-json\/wp\/v2\/users\/1"}],"replies":[{"embeddable":true,"href":"https:\/\/jorgezanoni.com.br\/2019\/wp-json\/wp\/v2\/comments?post=23502"}],"version-history":[{"count":0,"href":"https:\/\/jorgezanoni.com.br\/2019\/wp-json\/wp\/v2\/posts\/23502\/revisions"}],"wp:featuredmedia":[{"embeddable":true,"href":"https:\/\/jorgezanoni.com.br\/2019\/wp-json\/wp\/v2\/media\/23503"}],"wp:attachment":[{"href":"https:\/\/jorgezanoni.com.br\/2019\/wp-json\/wp\/v2\/media?parent=23502"}],"wp:term":[{"taxonomy":"category","embeddable":true,"href":"https:\/\/jorgezanoni.com.br\/2019\/wp-json\/wp\/v2\/categories?post=23502"},{"taxonomy":"post_tag","embeddable":true,"href":"https:\/\/jorgezanoni.com.br\/2019\/wp-json\/wp\/v2\/tags?post=23502"}],"curies":[{"name":"wp","href":"https:\/\/api.w.org\/{rel}","templated":true}]}}