{"id":23486,"date":"2020-04-10T15:21:13","date_gmt":"2020-04-10T15:21:13","guid":{"rendered":"https:\/\/jorgezanoni.com.br\/2019\/?p=23486"},"modified":"2020-04-10T15:59:12","modified_gmt":"2020-04-10T15:59:12","slug":"morre-felisberto-menani-policial-da-reserva","status":"publish","type":"post","link":"https:\/\/jorgezanoni.com.br\/2019\/morre-felisberto-menani-policial-da-reserva\/","title":{"rendered":"Morre Felisberto Menani, policial da reserva"},"content":{"rendered":"<p style=\"text-align: justify;\">Comunicamos com pesar o falecimento do sr. Felisberto Primo Menani aos 79 anos. Ele estava internado no Hospital Iamada em Presidente Prudente e veio a \u00f3bito na manh\u00e3 desta sexta-feira (10).<\/p>\n<p style=\"text-align: justify;\">Deixa a esposa Clarice, filhos Itamar, Ismar e Valmir, noras, netos e bisnetos.<\/p>\n<p style=\"text-align: justify;\">O Vel\u00f3rio ocorre no Memorial Vida Prev hoje (10) das 18 \u00e0s 24 Hs., e amanh\u00e3 (11) a partir das 06 Hs., com Sepultamento as 10 Hs.<\/p>\n<p style=\"text-align: justify;\">O Site JZ se solidariza com a fam\u00edlia do tio Felisberto neste momento dif\u00edcil. For\u00e7a e F\u00e9!<\/p>\n<p style=\"text-align: justify;\">Jorge Zanoni<\/p>\n","protected":false},"excerpt":{"rendered":"<p>Comunicamos com pesar o falecimento do sr. Felisberto Primo Menani aos 79 anos. Ele estava internado no Hospital Iamada em Presidente Prudente e veio a \u00f3bito na manh\u00e3 desta sexta-feira (10). Deixa a esposa Clarice, filhos Itamar, Ismar e Valmir, noras, netos e bisnetos. O Vel\u00f3rio ocorre no Memorial Vida Prev hoje (10) das 18 [&hellip;]<\/p>\n","protected":false},"author":1,"featured_media":23489,"comment_status":"closed","ping_status":"open","sticky":false,"template":"","format":"standard","meta":{"footnotes":""},"categories":[178,110],"tags":[],"class_list":["post-23486","post","type-post","status-publish","format-standard","has-post-thumbnail","hentry","category-notadefalecimento","category-noticiasdestaque"],"_links":{"self":[{"href":"https:\/\/jorgezanoni.com.br\/2019\/wp-json\/wp\/v2\/posts\/23486","targetHints":{"allow":["GET"]}}],"collection":[{"href":"https:\/\/jorgezanoni.com.br\/2019\/wp-json\/wp\/v2\/posts"}],"about":[{"href":"https:\/\/jorgezanoni.com.br\/2019\/wp-json\/wp\/v2\/types\/post"}],"author":[{"embeddable":true,"href":"https:\/\/jorgezanoni.com.br\/2019\/wp-json\/wp\/v2\/users\/1"}],"replies":[{"embeddable":true,"href":"https:\/\/jorgezanoni.com.br\/2019\/wp-json\/wp\/v2\/comments?post=23486"}],"version-history":[{"count":0,"href":"https:\/\/jorgezanoni.com.br\/2019\/wp-json\/wp\/v2\/posts\/23486\/revisions"}],"wp:featuredmedia":[{"embeddable":true,"href":"https:\/\/jorgezanoni.com.br\/2019\/wp-json\/wp\/v2\/media\/23489"}],"wp:attachment":[{"href":"https:\/\/jorgezanoni.com.br\/2019\/wp-json\/wp\/v2\/media?parent=23486"}],"wp:term":[{"taxonomy":"category","embeddable":true,"href":"https:\/\/jorgezanoni.com.br\/2019\/wp-json\/wp\/v2\/categories?post=23486"},{"taxonomy":"post_tag","embeddable":true,"href":"https:\/\/jorgezanoni.com.br\/2019\/wp-json\/wp\/v2\/tags?post=23486"}],"curies":[{"name":"wp","href":"https:\/\/api.w.org\/{rel}","templated":true}]}}