{"id":23463,"date":"2020-04-10T00:20:48","date_gmt":"2020-04-10T00:20:48","guid":{"rendered":"https:\/\/jorgezanoni.com.br\/2019\/?p=23463"},"modified":"2020-04-10T00:20:48","modified_gmt":"2020-04-10T00:20:48","slug":"tupa-impoe-barreiras-sanitarias-em-acessos-da-cidade-para-controlar-entradas-e-saidas","status":"publish","type":"post","link":"https:\/\/jorgezanoni.com.br\/2019\/tupa-impoe-barreiras-sanitarias-em-acessos-da-cidade-para-controlar-entradas-e-saidas\/","title":{"rendered":"Tup\u00e3 imp\u00f5e barreiras sanit\u00e1rias em acessos da cidade para controlar entradas e sa\u00eddas"},"content":{"rendered":"<h2 class=\"content-head__subtitle\" style=\"text-align: justify;\"><strong>Os acessos rodovi\u00e1rios a cidade poder\u00e3o ser feitos apenas pelo do trevo Ivo Pinto Paredes (SP-294); todos os outros acessos estar\u00e3o fechados. Cidade registrou o primeiro caso nesta quinta-feira (9).<\/strong><\/h2>\n<div class=\"mc-column content-text active-extra-styles \" data-block-type=\"unstyled\" data-block-weight=\"23\" data-block-id=\"2\">\n<p class=\"content-text__container \" style=\"text-align: justify;\" data-track-category=\"Link no Texto\" data-track-links=\"\">A Prefeitura de Tup\u00e3 (SP) anunciou outras medidas restritivas para conter a circula\u00e7\u00e3o de pessoas na cidade e evitar a propaga\u00e7\u00e3o do coronav\u00edrus.<\/p>\n<\/div>\n<div class=\"wall protected-content\">\n<div class=\"mc-column content-text active-extra-styles \" data-block-type=\"unstyled\" data-block-weight=\"40\" data-block-id=\"3\">\n<p class=\"content-text__container \" style=\"text-align: justify;\" data-track-category=\"Link no Texto\" data-track-links=\"\">De acordo com o prefeito da cidade, Caio Aoqui, barreiras sanit\u00e1rias ser\u00e3o impostas nos acessos \u00e0 cidade como forma de fiscalizar a entrada e sa\u00edda de pessoas, sob fiscaliza\u00e7\u00e3o dos agentes municipais de tr\u00e2nsito para garantir as medidas sejam cumpridas.<\/p>\n<p style=\"text-align: justify;\" data-track-category=\"Link no Texto\" data-track-links=\"\">Os agentes tamb\u00e9m estar\u00e3o autorizados a inspecionar as pessoas que cheguem a cidade.<\/p>\n<div class=\"mc-column content-text active-extra-styles \" style=\"text-align: justify;\" data-block-type=\"unstyled\" data-block-weight=\"24\" data-block-id=\"7\">\n<p class=\"content-text__container \" data-track-category=\"Link no Texto\" data-track-links=\"\">&#8220;Devido ao feriado de P\u00e1scoa, muitas pessoas est\u00e3o vindo da capital at\u00e9 o interior. Por isso decidimos criar a barreira&#8221;, explica o prefeito.<\/p>\n<\/div>\n<div class=\"content-ads content-ads--reveal\" style=\"text-align: justify;\" data-block-type=\"ads\" data-block-id=\"8\"><\/div>\n<div class=\"mc-column content-text active-extra-styles \" style=\"text-align: justify;\" data-block-type=\"unstyled\" data-block-weight=\"17\" data-block-id=\"9\">\n<p class=\"content-text__container \" data-track-category=\"Link no Texto\" data-track-links=\"\">O descumprimento das medidas pode resultar em infra\u00e7\u00e3o m\u00e9dia, com penalidade de multa e recolhimento do ve\u00edculo.<\/p>\n<\/div>\n<div class=\"mc-column content-text active-extra-styles \" style=\"text-align: justify;\" data-block-type=\"unstyled\" data-block-weight=\"25\" data-block-id=\"10\">\n<p class=\"content-text__container \" data-track-category=\"Link no Texto\" data-track-links=\"\">Os acessos rodovi\u00e1rios a cidade poder\u00e3o ser feitos somente atrav\u00e9s do trevo Ivo Pinto Paredes (SP-294), no quil\u00f4metro 529. Todos os outros acessos estar\u00e3o fechados.<\/p>\n<\/div>\n<div class=\"mc-column content-text active-extra-styles \" style=\"text-align: justify;\" data-block-type=\"unstyled\" data-block-weight=\"16\" data-block-id=\"11\">\n<p class=\"content-text__container \" data-track-category=\"Link no Texto\" data-track-links=\"\">Todas as medidas impostas ser\u00e3o divulgadas pela prefeitura na sexta-feira (10) no Di\u00e1rio Oficial do Munic\u00edpio.<\/p>\n<\/div>\n<div class=\"mc-column content-text active-extra-styles\" style=\"text-align: justify;\" data-block-type=\"raw\" data-block-weight=\"4\" data-block-id=\"12\">\n<div class=\"content-intertitle\">\n<h2>Primeiro caso de coronav\u00edrus<\/h2>\n<\/div>\n<\/div>\n<div class=\"mc-column content-text active-extra-styles \" style=\"text-align: justify;\" data-block-type=\"unstyled\" data-block-weight=\"38\" data-block-id=\"13\">\n<p class=\"content-text__container \" data-track-category=\"Link no Texto\" data-track-links=\"\"><a href=\"https:\/\/g1.globo.com\/sp\/bauru-marilia\/noticia\/2020\/04\/09\/prefeitura-de-tupa-confirma-primeiro-caso-de-coronavirus.ghtml\">A prefeitura confirmou o primeiro caso de Covid-19 na manh\u00e3 desta quinta-feira (9).\u00a0<\/a>Trata-se de um homem de 34 anos que trabalha em S\u00e3o Paulo, mas retornou para Tup\u00e3 ap\u00f3s ter contato com um caso positivo da doen\u00e7a.<\/p>\n<\/div>\n<div class=\"mc-column content-text active-extra-styles \" data-block-type=\"unstyled\" data-block-weight=\"27\" data-block-id=\"14\">\n<p class=\"content-text__container \" style=\"text-align: justify;\" data-track-category=\"Link no Texto\" data-track-links=\"\">Segundo a Secretaria Municipal de Sa\u00fade, o exame do paciente foi encaminhado ao Laborat\u00f3rio Pardini, credenciado pelo Minist\u00e9rio da Sa\u00fade, que confirmou o resultado positivo para coronav\u00edrus.<\/p>\n<p style=\"text-align: justify;\" data-track-category=\"Link no Texto\" data-track-links=\"\">Fonte: G1<\/p>\n<\/div>\n<\/div>\n<\/div>\n","protected":false},"excerpt":{"rendered":"<p>Os acessos rodovi\u00e1rios a cidade poder\u00e3o ser feitos apenas pelo do trevo Ivo Pinto Paredes (SP-294); todos os outros acessos estar\u00e3o fechados. Cidade registrou o primeiro caso nesta quinta-feira (9). A Prefeitura de Tup\u00e3 (SP) anunciou outras medidas restritivas para conter a circula\u00e7\u00e3o de pessoas na cidade e evitar a propaga\u00e7\u00e3o do coronav\u00edrus. De acordo [&hellip;]<\/p>\n","protected":false},"author":1,"featured_media":23464,"comment_status":"closed","ping_status":"open","sticky":false,"template":"","format":"standard","meta":{"footnotes":""},"categories":[114,110],"tags":[],"class_list":["post-23463","post","type-post","status-publish","format-standard","has-post-thumbnail","hentry","category-geralecomercio","category-noticiasdestaque"],"_links":{"self":[{"href":"https:\/\/jorgezanoni.com.br\/2019\/wp-json\/wp\/v2\/posts\/23463","targetHints":{"allow":["GET"]}}],"collection":[{"href":"https:\/\/jorgezanoni.com.br\/2019\/wp-json\/wp\/v2\/posts"}],"about":[{"href":"https:\/\/jorgezanoni.com.br\/2019\/wp-json\/wp\/v2\/types\/post"}],"author":[{"embeddable":true,"href":"https:\/\/jorgezanoni.com.br\/2019\/wp-json\/wp\/v2\/users\/1"}],"replies":[{"embeddable":true,"href":"https:\/\/jorgezanoni.com.br\/2019\/wp-json\/wp\/v2\/comments?post=23463"}],"version-history":[{"count":0,"href":"https:\/\/jorgezanoni.com.br\/2019\/wp-json\/wp\/v2\/posts\/23463\/revisions"}],"wp:featuredmedia":[{"embeddable":true,"href":"https:\/\/jorgezanoni.com.br\/2019\/wp-json\/wp\/v2\/media\/23464"}],"wp:attachment":[{"href":"https:\/\/jorgezanoni.com.br\/2019\/wp-json\/wp\/v2\/media?parent=23463"}],"wp:term":[{"taxonomy":"category","embeddable":true,"href":"https:\/\/jorgezanoni.com.br\/2019\/wp-json\/wp\/v2\/categories?post=23463"},{"taxonomy":"post_tag","embeddable":true,"href":"https:\/\/jorgezanoni.com.br\/2019\/wp-json\/wp\/v2\/tags?post=23463"}],"curies":[{"name":"wp","href":"https:\/\/api.w.org\/{rel}","templated":true}]}}