{"id":23460,"date":"2020-04-09T23:59:25","date_gmt":"2020-04-09T23:59:25","guid":{"rendered":"https:\/\/jorgezanoni.com.br\/2019\/?p=23460"},"modified":"2020-04-09T23:59:25","modified_gmt":"2020-04-09T23:59:25","slug":"camara-de-adamantina-antecipa-a-prefeitura-devolucao-de-sobras-de-recursos-que-faria-somente-no-final-do-ano","status":"publish","type":"post","link":"https:\/\/jorgezanoni.com.br\/2019\/camara-de-adamantina-antecipa-a-prefeitura-devolucao-de-sobras-de-recursos-que-faria-somente-no-final-do-ano\/","title":{"rendered":"C\u00e2mara de Adamantina antecipa \u00e0 Prefeitura devolu\u00e7\u00e3o de sobras de recursos que faria somente no final do ano"},"content":{"rendered":"<h2 class=\"subtitulo\"><strong>Ser\u00e3o devolvidos R$ 120 mil, de abril a julho, de valores n\u00e3o usados no duod\u00e9cimo.<\/strong><\/h2>\n<p style=\"font-weight: 400; text-align: justify;\">Uma decis\u00e3o da mesa diretora da C\u00e2mara Municipal de Adamantina vai permitir que o legislativo local devolva \u00e0 Prefeitura os saldos dos recursos financeiros n\u00e3o utilizados, a partir deste m\u00eas de abril. Esses valores, como parte do duod\u00e9cimo, s\u00e3o repassados mensalmente pala Prefeitura, \u00e0 C\u00e2mara, para o custeio de suas atividades.<\/p>\n<p style=\"font-weight: 400; text-align: justify;\">Essa decis\u00e3o vai permitir uma devolu\u00e7\u00e3o inicial prevista de R$ 120 mil, sendo R$ 30 mil j\u00e1 referente a abril, somados aos R$ 30 mil nos demais meses, at\u00e9 julho.<\/p>\n<p style=\"font-weight: 400; text-align: justify;\">A \u00faltima devolu\u00e7\u00e3o integral feita pela C\u00e2mara, \u00e0 Prefeitura, foi de R$ 332.597,65, referente aos doze meses de 2019.<\/p>\n<p style=\"font-weight: 400; text-align: justify;\">Habitualmente, o saldo n\u00e3o utilizado \u00e9 devolvido ao final do ano, para a Prefeitura, mas a decis\u00e3o de antecipar a devolu\u00e7\u00e3o foi tomada para que esses recursos, desde j\u00e1, possam ser utilizados pelo executivo nas a\u00e7\u00f5es de enfrentamento ao novo coronav\u00edrus e, sobretudo, no suporte assistencial a fam\u00edlias em vulnerabilidade social.<\/p>\n<p style=\"font-weight: 400; text-align: justify;\">Para essa medida, a C\u00e2mara Municipal consultou o Tribunal de Contas do Estado de S\u00e3o Paulo, que deu sinal verde.<\/p>\n<p style=\"font-weight: 400; text-align: justify;\">Al\u00e9m da decis\u00e3o pela devolu\u00e7\u00e3o, a C\u00e2mara Municipal tamb\u00e9m suspendeu viagens e outras iniciativas que possam gerar despesas extras, nesse per\u00edodo de restri\u00e7\u00f5es.<\/p>\n<p style=\"text-align: justify;\">Fonte: sigamais.com.br<\/p>\n","protected":false},"excerpt":{"rendered":"<p>Ser\u00e3o devolvidos R$ 120 mil, de abril a julho, de valores n\u00e3o usados no duod\u00e9cimo. Uma decis\u00e3o da mesa diretora da C\u00e2mara Municipal de Adamantina vai permitir que o legislativo local devolva \u00e0 Prefeitura os saldos dos recursos financeiros n\u00e3o utilizados, a partir deste m\u00eas de abril. Esses valores, como parte do duod\u00e9cimo, s\u00e3o repassados [&hellip;]<\/p>\n","protected":false},"author":1,"featured_media":23461,"comment_status":"closed","ping_status":"open","sticky":false,"template":"","format":"standard","meta":{"footnotes":""},"categories":[195,179],"tags":[],"class_list":["post-23460","post","type-post","status-publish","format-standard","has-post-thumbnail","hentry","category-adamantina","category-cidadeseregiao"],"_links":{"self":[{"href":"https:\/\/jorgezanoni.com.br\/2019\/wp-json\/wp\/v2\/posts\/23460","targetHints":{"allow":["GET"]}}],"collection":[{"href":"https:\/\/jorgezanoni.com.br\/2019\/wp-json\/wp\/v2\/posts"}],"about":[{"href":"https:\/\/jorgezanoni.com.br\/2019\/wp-json\/wp\/v2\/types\/post"}],"author":[{"embeddable":true,"href":"https:\/\/jorgezanoni.com.br\/2019\/wp-json\/wp\/v2\/users\/1"}],"replies":[{"embeddable":true,"href":"https:\/\/jorgezanoni.com.br\/2019\/wp-json\/wp\/v2\/comments?post=23460"}],"version-history":[{"count":0,"href":"https:\/\/jorgezanoni.com.br\/2019\/wp-json\/wp\/v2\/posts\/23460\/revisions"}],"wp:featuredmedia":[{"embeddable":true,"href":"https:\/\/jorgezanoni.com.br\/2019\/wp-json\/wp\/v2\/media\/23461"}],"wp:attachment":[{"href":"https:\/\/jorgezanoni.com.br\/2019\/wp-json\/wp\/v2\/media?parent=23460"}],"wp:term":[{"taxonomy":"category","embeddable":true,"href":"https:\/\/jorgezanoni.com.br\/2019\/wp-json\/wp\/v2\/categories?post=23460"},{"taxonomy":"post_tag","embeddable":true,"href":"https:\/\/jorgezanoni.com.br\/2019\/wp-json\/wp\/v2\/tags?post=23460"}],"curies":[{"name":"wp","href":"https:\/\/api.w.org\/{rel}","templated":true}]}}