{"id":23454,"date":"2020-04-09T22:50:34","date_gmt":"2020-04-09T22:50:34","guid":{"rendered":"https:\/\/jorgezanoni.com.br\/2019\/?p=23454"},"modified":"2020-04-09T22:50:34","modified_gmt":"2020-04-09T22:50:34","slug":"quanta-desinformacao-por-parte-da-prefeitura-de-dracena-mudou-de-novo-o-sistema-da-vacinacao-para-idosos","status":"publish","type":"post","link":"https:\/\/jorgezanoni.com.br\/2019\/quanta-desinformacao-por-parte-da-prefeitura-de-dracena-mudou-de-novo-o-sistema-da-vacinacao-para-idosos\/","title":{"rendered":"Quanta &#8220;DESinforma\u00e7\u00e3o&#8221; por parte da Prefeitura de Dracena. Mudou de novo o sistema da Vacina\u00e7\u00e3o para Idosos"},"content":{"rendered":"<p style=\"text-align: justify;\">Secretaria de Sa\u00fade informa sobre novo formato da campanha de vacina\u00e7\u00e3o contra gripe para idosos(as)<\/p>\n<p style=\"text-align: justify;\">A campanha de vacina\u00e7\u00e3o contra a gripe para idosos ser\u00e1 retomada na segunda-feira (13) com um novo formato.<\/p>\n<p style=\"text-align: justify;\">A vacina\u00e7\u00e3o n\u00e3o ser\u00e1 mais em domic\u00edlio, a Secretaria Municipal de Sa\u00fade usar\u00e1 a estrutura das escolas da rede municipal de educa\u00e7\u00e3o. Foram escolhidas escolas pr\u00f3ximas aos setores que ainda n\u00e3o foram vacinados.<\/p>\n<div class=\"text_exposed_show\">\n<p style=\"text-align: justify;\">Portanto, de 13\/04 a 17\/04 (segunda a sexta-feira) as pessoas com 60 anos ou mais poder\u00e3o tomar a vacina das 08h \u00e0s 13h nas seguintes escolas:<\/p>\n<p style=\"text-align: justify;\">&#8211; Ott\u00edlia Braz Noguerol (Jardim das Palmeiras)<br \/>\n&#8211; Jo\u00e3o Vendramini (Centro)<br \/>\n&#8211; Luiza Rossa Ribeiro (S\u00e3o Francisco)<br \/>\n&#8211; Waldomiro Machado (Vila Barros)<br \/>\n&#8211; Jo\u00e3o Milan Barbosa (Em\u00edlio Zanatta)<\/p>\n<p style=\"text-align: justify;\">Leve a caderneta de vacina\u00e7\u00e3o e RG.<\/p>\n<p style=\"text-align: justify;\">Aten\u00e7\u00e3o, quem j\u00e1 tomou a vacina n\u00e3o deve ir at\u00e9 as escolas, campanha v\u00e1lida somente para quem ainda n\u00e3o recebeu a dose da vacina.<\/p>\n<p style=\"text-align: justify;\">Idosos que residem na zona rural devem ir at\u00e9 a escola mais pr\u00f3xima, seguindo o novo formato da campanha. Caso o idoso da zona rural seja acamado ou com dificuldades em locomo\u00e7\u00e3o e transporte, ligue no Informa SUS e solicite a vacina\u00e7\u00e3o.<\/p>\n<p style=\"text-align: justify;\">D\u00favidas? Ligue para o Informa SUS \u2013 Coronav\u00edrus e Vacina\u00e7\u00e3o Contra a Gripe.<\/p>\n<p style=\"text-align: justify;\">Telefones: (18) 3822-6868 \/ 3821-8012 \/ 3821-8014 \/ 3821-8015<br \/>\nHor\u00e1rio de atendimento: de segunda a sexta-feira das 07h \u00e0s 12h e das 13h at\u00e9 \u00e0s 16h.<\/p>\n<p style=\"text-align: justify;\">Fonte: Diretoria de Comunica\u00e7\u00e3o<br \/>\nPrefeitura de Dracena<\/p>\n<\/div>\n","protected":false},"excerpt":{"rendered":"<p>Secretaria de Sa\u00fade informa sobre novo formato da campanha de vacina\u00e7\u00e3o contra gripe para idosos(as) A campanha de vacina\u00e7\u00e3o contra a gripe para idosos ser\u00e1 retomada na segunda-feira (13) com um novo formato. A vacina\u00e7\u00e3o n\u00e3o ser\u00e1 mais em domic\u00edlio, a Secretaria Municipal de Sa\u00fade usar\u00e1 a estrutura das escolas da rede municipal de educa\u00e7\u00e3o. [&hellip;]<\/p>\n","protected":false},"author":1,"featured_media":23455,"comment_status":"closed","ping_status":"open","sticky":false,"template":"","format":"standard","meta":{"footnotes":""},"categories":[110,122],"tags":[],"class_list":["post-23454","post","type-post","status-publish","format-standard","has-post-thumbnail","hentry","category-noticiasdestaque","category-saudeeducacaoeconcurso"],"_links":{"self":[{"href":"https:\/\/jorgezanoni.com.br\/2019\/wp-json\/wp\/v2\/posts\/23454","targetHints":{"allow":["GET"]}}],"collection":[{"href":"https:\/\/jorgezanoni.com.br\/2019\/wp-json\/wp\/v2\/posts"}],"about":[{"href":"https:\/\/jorgezanoni.com.br\/2019\/wp-json\/wp\/v2\/types\/post"}],"author":[{"embeddable":true,"href":"https:\/\/jorgezanoni.com.br\/2019\/wp-json\/wp\/v2\/users\/1"}],"replies":[{"embeddable":true,"href":"https:\/\/jorgezanoni.com.br\/2019\/wp-json\/wp\/v2\/comments?post=23454"}],"version-history":[{"count":0,"href":"https:\/\/jorgezanoni.com.br\/2019\/wp-json\/wp\/v2\/posts\/23454\/revisions"}],"wp:featuredmedia":[{"embeddable":true,"href":"https:\/\/jorgezanoni.com.br\/2019\/wp-json\/wp\/v2\/media\/23455"}],"wp:attachment":[{"href":"https:\/\/jorgezanoni.com.br\/2019\/wp-json\/wp\/v2\/media?parent=23454"}],"wp:term":[{"taxonomy":"category","embeddable":true,"href":"https:\/\/jorgezanoni.com.br\/2019\/wp-json\/wp\/v2\/categories?post=23454"},{"taxonomy":"post_tag","embeddable":true,"href":"https:\/\/jorgezanoni.com.br\/2019\/wp-json\/wp\/v2\/tags?post=23454"}],"curies":[{"name":"wp","href":"https:\/\/api.w.org\/{rel}","templated":true}]}}