{"id":23445,"date":"2020-04-09T21:02:17","date_gmt":"2020-04-09T21:02:17","guid":{"rendered":"https:\/\/jorgezanoni.com.br\/2019\/?p=23445"},"modified":"2020-04-09T21:02:17","modified_gmt":"2020-04-09T21:02:17","slug":"brasil-tem-941-mortes-e-17-857-casos-confirmados-de-coronavirus-diz-ministerio","status":"publish","type":"post","link":"https:\/\/jorgezanoni.com.br\/2019\/brasil-tem-941-mortes-e-17-857-casos-confirmados-de-coronavirus-diz-ministerio\/","title":{"rendered":"Brasil tem 941 mortes e 17.857 casos confirmados de coronav\u00edrus, diz minist\u00e9rio"},"content":{"rendered":"<h2 class=\"content-head__subtitle\" style=\"text-align: justify;\"><strong>Balan\u00e7o da pasta foi divulgado nesta quinta-feira (9). Em 24 horas, foram mais 1.930 casos e 141 mortes somadas \u00e0s estat\u00edsticas.<\/strong><\/h2>\n<div class=\"mc-column content-text active-extra-styles active-capital-letter\" data-block-type=\"unstyled\" data-block-weight=\"15\" data-block-id=\"1\">\n<p class=\"content-text__container theme-color-primary-first-letter\" style=\"text-align: justify;\" data-track-category=\"Link no Texto\" data-track-links=\"\">O balan\u00e7o dos casos de Covid-19 divulgados pelo\u00a0<a href=\"https:\/\/g1.globo.com\/tudo-sobre\/ministerio-da-saude\/\">Minist\u00e9rio da Sa\u00fade<\/a>\u00a0nesta quarta-feira (8) aponta:<\/p>\n<\/div>\n<div class=\"wall protected-content\">\n<div class=\"mc-column content-text active-extra-styles\" style=\"text-align: justify;\" data-block-type=\"raw\" data-block-weight=\"5\" data-block-id=\"2\">\n<ul class=\"content-unordered-list\">\n<li><strong>941 mortes<\/strong><\/li>\n<li>17.857 casos confirmados<\/li>\n<\/ul>\n<\/div>\n<div class=\"mc-column content-text active-extra-styles \" data-block-type=\"unstyled\" data-block-weight=\"27\" data-block-id=\"3\">\n<p class=\"content-text__container \" style=\"text-align: justify;\" data-track-category=\"Link no Texto\" data-track-links=\"\">Na ter\u00e7a (7),\u00a0<a href=\"https:\/\/g1.globo.com\/bemestar\/coronavirus\/noticia\/2020\/04\/06\/brasil-tem-553-mortes-e-12056-casos-confirmados-de-coronavirus-diz-ministerio.ghtml\">havia 800 mortes e 15.927 casos confirmados<\/a><a href=\"https:\/\/g1.globo.com\/bemestar\/coronavirus\/noticia\/2020\/04\/05\/brasil-tem-486-mortes-e-11130-casos-confirmados-de-coronavirus-diz-ministerio.ghtml\">.<\/a>\u00a0S\u00e3o 1.930 casos (alta de 12%) e 141 mortes (alta de 18%) a mais em 24 horas.<\/p>\n<p style=\"text-align: justify;\" data-track-category=\"Link no Texto\" data-track-links=\"\">Fonte: https:\/\/g1.globo.com\/bemestar\/coronavirus\/noticia\/2020\/04\/09\/brasil-tem-941-mortes-e-17857-casos-confirmados-de-coronavirus-diz-ministerio.ghtml<\/p>\n<\/div>\n<\/div>\n","protected":false},"excerpt":{"rendered":"<p>Balan\u00e7o da pasta foi divulgado nesta quinta-feira (9). Em 24 horas, foram mais 1.930 casos e 141 mortes somadas \u00e0s estat\u00edsticas. O balan\u00e7o dos casos de Covid-19 divulgados pelo\u00a0Minist\u00e9rio da Sa\u00fade\u00a0nesta quarta-feira (8) aponta: 941 mortes 17.857 casos confirmados Na ter\u00e7a (7),\u00a0havia 800 mortes e 15.927 casos confirmados.\u00a0S\u00e3o 1.930 casos (alta de 12%) e 141 [&hellip;]<\/p>\n","protected":false},"author":1,"featured_media":23446,"comment_status":"closed","ping_status":"open","sticky":false,"template":"","format":"standard","meta":{"footnotes":""},"categories":[110,122],"tags":[],"class_list":["post-23445","post","type-post","status-publish","format-standard","has-post-thumbnail","hentry","category-noticiasdestaque","category-saudeeducacaoeconcurso"],"_links":{"self":[{"href":"https:\/\/jorgezanoni.com.br\/2019\/wp-json\/wp\/v2\/posts\/23445","targetHints":{"allow":["GET"]}}],"collection":[{"href":"https:\/\/jorgezanoni.com.br\/2019\/wp-json\/wp\/v2\/posts"}],"about":[{"href":"https:\/\/jorgezanoni.com.br\/2019\/wp-json\/wp\/v2\/types\/post"}],"author":[{"embeddable":true,"href":"https:\/\/jorgezanoni.com.br\/2019\/wp-json\/wp\/v2\/users\/1"}],"replies":[{"embeddable":true,"href":"https:\/\/jorgezanoni.com.br\/2019\/wp-json\/wp\/v2\/comments?post=23445"}],"version-history":[{"count":0,"href":"https:\/\/jorgezanoni.com.br\/2019\/wp-json\/wp\/v2\/posts\/23445\/revisions"}],"wp:featuredmedia":[{"embeddable":true,"href":"https:\/\/jorgezanoni.com.br\/2019\/wp-json\/wp\/v2\/media\/23446"}],"wp:attachment":[{"href":"https:\/\/jorgezanoni.com.br\/2019\/wp-json\/wp\/v2\/media?parent=23445"}],"wp:term":[{"taxonomy":"category","embeddable":true,"href":"https:\/\/jorgezanoni.com.br\/2019\/wp-json\/wp\/v2\/categories?post=23445"},{"taxonomy":"post_tag","embeddable":true,"href":"https:\/\/jorgezanoni.com.br\/2019\/wp-json\/wp\/v2\/tags?post=23445"}],"curies":[{"name":"wp","href":"https:\/\/api.w.org\/{rel}","templated":true}]}}