{"id":23442,"date":"2020-04-09T19:40:52","date_gmt":"2020-04-09T19:40:52","guid":{"rendered":"https:\/\/jorgezanoni.com.br\/2019\/?p=23442"},"modified":"2020-04-09T19:40:52","modified_gmt":"2020-04-09T19:40:52","slug":"vale-a-pena-servir-ao-publico","status":"publish","type":"post","link":"https:\/\/jorgezanoni.com.br\/2019\/vale-a-pena-servir-ao-publico\/","title":{"rendered":"Vale a pena servir ao p\u00fablico?"},"content":{"rendered":"<p style=\"text-align: justify;\"><u>Vale a pena servir ao p\u00fablico?<\/u><\/p>\n<p style=\"text-align: justify;\">\u00a0\u00a0\u00a0\u00a0\u00a0\u00a0\u00a0\u00a0\u00a0\u00a0\u00a0 *Jos\u00e9 Renato Nalini<\/p>\n<p style=\"text-align: justify;\">\u00a0\u00a0\u00a0\u00a0\u00a0\u00a0\u00a0\u00a0\u00a0\u00a0\u00a0 O Brasil \u00e9 o pa\u00eds da fic\u00e7\u00e3o. Quase tudo aqui se baseia em fantasia. O mundo do direito \u00e9 pr\u00f3digo em exemplos ficcionais absurdos. Por exemplo: fala-se em presun\u00e7\u00e3o de boa-f\u00e9. Na verdade, trabalha-se com a presun\u00e7\u00e3o de m\u00e1-f\u00e9. O mesmo ocorre com a presun\u00e7\u00e3o de inoc\u00eancia. O \u201cpresum\u00edvel\u201d inocente j\u00e1 come\u00e7a a responder ao processo na condi\u00e7\u00e3o de culpado. H\u00e1 julgadores para os quais serviria a eloquente ementa: \u201cao inocente a pena m\u00ednima\u201d.<\/p>\n<p style=\"text-align: justify;\">\u00a0\u00a0\u00a0\u00a0\u00a0\u00a0\u00a0\u00a0\u00a0\u00a0\u00a0 Assim ocorre com o infeliz que aceita fun\u00e7\u00e3o p\u00fablica. H\u00e1 uma generaliza\u00e7\u00e3o de desonestidade a poluir a reputa\u00e7\u00e3o de quem se arrisca. Ainda mais em tempos de redes sociais, com proclama\u00e7\u00f5es contundentes proferidas sem qualquer hesita\u00e7\u00e3o, o clamor grandiloquente de quem sentencia, de forma irrecorr\u00edvel: \u201cn\u00e3o h\u00e1 pol\u00edtico honesto\u201d.<\/p>\n<p style=\"text-align: justify;\">\u00a0\u00a0\u00a0\u00a0\u00a0\u00a0\u00a0\u00a0\u00a0\u00a0\u00a0 Essa tend\u00eancia p\u00f4s em fuga as pessoas de bem. Aos poucos, os detratores da pol\u00edtica passam a encontrar fundamento concreto para as suas levianas declara\u00e7\u00f5es. Enquanto em pa\u00edses civilizados a burocracia \u00e9 respeitada, porque \u00e9 permanente, enquanto os provis\u00f3rios detentores dos cargos de mando s\u00e3o periodicamente renov\u00e1veis, aqui todos s\u00e3o lan\u00e7ados ao lodo da suspei\u00e7\u00e3o.<\/p>\n<p style=\"text-align: justify;\">\u00a0\u00a0\u00a0\u00a0\u00a0\u00a0\u00a0\u00a0\u00a0\u00a0\u00a0 Isso n\u00e3o \u00e9 novo. Alguns brasileiros que precisariam ser redescobertos j\u00e1 sofriam dessa persegui\u00e7\u00e3o. Um deles \u00e9 o Visconde de Cairu, Jos\u00e9 da Silva Lisboa, nascido em Salvador em 1756. Um dos oitocentos brasileiros que se formaram em Coimbra durante os trezentos anos de Col\u00f4nia. Enquanto isso, as col\u00f4nias espanholas possu\u00edam Universidades em Lima e na cidade do M\u00e9xico desde o s\u00e9culo XVI e nelas mais de 150 mil obtiveram diploma de n\u00edvel superior no mesmo per\u00edodo.<\/p>\n<p style=\"text-align: justify;\">\u00a0\u00a0\u00a0\u00a0\u00a0\u00a0\u00a0\u00a0\u00a0\u00a0\u00a0 Cairuencontrou resist\u00eancias, assim como a luz do vagalume incomoda o sapo. Foi v\u00edtima da inveja, da incompet\u00eancia e da mediocridade. Sabia disso. Tanto que dizia: \u201cQuem bem serve o p\u00fablico exp\u00f5e-se ao ju\u00edzo temer\u00e1rio, \u00e0s cal\u00fanias e \u00e0s invectivas dos maus e dos n\u00e9scios, mas quem tem a consci\u00eancia da pr\u00f3pria integridade, consola-se com o desempenho do seu dever\u201d.<\/p>\n<p style=\"text-align: justify;\">\u00a0\u00a0\u00a0\u00a0\u00a0\u00a0\u00a0\u00a0\u00a0\u00a0\u00a0 Tudo continua assim no Brasil de 2020, s\u00f3 que agora h\u00e1 um gafanhoto faminto de devorar reputa\u00e7\u00f5es: as redes sociais. Salve-se quem puder!<\/p>\n<p style=\"text-align: justify;\">*Jos\u00e9 Renato Nalini \u00e9 Reitor da UNIREGISTRAL, docente da P\u00f3s-Gradua\u00e7\u00e3o da UNINOVE e Presidente da ACADEMIA PAULISTA DE LETRAS \u2013 2019-2020.<\/p>\n","protected":false},"excerpt":{"rendered":"<p>Vale a pena servir ao p\u00fablico? \u00a0\u00a0\u00a0\u00a0\u00a0\u00a0\u00a0\u00a0\u00a0\u00a0\u00a0 *Jos\u00e9 Renato Nalini \u00a0\u00a0\u00a0\u00a0\u00a0\u00a0\u00a0\u00a0\u00a0\u00a0\u00a0 O Brasil \u00e9 o pa\u00eds da fic\u00e7\u00e3o. Quase tudo aqui se baseia em fantasia. O mundo do direito \u00e9 pr\u00f3digo em exemplos ficcionais absurdos. Por exemplo: fala-se em presun\u00e7\u00e3o de boa-f\u00e9. Na verdade, trabalha-se com a presun\u00e7\u00e3o de m\u00e1-f\u00e9. O mesmo ocorre com a [&hellip;]<\/p>\n","protected":false},"author":1,"featured_media":23443,"comment_status":"closed","ping_status":"open","sticky":false,"template":"","format":"standard","meta":{"footnotes":""},"categories":[175],"tags":[],"class_list":["post-23442","post","type-post","status-publish","format-standard","has-post-thumbnail","hentry","category-artigos"],"_links":{"self":[{"href":"https:\/\/jorgezanoni.com.br\/2019\/wp-json\/wp\/v2\/posts\/23442","targetHints":{"allow":["GET"]}}],"collection":[{"href":"https:\/\/jorgezanoni.com.br\/2019\/wp-json\/wp\/v2\/posts"}],"about":[{"href":"https:\/\/jorgezanoni.com.br\/2019\/wp-json\/wp\/v2\/types\/post"}],"author":[{"embeddable":true,"href":"https:\/\/jorgezanoni.com.br\/2019\/wp-json\/wp\/v2\/users\/1"}],"replies":[{"embeddable":true,"href":"https:\/\/jorgezanoni.com.br\/2019\/wp-json\/wp\/v2\/comments?post=23442"}],"version-history":[{"count":0,"href":"https:\/\/jorgezanoni.com.br\/2019\/wp-json\/wp\/v2\/posts\/23442\/revisions"}],"wp:featuredmedia":[{"embeddable":true,"href":"https:\/\/jorgezanoni.com.br\/2019\/wp-json\/wp\/v2\/media\/23443"}],"wp:attachment":[{"href":"https:\/\/jorgezanoni.com.br\/2019\/wp-json\/wp\/v2\/media?parent=23442"}],"wp:term":[{"taxonomy":"category","embeddable":true,"href":"https:\/\/jorgezanoni.com.br\/2019\/wp-json\/wp\/v2\/categories?post=23442"},{"taxonomy":"post_tag","embeddable":true,"href":"https:\/\/jorgezanoni.com.br\/2019\/wp-json\/wp\/v2\/tags?post=23442"}],"curies":[{"name":"wp","href":"https:\/\/api.w.org\/{rel}","templated":true}]}}