{"id":23430,"date":"2020-04-09T16:22:08","date_gmt":"2020-04-09T16:22:08","guid":{"rendered":"https:\/\/jorgezanoni.com.br\/2019\/?p=23430"},"modified":"2020-04-09T16:22:08","modified_gmt":"2020-04-09T16:22:08","slug":"ex-deputado-estadual-vitor-sapienza-morre-aos-86-anos-de-coronavirus-em-sp","status":"publish","type":"post","link":"https:\/\/jorgezanoni.com.br\/2019\/ex-deputado-estadual-vitor-sapienza-morre-aos-86-anos-de-coronavirus-em-sp\/","title":{"rendered":"Ex-deputado estadual Vitor Sapienza morre aos 86 anos de coronav\u00edrus em SP"},"content":{"rendered":"<h2 class=\"content-head__subtitle\" style=\"text-align: justify;\"><strong>Ele faleceu na madrugada desta quinta (9) no Hospital S\u00edrio-Liban\u00eas, na capital. Mulher e filha est\u00e3o isoladas porque tiveram contato com o pol\u00edtico.<\/strong><\/h2>\n<div class=\"mc-column content-text active-extra-styles \" data-block-type=\"unstyled\" data-block-weight=\"50\" data-block-id=\"2\">\n<p class=\"content-text__container \" style=\"text-align: justify;\" data-track-category=\"Link no Texto\" data-track-links=\"\">O<strong>\u00a0ex-deputado estadual Vitor Sapienza<\/strong>\u00a0morreu aos 86 anos de idade por causa de\u00a0<strong>coronav\u00edrus<\/strong>, na madrugada desta quinta-feira (9), em S\u00e3o Paulo. A informa\u00e7\u00e3o foi confirmada nesta manh\u00e3 pela assessoria de imprensa do pol\u00edtico e pelo\u00a0<strong>Hospital S\u00edrio-Liban\u00eas<\/strong>, na capital, onde ele estava internado desde o \u00faltimo domingo (5).<\/p>\n<\/div>\n<div class=\"wall protected-content\">\n<div class=\"mc-column content-text active-extra-styles\" style=\"text-align: justify;\" data-block-type=\"raw\" data-block-weight=\"31\" data-block-id=\"3\">\n<blockquote class=\"content-blockquote theme-border-color-primary-before\"><p>Por meio de nota, o hospital informou que Sapienza morreu \u00e0s 3h desta quinta &#8220;em decorr\u00eancia de complica\u00e7\u00f5es causadas pela Covid-19&#8221;. Ele\u00a0<em>&#8220;apresentava comorbidades, como pneumopatia e cardiopatia&#8221;,<\/em>\u00a0segundo o comunicado.<\/p><\/blockquote>\n<\/div>\n<div class=\"mc-column content-text active-extra-styles \" style=\"text-align: justify;\" data-block-type=\"unstyled\" data-block-weight=\"28\" data-block-id=\"4\">\n<p class=\"content-text__container \" data-track-category=\"Link no Texto\" data-track-links=\"\">De acordo com a assessoria do ex-deputado, ele ser\u00e1 enterrado por volta das 12h desta quinta no Cemit\u00e9rio do Ara\u00e7\u00e1, no Centro de S\u00e3o Paulo. N\u00e3o haver\u00e1 vel\u00f3rio.<\/p>\n<\/div>\n<div class=\"mc-column content-text active-extra-styles \" style=\"text-align: justify;\" data-block-type=\"unstyled\" data-block-weight=\"15\" data-block-id=\"5\">\n<p class=\"content-text__container \" data-track-category=\"Link no Texto\" data-track-links=\"\">A mulher e a filha de Sapienza est\u00e3o isoladas porque tiveram contato com ele.<\/p>\n<\/div>\n<div class=\"mc-column content-text active-extra-styles\" style=\"text-align: justify;\" data-block-type=\"raw\" data-block-weight=\"1\" data-block-id=\"6\">\n<div class=\"content-intertitle\">\n<h2>Perfil<\/h2>\n<\/div>\n<\/div>\n<div class=\"mc-column content-text active-extra-styles \" style=\"text-align: justify;\" data-block-type=\"unstyled\" data-block-weight=\"37\" data-block-id=\"7\">\n<p class=\"content-text__container \" data-track-category=\"Link no Texto\" data-track-links=\"\">Sapienza foi deputado de 1987 a 2019. De acordo com o site da a Assembleia Legislativa de S\u00e3o Paulo (Alesp), Sapienza se formou em economia e ci\u00eancias cont\u00e1beis pela Pontif\u00edcia Universidade Cat\u00f3lica (PUC) de S\u00e3o Paulo.<\/p>\n<\/div>\n<div class=\"mc-column content-text active-extra-styles \" style=\"text-align: justify;\" data-block-type=\"unstyled\" data-block-weight=\"42\" data-block-id=\"8\">\n<p class=\"content-text__container \" data-track-category=\"Link no Texto\" data-track-links=\"\">Em 1962, ingressou na carreira de agente fiscal de rendas do Estado. Foi delegado regional tribut\u00e1rio da Grande S\u00e3o Paulo (1971-77 e 1983-86) e conselheiro, presidente e secret\u00e1rio da Associa\u00e7\u00e3o dos Agentes Fiscais de Rendas do Estado de S\u00e3o Paulo (1985-88).<\/p>\n<\/div>\n<div class=\"content-ads content-ads--reveal\" style=\"text-align: justify;\" data-block-type=\"ads\" data-block-id=\"9\"><\/div>\n<div class=\"mc-column content-text active-extra-styles \" style=\"text-align: justify;\" data-block-type=\"unstyled\" data-block-weight=\"15\" data-block-id=\"10\">\n<p class=\"content-text__container \" data-track-category=\"Link no Texto\" data-track-links=\"\">Foi deputado a primeira vez em 1987. Presidiu a Alesp no bi\u00eanio de 1993-95.<\/p>\n<\/div>\n<div class=\"mc-column content-text active-extra-styles \" style=\"text-align: justify;\" data-block-type=\"unstyled\" data-block-weight=\"33\" data-block-id=\"11\">\n<p class=\"content-text__container \" data-track-category=\"Link no Texto\" data-track-links=\"\">Foi governador interino do Estado em 1994 e l\u00edder do antigo PPS (Partido Popular Socialista) de 1999 a 2001. O partido mudou de nome em 2019 e passou a se chamar Cidadania.<\/p>\n<\/div>\n<div class=\"mc-column content-text active-extra-styles \" data-block-type=\"unstyled\" data-block-weight=\"15\" data-block-id=\"12\">\n<p class=\"content-text__container \" style=\"text-align: justify;\" data-track-category=\"Link no Texto\" data-track-links=\"\">Em 2006, Sapienza elegeu-se deputado pela sexta vez, com 64.918 votos. Foi seu \u00faltimo mandato.<\/p>\n<p style=\"text-align: justify;\" data-track-category=\"Link no Texto\" data-track-links=\"\">Fonte: G1<\/p>\n<\/div>\n<\/div>\n","protected":false},"excerpt":{"rendered":"<p>Ele faleceu na madrugada desta quinta (9) no Hospital S\u00edrio-Liban\u00eas, na capital. Mulher e filha est\u00e3o isoladas porque tiveram contato com o pol\u00edtico. O\u00a0ex-deputado estadual Vitor Sapienza\u00a0morreu aos 86 anos de idade por causa de\u00a0coronav\u00edrus, na madrugada desta quinta-feira (9), em S\u00e3o Paulo. A informa\u00e7\u00e3o foi confirmada nesta manh\u00e3 pela assessoria de imprensa do pol\u00edtico [&hellip;]<\/p>\n","protected":false},"author":1,"featured_media":23431,"comment_status":"closed","ping_status":"open","sticky":false,"template":"","format":"standard","meta":{"footnotes":""},"categories":[178,116],"tags":[],"class_list":["post-23430","post","type-post","status-publish","format-standard","has-post-thumbnail","hentry","category-notadefalecimento","category-politicaeeconomia"],"_links":{"self":[{"href":"https:\/\/jorgezanoni.com.br\/2019\/wp-json\/wp\/v2\/posts\/23430","targetHints":{"allow":["GET"]}}],"collection":[{"href":"https:\/\/jorgezanoni.com.br\/2019\/wp-json\/wp\/v2\/posts"}],"about":[{"href":"https:\/\/jorgezanoni.com.br\/2019\/wp-json\/wp\/v2\/types\/post"}],"author":[{"embeddable":true,"href":"https:\/\/jorgezanoni.com.br\/2019\/wp-json\/wp\/v2\/users\/1"}],"replies":[{"embeddable":true,"href":"https:\/\/jorgezanoni.com.br\/2019\/wp-json\/wp\/v2\/comments?post=23430"}],"version-history":[{"count":0,"href":"https:\/\/jorgezanoni.com.br\/2019\/wp-json\/wp\/v2\/posts\/23430\/revisions"}],"wp:featuredmedia":[{"embeddable":true,"href":"https:\/\/jorgezanoni.com.br\/2019\/wp-json\/wp\/v2\/media\/23431"}],"wp:attachment":[{"href":"https:\/\/jorgezanoni.com.br\/2019\/wp-json\/wp\/v2\/media?parent=23430"}],"wp:term":[{"taxonomy":"category","embeddable":true,"href":"https:\/\/jorgezanoni.com.br\/2019\/wp-json\/wp\/v2\/categories?post=23430"},{"taxonomy":"post_tag","embeddable":true,"href":"https:\/\/jorgezanoni.com.br\/2019\/wp-json\/wp\/v2\/tags?post=23430"}],"curies":[{"name":"wp","href":"https:\/\/api.w.org\/{rel}","templated":true}]}}