{"id":23425,"date":"2020-04-09T15:59:16","date_gmt":"2020-04-09T15:59:16","guid":{"rendered":"https:\/\/jorgezanoni.com.br\/2019\/?p=23425"},"modified":"2020-04-09T16:01:15","modified_gmt":"2020-04-09T16:01:15","slug":"dia-mundial-do-parkinson-unifadra-e-prefeitura-de-dracena-buscam-melhor-qualidade-de-vida-para-os-pacientes","status":"publish","type":"post","link":"https:\/\/jorgezanoni.com.br\/2019\/dia-mundial-do-parkinson-unifadra-e-prefeitura-de-dracena-buscam-melhor-qualidade-de-vida-para-os-pacientes\/","title":{"rendered":"Dia Mundial do Parkinson: Unifadra e Prefeitura de Dracena buscam melhor qualidade de vida para os pacientes"},"content":{"rendered":"<p style=\"text-align: justify;\">O\u00a0dia 11 de abril marca o Dia Mundial de Conscientiza\u00e7\u00e3o do Parkinson, uma doen\u00e7a progressiva e neurodegenerativa. A Unifadra e a Prefeitura Municipal de Dracena possuem um programa que ajuda os pacientes dessa enfermidade a terem melhor qualidade de vida. No Brasil, n\u00e3o se sabe ao certo a preval\u00eancia da doen\u00e7a, mas um estudo em Minas Gerais mostrou que pode chegar a 4% da popula\u00e7\u00e3o idosa.<\/p>\n<p style=\"text-align: justify;\">Essa enfermidade afeta principalmente as \u00e1reas do c\u00e9rebro que controlam os movimentos volunt\u00e1rios, gerando dificuldades na execu\u00e7\u00e3o das atividades rotineiras, como caminhar e segurar objetos. A import\u00e2ncia dos exerc\u00edcios se d\u00e1 pela melhora e manuten\u00e7\u00e3o da funcionalidade e tarefas do dia a dia.<br \/>\nO programa Parkinson existe desde 2018 em Dracena e atende gratuitamente a comunidade, ofertando exerc\u00edcios f\u00edsicos espec\u00edficos para os pacientes com a doen\u00e7a. Os alunos dos cursos de Educa\u00e7\u00e3o F\u00edsica, Enfermagem, Psicologia e Medicina, coordenados pela professora da Unifadra Dra. Denise Bueno, aplicam essas atividades aos pacientes na Fundec.<br \/>\nA coordenadora do programa Profa. Dra. Denise Bueno informou que as atividades com os pacientes s\u00e3o realizadas duas vezes por semana. Neste momento, de forma preventiva ao COVID-19, as atividades est\u00e3o suspensas temporariamente.<br \/>\nEm 1988, a OMS (Organiza\u00e7\u00e3o Mundial da Sa\u00fade) instituiu a data de 11 de abril como o Dia Mundial de Conscientiza\u00e7\u00e3o da Doen\u00e7a de Parkinson, nome dado em homenagem ao m\u00e9dico que descreveu o mal, em 1817: James Parkinson.<br \/>\n\u201cO Parkinson n\u00e3o tem cura, mas pode ser controlado, e os exerc\u00edcios s\u00e3o uma \u00f3tima alternativa, como mostram nossos resultados de 2019. A evolu\u00e7\u00e3o dos pacientes tem ocorrido em pouco tempo. Al\u00e9m de ajudar os pacientes, o grupo tamb\u00e9m realiza pesquisa para compreender melhor a doen\u00e7a em rela\u00e7\u00e3o aos exerc\u00edcios. O objetivo \u00e9 fornecer informa\u00e7\u00f5es para a comunidade cient\u00edfica e para a popula\u00e7\u00e3o\u201d, ressaltou Denise Bueno.<br \/>\nSERVI\u00c7O: Para participar, bastar entrar em contato pelo WhatsApp da Fundec (18 99802-1237) e deixar o nome do paciente. A equipe da Unifadra entrar\u00e1 em contato assim que as atividades forem retomadas. O programa Parkinson \u00e9 gratuito.<\/p>\n<p>Fotos:Alunos\u00a0da\u00a0Unifadra\u00a0durante\u00a0atividades\u00a0do\u00a0Programa\u00a0Parkinson.<\/p>\n<p><img loading=\"lazy\" decoding=\"async\" class=\"alignnone size-full wp-image-23426\" src=\"https:\/\/jorgezanoni.com.br\/2019\/wp-content\/uploads\/2020\/04\/park1.jpg\" alt=\"\" width=\"1280\" height=\"960\" srcset=\"https:\/\/jorgezanoni.com.br\/2019\/wp-content\/uploads\/2020\/04\/park1.jpg 1280w, https:\/\/jorgezanoni.com.br\/2019\/wp-content\/uploads\/2020\/04\/park1-300x225.jpg 300w, https:\/\/jorgezanoni.com.br\/2019\/wp-content\/uploads\/2020\/04\/park1-1024x768.jpg 1024w, https:\/\/jorgezanoni.com.br\/2019\/wp-content\/uploads\/2020\/04\/park1-768x576.jpg 768w, https:\/\/jorgezanoni.com.br\/2019\/wp-content\/uploads\/2020\/04\/park1-80x60.jpg 80w, https:\/\/jorgezanoni.com.br\/2019\/wp-content\/uploads\/2020\/04\/park1-265x198.jpg 265w, https:\/\/jorgezanoni.com.br\/2019\/wp-content\/uploads\/2020\/04\/park1-696x522.jpg 696w, https:\/\/jorgezanoni.com.br\/2019\/wp-content\/uploads\/2020\/04\/park1-1068x801.jpg 1068w, https:\/\/jorgezanoni.com.br\/2019\/wp-content\/uploads\/2020\/04\/park1-560x420.jpg 560w\" sizes=\"auto, (max-width: 1280px) 100vw, 1280px\" \/><\/p>\n<p style=\"text-align: justify;\">Fonte: Assessoria de Imprensa Unifadra<\/p>\n","protected":false},"excerpt":{"rendered":"<p>O\u00a0dia 11 de abril marca o Dia Mundial de Conscientiza\u00e7\u00e3o do Parkinson, uma doen\u00e7a progressiva e neurodegenerativa. A Unifadra e a Prefeitura Municipal de Dracena possuem um programa que ajuda os pacientes dessa enfermidade a terem melhor qualidade de vida. No Brasil, n\u00e3o se sabe ao certo a preval\u00eancia da doen\u00e7a, mas um estudo em [&hellip;]<\/p>\n","protected":false},"author":1,"featured_media":23427,"comment_status":"closed","ping_status":"open","sticky":false,"template":"","format":"standard","meta":{"footnotes":""},"categories":[122],"tags":[],"class_list":["post-23425","post","type-post","status-publish","format-standard","has-post-thumbnail","hentry","category-saudeeducacaoeconcurso"],"_links":{"self":[{"href":"https:\/\/jorgezanoni.com.br\/2019\/wp-json\/wp\/v2\/posts\/23425","targetHints":{"allow":["GET"]}}],"collection":[{"href":"https:\/\/jorgezanoni.com.br\/2019\/wp-json\/wp\/v2\/posts"}],"about":[{"href":"https:\/\/jorgezanoni.com.br\/2019\/wp-json\/wp\/v2\/types\/post"}],"author":[{"embeddable":true,"href":"https:\/\/jorgezanoni.com.br\/2019\/wp-json\/wp\/v2\/users\/1"}],"replies":[{"embeddable":true,"href":"https:\/\/jorgezanoni.com.br\/2019\/wp-json\/wp\/v2\/comments?post=23425"}],"version-history":[{"count":0,"href":"https:\/\/jorgezanoni.com.br\/2019\/wp-json\/wp\/v2\/posts\/23425\/revisions"}],"wp:featuredmedia":[{"embeddable":true,"href":"https:\/\/jorgezanoni.com.br\/2019\/wp-json\/wp\/v2\/media\/23427"}],"wp:attachment":[{"href":"https:\/\/jorgezanoni.com.br\/2019\/wp-json\/wp\/v2\/media?parent=23425"}],"wp:term":[{"taxonomy":"category","embeddable":true,"href":"https:\/\/jorgezanoni.com.br\/2019\/wp-json\/wp\/v2\/categories?post=23425"},{"taxonomy":"post_tag","embeddable":true,"href":"https:\/\/jorgezanoni.com.br\/2019\/wp-json\/wp\/v2\/tags?post=23425"}],"curies":[{"name":"wp","href":"https:\/\/api.w.org\/{rel}","templated":true}]}}