{"id":23410,"date":"2020-04-09T03:57:57","date_gmt":"2020-04-09T03:57:57","guid":{"rendered":"https:\/\/jorgezanoni.com.br\/2019\/?p=23410"},"modified":"2020-04-09T11:29:00","modified_gmt":"2020-04-09T11:29:00","slug":"aniversariantes-do-dia-09-04-20","status":"publish","type":"post","link":"https:\/\/jorgezanoni.com.br\/2019\/aniversariantes-do-dia-09-04-20\/","title":{"rendered":"Aniversariantes do Dia 09\/04\/20"},"content":{"rendered":"<p>PARABENIZAMOS OS ANIVERSARIANTES DE HOJE:<\/p>\n<p><img loading=\"lazy\" decoding=\"async\" class=\"alignnone size-full wp-image-23411\" src=\"https:\/\/jorgezanoni.com.br\/2019\/wp-content\/uploads\/2020\/04\/Bete-Bacaro.jpg\" alt=\"\" width=\"540\" height=\"960\" srcset=\"https:\/\/jorgezanoni.com.br\/2019\/wp-content\/uploads\/2020\/04\/Bete-Bacaro.jpg 540w, https:\/\/jorgezanoni.com.br\/2019\/wp-content\/uploads\/2020\/04\/Bete-Bacaro-169x300.jpg 169w, https:\/\/jorgezanoni.com.br\/2019\/wp-content\/uploads\/2020\/04\/Bete-Bacaro-236x420.jpg 236w\" sizes=\"auto, (max-width: 540px) 100vw, 540px\" \/> Bete Bacaro<\/p>\n<p><img loading=\"lazy\" decoding=\"async\" class=\"alignnone size-full wp-image-23412\" src=\"https:\/\/jorgezanoni.com.br\/2019\/wp-content\/uploads\/2020\/04\/Fabiana-Gomes.jpg\" alt=\"\" width=\"545\" height=\"545\" srcset=\"https:\/\/jorgezanoni.com.br\/2019\/wp-content\/uploads\/2020\/04\/Fabiana-Gomes.jpg 545w, https:\/\/jorgezanoni.com.br\/2019\/wp-content\/uploads\/2020\/04\/Fabiana-Gomes-300x300.jpg 300w, https:\/\/jorgezanoni.com.br\/2019\/wp-content\/uploads\/2020\/04\/Fabiana-Gomes-150x150.jpg 150w, https:\/\/jorgezanoni.com.br\/2019\/wp-content\/uploads\/2020\/04\/Fabiana-Gomes-420x420.jpg 420w\" sizes=\"auto, (max-width: 545px) 100vw, 545px\" \/> Fabiana Gomes<\/p>\n<p><img loading=\"lazy\" decoding=\"async\" class=\"alignnone size-full wp-image-23422\" src=\"https:\/\/jorgezanoni.com.br\/2019\/wp-content\/uploads\/2020\/04\/Este-\u00e9-meu-filho-leiswladio-Pereira-souza-q-faz-anivers\u00e1rio-amanh\u00e3-dia-9-e-o-filho-dele-Lu\u00eds-Miguel-q-fez-niver-dia-6.jpg\" alt=\"\" width=\"720\" height=\"960\" srcset=\"https:\/\/jorgezanoni.com.br\/2019\/wp-content\/uploads\/2020\/04\/Este-\u00e9-meu-filho-leiswladio-Pereira-souza-q-faz-anivers\u00e1rio-amanh\u00e3-dia-9-e-o-filho-dele-Lu\u00eds-Miguel-q-fez-niver-dia-6.jpg 720w, https:\/\/jorgezanoni.com.br\/2019\/wp-content\/uploads\/2020\/04\/Este-\u00e9-meu-filho-leiswladio-Pereira-souza-q-faz-anivers\u00e1rio-amanh\u00e3-dia-9-e-o-filho-dele-Lu\u00eds-Miguel-q-fez-niver-dia-6-225x300.jpg 225w, https:\/\/jorgezanoni.com.br\/2019\/wp-content\/uploads\/2020\/04\/Este-\u00e9-meu-filho-leiswladio-Pereira-souza-q-faz-anivers\u00e1rio-amanh\u00e3-dia-9-e-o-filho-dele-Lu\u00eds-Miguel-q-fez-niver-dia-6-696x928.jpg 696w, https:\/\/jorgezanoni.com.br\/2019\/wp-content\/uploads\/2020\/04\/Este-\u00e9-meu-filho-leiswladio-Pereira-souza-q-faz-anivers\u00e1rio-amanh\u00e3-dia-9-e-o-filho-dele-Lu\u00eds-Miguel-q-fez-niver-dia-6-315x420.jpg 315w\" sizes=\"auto, (max-width: 720px) 100vw, 720px\" \/>Leiswladio Pereira Souza e o filho Luis Miguel<\/p>\n<p><img loading=\"lazy\" decoding=\"async\" class=\"alignnone size-full wp-image-23413\" src=\"https:\/\/jorgezanoni.com.br\/2019\/wp-content\/uploads\/2020\/04\/Lucia-Lague-2.jpg\" alt=\"\" width=\"549\" height=\"610\" srcset=\"https:\/\/jorgezanoni.com.br\/2019\/wp-content\/uploads\/2020\/04\/Lucia-Lague-2.jpg 549w, https:\/\/jorgezanoni.com.br\/2019\/wp-content\/uploads\/2020\/04\/Lucia-Lague-2-270x300.jpg 270w, https:\/\/jorgezanoni.com.br\/2019\/wp-content\/uploads\/2020\/04\/Lucia-Lague-2-378x420.jpg 378w\" sizes=\"auto, (max-width: 549px) 100vw, 549px\" \/>Lucia Kague<\/p>\n<p><img loading=\"lazy\" decoding=\"async\" class=\"alignnone size-full wp-image-23414\" src=\"https:\/\/jorgezanoni.com.br\/2019\/wp-content\/uploads\/2020\/04\/Lucilene-Monsignatti.jpg\" alt=\"\" width=\"957\" height=\"958\" srcset=\"https:\/\/jorgezanoni.com.br\/2019\/wp-content\/uploads\/2020\/04\/Lucilene-Monsignatti.jpg 957w, https:\/\/jorgezanoni.com.br\/2019\/wp-content\/uploads\/2020\/04\/Lucilene-Monsignatti-300x300.jpg 300w, https:\/\/jorgezanoni.com.br\/2019\/wp-content\/uploads\/2020\/04\/Lucilene-Monsignatti-150x150.jpg 150w, https:\/\/jorgezanoni.com.br\/2019\/wp-content\/uploads\/2020\/04\/Lucilene-Monsignatti-768x769.jpg 768w, https:\/\/jorgezanoni.com.br\/2019\/wp-content\/uploads\/2020\/04\/Lucilene-Monsignatti-696x697.jpg 696w, https:\/\/jorgezanoni.com.br\/2019\/wp-content\/uploads\/2020\/04\/Lucilene-Monsignatti-420x420.jpg 420w\" sizes=\"auto, (max-width: 957px) 100vw, 957px\" \/>Lucilene Monsignatti<\/p>\n<p><img loading=\"lazy\" decoding=\"async\" class=\"alignnone size-full wp-image-23415\" src=\"https:\/\/jorgezanoni.com.br\/2019\/wp-content\/uploads\/2020\/04\/Michella-Della-Bandeira-2.jpg\" alt=\"\" width=\"768\" height=\"960\" srcset=\"https:\/\/jorgezanoni.com.br\/2019\/wp-content\/uploads\/2020\/04\/Michella-Della-Bandeira-2.jpg 768w, https:\/\/jorgezanoni.com.br\/2019\/wp-content\/uploads\/2020\/04\/Michella-Della-Bandeira-2-240x300.jpg 240w, https:\/\/jorgezanoni.com.br\/2019\/wp-content\/uploads\/2020\/04\/Michella-Della-Bandeira-2-696x870.jpg 696w, https:\/\/jorgezanoni.com.br\/2019\/wp-content\/uploads\/2020\/04\/Michella-Della-Bandeira-2-336x420.jpg 336w\" sizes=\"auto, (max-width: 768px) 100vw, 768px\" \/>Michella Della Bandeira<\/p>\n<p><img loading=\"lazy\" decoding=\"async\" class=\"alignnone size-full wp-image-23423\" src=\"https:\/\/jorgezanoni.com.br\/2019\/wp-content\/uploads\/2020\/04\/Neuci-Rejani.jpg\" alt=\"\" width=\"960\" height=\"1280\" srcset=\"https:\/\/jorgezanoni.com.br\/2019\/wp-content\/uploads\/2020\/04\/Neuci-Rejani.jpg 960w, https:\/\/jorgezanoni.com.br\/2019\/wp-content\/uploads\/2020\/04\/Neuci-Rejani-225x300.jpg 225w, https:\/\/jorgezanoni.com.br\/2019\/wp-content\/uploads\/2020\/04\/Neuci-Rejani-768x1024.jpg 768w, https:\/\/jorgezanoni.com.br\/2019\/wp-content\/uploads\/2020\/04\/Neuci-Rejani-696x928.jpg 696w, https:\/\/jorgezanoni.com.br\/2019\/wp-content\/uploads\/2020\/04\/Neuci-Rejani-315x420.jpg 315w\" sizes=\"auto, (max-width: 960px) 100vw, 960px\" \/>Neuci Rejani<\/p>\n<p><img loading=\"lazy\" decoding=\"async\" class=\"alignnone size-full wp-image-23416\" src=\"https:\/\/jorgezanoni.com.br\/2019\/wp-content\/uploads\/2020\/04\/Silvinha-Pinotti.jpg\" alt=\"\" width=\"540\" height=\"540\" srcset=\"https:\/\/jorgezanoni.com.br\/2019\/wp-content\/uploads\/2020\/04\/Silvinha-Pinotti.jpg 540w, https:\/\/jorgezanoni.com.br\/2019\/wp-content\/uploads\/2020\/04\/Silvinha-Pinotti-300x300.jpg 300w, https:\/\/jorgezanoni.com.br\/2019\/wp-content\/uploads\/2020\/04\/Silvinha-Pinotti-150x150.jpg 150w, https:\/\/jorgezanoni.com.br\/2019\/wp-content\/uploads\/2020\/04\/Silvinha-Pinotti-420x420.jpg 420w\" sizes=\"auto, (max-width: 540px) 100vw, 540px\" \/> Silvinha Pinotti<\/p>\n<p><img loading=\"lazy\" decoding=\"async\" class=\"alignnone size-full wp-image-23417\" src=\"https:\/\/jorgezanoni.com.br\/2019\/wp-content\/uploads\/2020\/04\/Viviane-Lacerda.jpg\" alt=\"\" width=\"960\" height=\"960\" srcset=\"https:\/\/jorgezanoni.com.br\/2019\/wp-content\/uploads\/2020\/04\/Viviane-Lacerda.jpg 960w, https:\/\/jorgezanoni.com.br\/2019\/wp-content\/uploads\/2020\/04\/Viviane-Lacerda-300x300.jpg 300w, https:\/\/jorgezanoni.com.br\/2019\/wp-content\/uploads\/2020\/04\/Viviane-Lacerda-150x150.jpg 150w, https:\/\/jorgezanoni.com.br\/2019\/wp-content\/uploads\/2020\/04\/Viviane-Lacerda-768x768.jpg 768w, https:\/\/jorgezanoni.com.br\/2019\/wp-content\/uploads\/2020\/04\/Viviane-Lacerda-696x696.jpg 696w, https:\/\/jorgezanoni.com.br\/2019\/wp-content\/uploads\/2020\/04\/Viviane-Lacerda-420x420.jpg 420w\" sizes=\"auto, (max-width: 960px) 100vw, 960px\" \/>Viviane Lacera<\/p>\n","protected":false},"excerpt":{"rendered":"<p>PARABENIZAMOS OS ANIVERSARIANTES DE HOJE: Bete Bacaro Fabiana Gomes Leiswladio Pereira Souza e o filho Luis Miguel Lucia Kague Lucilene Monsignatti Michella Della Bandeira Neuci Rejani Silvinha Pinotti Viviane Lacera<\/p>\n","protected":false},"author":1,"featured_media":23415,"comment_status":"closed","ping_status":"open","sticky":false,"template":"","format":"standard","meta":{"footnotes":""},"categories":[174],"tags":[],"class_list":["post-23410","post","type-post","status-publish","format-standard","has-post-thumbnail","hentry","category-aniversariantes"],"_links":{"self":[{"href":"https:\/\/jorgezanoni.com.br\/2019\/wp-json\/wp\/v2\/posts\/23410","targetHints":{"allow":["GET"]}}],"collection":[{"href":"https:\/\/jorgezanoni.com.br\/2019\/wp-json\/wp\/v2\/posts"}],"about":[{"href":"https:\/\/jorgezanoni.com.br\/2019\/wp-json\/wp\/v2\/types\/post"}],"author":[{"embeddable":true,"href":"https:\/\/jorgezanoni.com.br\/2019\/wp-json\/wp\/v2\/users\/1"}],"replies":[{"embeddable":true,"href":"https:\/\/jorgezanoni.com.br\/2019\/wp-json\/wp\/v2\/comments?post=23410"}],"version-history":[{"count":0,"href":"https:\/\/jorgezanoni.com.br\/2019\/wp-json\/wp\/v2\/posts\/23410\/revisions"}],"wp:featuredmedia":[{"embeddable":true,"href":"https:\/\/jorgezanoni.com.br\/2019\/wp-json\/wp\/v2\/media\/23415"}],"wp:attachment":[{"href":"https:\/\/jorgezanoni.com.br\/2019\/wp-json\/wp\/v2\/media?parent=23410"}],"wp:term":[{"taxonomy":"category","embeddable":true,"href":"https:\/\/jorgezanoni.com.br\/2019\/wp-json\/wp\/v2\/categories?post=23410"},{"taxonomy":"post_tag","embeddable":true,"href":"https:\/\/jorgezanoni.com.br\/2019\/wp-json\/wp\/v2\/tags?post=23410"}],"curies":[{"name":"wp","href":"https:\/\/api.w.org\/{rel}","templated":true}]}}