{"id":23370,"date":"2020-04-08T22:24:53","date_gmt":"2020-04-08T22:24:53","guid":{"rendered":"https:\/\/jorgezanoni.com.br\/2019\/?p=23370"},"modified":"2020-04-08T22:24:53","modified_gmt":"2020-04-08T22:24:53","slug":"casos-de-coronavirus-no-brasil-em-8-de-abril","status":"publish","type":"post","link":"https:\/\/jorgezanoni.com.br\/2019\/casos-de-coronavirus-no-brasil-em-8-de-abril\/","title":{"rendered":"Casos de coronav\u00edrus no Brasil em 8 de abril"},"content":{"rendered":"<h2 class=\"content-head__subtitle\" style=\"text-align: justify;\"><strong>Secretarias estaduais de sa\u00fade contabilizam 16.170 infectados em todos os estados e 819 mortos. Morte mais jovem pela Covid-19 \u00e9 de beb\u00ea de cinco dias, em Natal (RN).<\/strong><\/h2>\n<div class=\"mc-column content-text active-extra-styles active-capital-letter\" data-block-type=\"unstyled\" data-block-weight=\"27\" data-block-id=\"1\">\n<p class=\"content-text__container theme-color-primary-first-letter\" style=\"text-align: justify;\" data-track-category=\"Link no Texto\" data-track-links=\"\">As secretarias estaduais de Sa\u00fade divulgaram, at\u00e9 as 19h00 desta quarta-feira (8),\u00a0<strong>16.170 casos confirmados do\u00a0<\/strong><a href=\"https:\/\/g1.globo.com\/bemestar\/coronavirus\/\"><strong>novo coronav\u00edrus (Sars-Cov-2)<\/strong><\/a><strong>\u00a0no Brasil<\/strong>, com\u00a0<strong>819 mortes pela Covid-19<\/strong>.<\/p>\n<\/div>\n<div class=\"wall protected-content\">\n<div class=\"mc-column content-text active-extra-styles \" style=\"text-align: justify;\" data-block-type=\"unstyled\" data-block-weight=\"20\" data-block-id=\"2\">\n<p class=\"content-text__container \" data-track-category=\"Link no Texto\" data-track-links=\"\"><a href=\"https:\/\/g1.globo.com\/bemestar\/coronavirus\/noticia\/2020\/04\/08\/brasil-tem-800-mortes-e-15927-casos-confirmados-de-coronavirus-diz-ministerio.ghtml\">O \u00faltimo balan\u00e7o do\u00a0<strong>Minist\u00e9rio da Sa\u00fade<\/strong><\/a>, divulgado na tarde desta quarta-feira (8), aponta\u00a0<strong>15.927 casos confirmados\u00a0<\/strong>e\u00a0<strong>800 mortes<\/strong>.<\/p>\n<\/div>\n<div class=\"mc-column content-text active-extra-styles \" style=\"text-align: justify;\" data-block-type=\"unstyled\" data-block-weight=\"31\" data-block-id=\"3\">\n<p class=\"content-text__container \" data-track-category=\"Link no Texto\" data-track-links=\"\"><a href=\"https:\/\/g1.globo.com\/pe\/pernambuco\/noticia\/2020\/04\/08\/pernambuco-tem-mais-12-mortes-de-pacientes-com-coronavirus-e-chega-a-401-casos-confirmados-de-covid-19.ghtml\">Pernambuco<\/a>\u00a0registra 401 casos e 46 mortes,\u00a0<a href=\"https:\/\/g1.globo.com\/am\/amazonas\/noticia\/2020\/04\/08\/amazonas-tem-salto-e-confirma-800-casos-de-coronavirus.ghtml\">Amazonas<\/a>\u00a0chegou aos 804 casos e 30 mortes,\u00a0<a href=\"https:\/\/g1.globo.com\/ba\/bahia\/noticia\/2020\/04\/08\/bahia-registra-mais-duas-mortes-de-pacientes-com-coronavirus-estado-tem-515-casos-confirmados.ghtml\">Bahia<\/a>\u00a0tem 515 casos e 18 mortes, e\u00a0<a href=\"https:\/\/g1.globo.com\/ce\/ceara\/noticia\/2020\/04\/08\/casos-de-covid-19-no-ceara-em-08-de-abril.ghtml\">Cear\u00e1<\/a><a href=\"https:\/\/g1.globo.com\/ce\/ceara\/noticia\/2020\/04\/08\/mortes-por-covid-19-no-ceara-chegam-a-42-estado-tem-1268-casos.ghtml\">\u00a0<\/a>tem 1.374 casos e 53 mortes.<\/p>\n<\/div>\n<div class=\"mc-column content-text active-extra-styles \" style=\"text-align: justify;\" data-block-type=\"unstyled\" data-block-weight=\"52\" data-block-id=\"4\">\n<p class=\"content-text__container \" data-track-category=\"Link no Texto\" data-track-links=\"\">Na regi\u00e3o Sudeste,\u00a0<a href=\"https:\/\/g1.globo.com\/sp\/sao-paulo\/noticia\/2020\/04\/08\/mortes-por-coronavirus-chegam-a-428-em-sp-que-tem-6708-infectados-sao-mais-de-mil-novos-casos-confirmados-em-24h.ghtml\">S\u00e3o Paulo<\/a>\u00a0conta 6.708 infectados e 428 mortes, o\u00a0<a href=\"https:\/\/g1.globo.com\/rj\/rio-de-janeiro\/noticia\/2020\/04\/08\/rj-chega-a-106-mortes-pelo-novo-coronavirus-e-1938-casos.ghtml\">Rio de Janeiro<\/a>\u00a0tem quase 2 mil casos e mais de 100 mortos e\u00a0<a href=\"https:\/\/g1.globo.com\/es\/espirito-santo\/noticia\/2020\/04\/08\/governador-do-es-confirma-mais-46-casos-de-covid-19.ghtml\">Esp\u00edrito Santo<\/a>\u00a0tem 273 casos e 6 mortes. No Sul,\u00a0<a href=\"https:\/\/g1.globo.com\/sc\/santa-catarina\/noticia\/2020\/04\/08\/sc-tem-mais-de-500-casos-de-coronavirus-e-mortes-sobem-para-17.ghtml\">Santa Catarina<\/a>\u00a0e\u00a0<a href=\"https:\/\/g1.globo.com\/pr\/parana\/noticia\/2020\/04\/08\/sobe-para-550-o-numero-de-casos-confirmados-de-coronavirus-no-parana-aponta-boletim.ghtml\">Paran\u00e1<\/a>\u00a0registram 17 mortes e o\u00a0<a href=\"https:\/\/g1.globo.com\/rs\/rio-grande-do-sul\/noticia\/2020\/04\/08\/rio-grande-do-sul-tem-581-pessoas-com-coronavirus-e-10-mortes.ghtml\">Rio Grande do Sul<\/a>\u00a0j\u00e1 tem 10.<\/p>\n<\/div>\n<div class=\"mc-column content-text active-extra-styles \" data-block-type=\"unstyled\" data-block-weight=\"48\" data-block-id=\"5\">\n<p class=\"content-text__container \" style=\"text-align: justify;\" data-track-category=\"Link no Texto\" data-track-links=\"\"><a href=\"https:\/\/g1.globo.com\/go\/goias\/noticia\/2020\/04\/08\/goias-chega-a-159-casos-confirmados-de-coronavirus-e-sete-mortes-diz-ses.ghtml\">Goi\u00e1s registra sete mortes nesta quarta-feira<\/a>. O<a href=\"https:\/\/g1.globo.com\/rn\/rio-grande-do-norte\/noticia\/2020\/04\/08\/bebe-recem-nascido-morre-com-coronavirus-em-natal-diz-secretaria-de-saude.ghtml\">\u00a0Rio Grande do Norte confirmou a morte mais jovem do Brasil<\/a>, de um beb\u00ea rec\u00e9m-nascido de cinco dias, em Natal. O\u00a0<a href=\"https:\/\/g1.globo.com\/ap\/amapa\/noticia\/2020\/04\/08\/coronavirus-ap-tem-107-casos-confirmados-e-2-mortes-670-pacientes-estao-em-investigacao.ghtml\">Amap\u00e1 passou de 51 para 107 casos em 24 horas<\/a>, o\u00a0<a href=\"https:\/\/g1.globo.com\/ms\/mato-grosso-do-sul\/noticia\/2020\/04\/08\/ms-confirma-5-novos-casos-em-tres-lagoas-e-chega-a-85-registros-de-covid-19.ghtml\">Mato Grosso do Sul chegou a 85 infectados<\/a>.<\/p>\n<p style=\"text-align: justify;\" data-track-category=\"Link no Texto\" data-track-links=\"\">Fonte: https:\/\/g1.globo.com\/bemestar\/coronavirus\/noticia\/2020\/04\/08\/casos-de-coronavirus-no-brasil-em-8-de-abril.ghtml<\/p>\n<\/div>\n<\/div>\n","protected":false},"excerpt":{"rendered":"<p>Secretarias estaduais de sa\u00fade contabilizam 16.170 infectados em todos os estados e 819 mortos. Morte mais jovem pela Covid-19 \u00e9 de beb\u00ea de cinco dias, em Natal (RN). As secretarias estaduais de Sa\u00fade divulgaram, at\u00e9 as 19h00 desta quarta-feira (8),\u00a016.170 casos confirmados do\u00a0novo coronav\u00edrus (Sars-Cov-2)\u00a0no Brasil, com\u00a0819 mortes pela Covid-19. O \u00faltimo balan\u00e7o do\u00a0Minist\u00e9rio da [&hellip;]<\/p>\n","protected":false},"author":1,"featured_media":23371,"comment_status":"closed","ping_status":"open","sticky":false,"template":"","format":"standard","meta":{"footnotes":""},"categories":[110,122],"tags":[],"class_list":["post-23370","post","type-post","status-publish","format-standard","has-post-thumbnail","hentry","category-noticiasdestaque","category-saudeeducacaoeconcurso"],"_links":{"self":[{"href":"https:\/\/jorgezanoni.com.br\/2019\/wp-json\/wp\/v2\/posts\/23370","targetHints":{"allow":["GET"]}}],"collection":[{"href":"https:\/\/jorgezanoni.com.br\/2019\/wp-json\/wp\/v2\/posts"}],"about":[{"href":"https:\/\/jorgezanoni.com.br\/2019\/wp-json\/wp\/v2\/types\/post"}],"author":[{"embeddable":true,"href":"https:\/\/jorgezanoni.com.br\/2019\/wp-json\/wp\/v2\/users\/1"}],"replies":[{"embeddable":true,"href":"https:\/\/jorgezanoni.com.br\/2019\/wp-json\/wp\/v2\/comments?post=23370"}],"version-history":[{"count":0,"href":"https:\/\/jorgezanoni.com.br\/2019\/wp-json\/wp\/v2\/posts\/23370\/revisions"}],"wp:featuredmedia":[{"embeddable":true,"href":"https:\/\/jorgezanoni.com.br\/2019\/wp-json\/wp\/v2\/media\/23371"}],"wp:attachment":[{"href":"https:\/\/jorgezanoni.com.br\/2019\/wp-json\/wp\/v2\/media?parent=23370"}],"wp:term":[{"taxonomy":"category","embeddable":true,"href":"https:\/\/jorgezanoni.com.br\/2019\/wp-json\/wp\/v2\/categories?post=23370"},{"taxonomy":"post_tag","embeddable":true,"href":"https:\/\/jorgezanoni.com.br\/2019\/wp-json\/wp\/v2\/tags?post=23370"}],"curies":[{"name":"wp","href":"https:\/\/api.w.org\/{rel}","templated":true}]}}