{"id":23367,"date":"2020-04-08T21:50:42","date_gmt":"2020-04-08T21:50:42","guid":{"rendered":"https:\/\/jorgezanoni.com.br\/2019\/?p=23367"},"modified":"2020-04-08T21:50:42","modified_gmt":"2020-04-08T21:50:42","slug":"camara-municipal-de-piquerobi-propoe-reducao-de-salarios-de-todos-os-politicos-da-cidade","status":"publish","type":"post","link":"https:\/\/jorgezanoni.com.br\/2019\/camara-municipal-de-piquerobi-propoe-reducao-de-salarios-de-todos-os-politicos-da-cidade\/","title":{"rendered":"C\u00e2mara Municipal de Piquerobi prop\u00f5e redu\u00e7\u00e3o de sal\u00e1rios de todos os pol\u00edticos da cidade"},"content":{"rendered":"<p style=\"text-align: justify;\"><strong>C\u00e2mara Municipal de Piquerobi apresenta projeto de resolu\u00e7\u00e3o com redu\u00e7\u00e3o salarial dos Agentes Pol\u00edticos em Sess\u00e3o Ordin\u00e1ria.\u00a0 \u00a0 \u00a0\u00a0<\/strong><\/p>\n<p style=\"text-align: justify;\">Na \u00faltima segunda-feira (6), a C\u00e2mara Municipal de Piquerobi apresentou na sess\u00e3o ordin\u00e1ria, o Projeto de resolu\u00e7\u00e3o 1 e 2\u00a0 juntamente com Projeto de Lei N\u00b0 06, do dia 18 de mar\u00e7o, que\u00a0 prop\u00f5e a redu\u00e7\u00e3o salarial dos \u2018Agentes Pol\u00edticos\u2019 em 50%, sendo eles, Prefeito, Vice-Prefeito e Vereadores. E 20% dos Secret\u00e1rios Municipais, gerando uma economia de R$ 240 mil mensal aos cofres p\u00fablicos.<\/p>\n<p style=\"text-align: justify;\">O projeto foi criado pelos vereadores, Presidente da C\u00e2mara Gilberto Marcelino Bonini (PSDB), Ademir Raysaro (PSDB), Arnaldo Alves dos Santos (PSDB), Jocimar Giacomeli (PSDB), Roberto Luchetta (PTB), que tem o intuito de melhorar o munic\u00edpio de forma positiva.<\/p>\n<p style=\"text-align: justify;\">O Presidente da C\u00e2mara Gilberto Marcelino Bonini, explicou que o projeto j\u00e1 vem sendo discutido h\u00e1 tempos, visando trazer benef\u00edcios para o munic\u00edpio com a economia que vai ser gerado. \u201cSinto-me feliz com o projeto, pois j\u00e1 v\u00ednhamos discutindo e decidimos colocar em pr\u00e1tica. Pois a gente est\u00e1 vendo uma situa\u00e7\u00e3o em desfavor dos funcion\u00e1rios p\u00fablico que vem com uma defasagem muito grande. Sempre n\u00f3s somos cobrados pelos funcion\u00e1rios pra que isso tenha uma melhora e eu vejo essa situa\u00e7\u00e3o para fazer uma melhoria, o investimento \u00e9 grande, a diferen\u00e7a vai ser muito grande\u201d, disse.<\/p>\n<p style=\"text-align: justify;\">\u201cEnt\u00e3o, \u00e9 um projeto muito grande. Espero que as pessoas tomem conhecimento deste projeto que estamos colocando em vota\u00e7\u00e3o. Eu espero que ele seja votado e que ele passe que venha beneficiar algu\u00e9m, em especial o funcion\u00e1rio municipal\u201d finalizou o presidente da C\u00e2mara.<\/p>\n<p style=\"text-align: justify;\">O projeto ser\u00e1 votado na pr\u00f3xima Sess\u00e3o Ordin\u00e1ria, no dia 15 de abril. Se aprovado, passa a valer a partir do Ano que vem.<\/p>\n<p style=\"text-align: justify;\">Fonte: Wellington Costa (Jornalista)<\/p>\n<p>Imagem Arquivo<\/p>\n","protected":false},"excerpt":{"rendered":"<p>C\u00e2mara Municipal de Piquerobi apresenta projeto de resolu\u00e7\u00e3o com redu\u00e7\u00e3o salarial dos Agentes Pol\u00edticos em Sess\u00e3o Ordin\u00e1ria.\u00a0 \u00a0 \u00a0\u00a0 Na \u00faltima segunda-feira (6), a C\u00e2mara Municipal de Piquerobi apresentou na sess\u00e3o ordin\u00e1ria, o Projeto de resolu\u00e7\u00e3o 1 e 2\u00a0 juntamente com Projeto de Lei N\u00b0 06, do dia 18 de mar\u00e7o, que\u00a0 prop\u00f5e a redu\u00e7\u00e3o [&hellip;]<\/p>\n","protected":false},"author":1,"featured_media":23368,"comment_status":"closed","ping_status":"open","sticky":false,"template":"","format":"standard","meta":{"footnotes":""},"categories":[110,116],"tags":[],"class_list":["post-23367","post","type-post","status-publish","format-standard","has-post-thumbnail","hentry","category-noticiasdestaque","category-politicaeeconomia"],"_links":{"self":[{"href":"https:\/\/jorgezanoni.com.br\/2019\/wp-json\/wp\/v2\/posts\/23367","targetHints":{"allow":["GET"]}}],"collection":[{"href":"https:\/\/jorgezanoni.com.br\/2019\/wp-json\/wp\/v2\/posts"}],"about":[{"href":"https:\/\/jorgezanoni.com.br\/2019\/wp-json\/wp\/v2\/types\/post"}],"author":[{"embeddable":true,"href":"https:\/\/jorgezanoni.com.br\/2019\/wp-json\/wp\/v2\/users\/1"}],"replies":[{"embeddable":true,"href":"https:\/\/jorgezanoni.com.br\/2019\/wp-json\/wp\/v2\/comments?post=23367"}],"version-history":[{"count":0,"href":"https:\/\/jorgezanoni.com.br\/2019\/wp-json\/wp\/v2\/posts\/23367\/revisions"}],"wp:featuredmedia":[{"embeddable":true,"href":"https:\/\/jorgezanoni.com.br\/2019\/wp-json\/wp\/v2\/media\/23368"}],"wp:attachment":[{"href":"https:\/\/jorgezanoni.com.br\/2019\/wp-json\/wp\/v2\/media?parent=23367"}],"wp:term":[{"taxonomy":"category","embeddable":true,"href":"https:\/\/jorgezanoni.com.br\/2019\/wp-json\/wp\/v2\/categories?post=23367"},{"taxonomy":"post_tag","embeddable":true,"href":"https:\/\/jorgezanoni.com.br\/2019\/wp-json\/wp\/v2\/tags?post=23367"}],"curies":[{"name":"wp","href":"https:\/\/api.w.org\/{rel}","templated":true}]}}