{"id":23361,"date":"2020-04-08T19:49:10","date_gmt":"2020-04-08T19:49:10","guid":{"rendered":"https:\/\/jorgezanoni.com.br\/2019\/?p=23361"},"modified":"2020-04-08T19:49:10","modified_gmt":"2020-04-08T19:49:10","slug":"devido-ao-feriado-de-sexta-feira-santa-havera-alteracoes-em-orgaos-publicos-municipais","status":"publish","type":"post","link":"https:\/\/jorgezanoni.com.br\/2019\/devido-ao-feriado-de-sexta-feira-santa-havera-alteracoes-em-orgaos-publicos-municipais\/","title":{"rendered":"Devido ao feriado de sexta-feira Santa, haver\u00e1 altera\u00e7\u00f5es em \u00f3rg\u00e3os p\u00fablicos municipais"},"content":{"rendered":"<p><strong>Veja como funciona os \u00f3rg\u00e3os p\u00fablicos municipais nesta semana santa.<\/strong><\/p>\n<p style=\"text-align: justify;\">A Prefeitura de Dracena informa que n\u00e3o haver\u00e1 expediente nos \u00f3rg\u00e3os p\u00fablicos municipais nesta quinta (09) e sexta-feira (10). A exce\u00e7\u00e3o \u00e9 para as unidades de sa\u00fade do munic\u00edpio.<\/p>\n<p style=\"text-align: justify;\">Na quinta-feira ir\u00e3o funcionar, das 7h \u00e0s 17h, as Unidades de Sa\u00fade:<br \/>\nTakashi Enokibara (Post\u00e3o); ESF do Jardim Jussara; ESF do Jardim Br\u00e1sil\u00e2ndia; Posto do Jardim Santa Clara; Posto S\u00e3o Manoel e Policl\u00ednica.<\/p>\n<p style=\"text-align: justify;\">Todas as unidades estar\u00e3o fazendo atendimentos de rotina e no Post\u00e3o tamb\u00e9m atender\u00e1 a farm\u00e1cia de dispensa\u00e7\u00e3o de medicamentos (exceto alto custo), sala de vacina e atendimento de suspeitos de dengue.<\/p>\n<p style=\"text-align: justify;\">A Policl\u00ednica realizar\u00e1 atendimentos de rotina e suspeitos de dengue na sexta-feira, das 8h \u00e0s 17h; no s\u00e1bado, das 9h \u00e0s 14h; e no domingo das 9h \u00e0s 14h; estando dispon\u00edveis dois m\u00e9dicos cl\u00ednico geral.<\/p>\n<p style=\"text-align: justify;\">Tamb\u00e9m N\u00c3O haver\u00e1 coleta de lixo dom\u00e9stico nem de reciclagem na sexta-feira, lembrando que esse servi\u00e7o s\u00f3 n\u00e3o \u00e9 realizado em Dracena nos feriados da sexta-feira santa, natal e ano novo.<\/p>\n<p style=\"text-align: justify;\">As atividades retornam normalmente na segunda-feira, dia 13 de abril.<\/p>\n<p style=\"text-align: justify;\">Fonte: Diretoria de Comunica\u00e7\u00e3o<\/p>\n<p>Foto Ilustrativa<\/p>\n","protected":false},"excerpt":{"rendered":"<p>Veja como funciona os \u00f3rg\u00e3os p\u00fablicos municipais nesta semana santa. A Prefeitura de Dracena informa que n\u00e3o haver\u00e1 expediente nos \u00f3rg\u00e3os p\u00fablicos municipais nesta quinta (09) e sexta-feira (10). A exce\u00e7\u00e3o \u00e9 para as unidades de sa\u00fade do munic\u00edpio. Na quinta-feira ir\u00e3o funcionar, das 7h \u00e0s 17h, as Unidades de Sa\u00fade: Takashi Enokibara (Post\u00e3o); ESF [&hellip;]<\/p>\n","protected":false},"author":1,"featured_media":23362,"comment_status":"closed","ping_status":"open","sticky":false,"template":"","format":"standard","meta":{"footnotes":""},"categories":[179,184,110],"tags":[],"class_list":["post-23361","post","type-post","status-publish","format-standard","has-post-thumbnail","hentry","category-cidadeseregiao","category-dracena","category-noticiasdestaque"],"_links":{"self":[{"href":"https:\/\/jorgezanoni.com.br\/2019\/wp-json\/wp\/v2\/posts\/23361","targetHints":{"allow":["GET"]}}],"collection":[{"href":"https:\/\/jorgezanoni.com.br\/2019\/wp-json\/wp\/v2\/posts"}],"about":[{"href":"https:\/\/jorgezanoni.com.br\/2019\/wp-json\/wp\/v2\/types\/post"}],"author":[{"embeddable":true,"href":"https:\/\/jorgezanoni.com.br\/2019\/wp-json\/wp\/v2\/users\/1"}],"replies":[{"embeddable":true,"href":"https:\/\/jorgezanoni.com.br\/2019\/wp-json\/wp\/v2\/comments?post=23361"}],"version-history":[{"count":0,"href":"https:\/\/jorgezanoni.com.br\/2019\/wp-json\/wp\/v2\/posts\/23361\/revisions"}],"wp:featuredmedia":[{"embeddable":true,"href":"https:\/\/jorgezanoni.com.br\/2019\/wp-json\/wp\/v2\/media\/23362"}],"wp:attachment":[{"href":"https:\/\/jorgezanoni.com.br\/2019\/wp-json\/wp\/v2\/media?parent=23361"}],"wp:term":[{"taxonomy":"category","embeddable":true,"href":"https:\/\/jorgezanoni.com.br\/2019\/wp-json\/wp\/v2\/categories?post=23361"},{"taxonomy":"post_tag","embeddable":true,"href":"https:\/\/jorgezanoni.com.br\/2019\/wp-json\/wp\/v2\/tags?post=23361"}],"curies":[{"name":"wp","href":"https:\/\/api.w.org\/{rel}","templated":true}]}}