{"id":23350,"date":"2020-04-08T19:10:33","date_gmt":"2020-04-08T19:10:33","guid":{"rendered":"https:\/\/jorgezanoni.com.br\/2019\/?p=23350"},"modified":"2020-04-08T19:34:31","modified_gmt":"2020-04-08T19:34:31","slug":"acidente-de-transito-entre-carro-e-moto-deixa-homem-gravemente-ferido","status":"publish","type":"post","link":"https:\/\/jorgezanoni.com.br\/2019\/acidente-de-transito-entre-carro-e-moto-deixa-homem-gravemente-ferido\/","title":{"rendered":"Acidente de tr\u00e2nsito entre carro e moto deixa homem gravemente ferido"},"content":{"rendered":"<p style=\"text-align: justify;\"><strong>Por volta de 08:15 Horas desta quarta-feira (8), foi registrado um acidente de tr\u00e2nsito em frente ao numeral 566 da rua Vendramim no centro de Dracena.<\/strong><\/p>\n<p style=\"text-align: justify;\">Se envolveram no acidente o condutor de uma motocicleta CG 125 de cor preta placa de Dracena, pilotada por uma homem de 29 anos morador do jardim Jussara e um ve\u00edculo Compass prata placas de Dracena, dirigido por um homem de 30 anos morador do centro.<\/p>\n<p style=\"text-align: justify;\">Segundo informa\u00e7\u00f5es obtidas pela reportagem do Site JZ, o motociclista que foi v\u00edtima, acabou socorrido pela Unidade de Resgate do Corpo de Bombeiros com fratura no p\u00e9 direito, at\u00e9 o Pronto Atendimento Municipal, sendo encaminhado posteriormente at\u00e9 o centro cir\u00fargico.<\/p>\n<p style=\"text-align: justify;\">A v\u00edtima declarou aos policiais militares que registraram a ocorr\u00eancia, que um indiv\u00edduo com uma caminhonete placas de Dracena, teria jogado o ve\u00edculo em cima de sua moto e em seguida deixado o local.<\/p>\n<p style=\"text-align: justify;\">Ap\u00f3s verifica\u00e7\u00e3o das c\u00e2meras de seguran\u00e7a de resid\u00eancias pr\u00f3ximas do local, foi localizado pelas equipes da Pol\u00edcia Militar atrav\u00e9s das placas do ve\u00edculo, o endere\u00e7o do condutor que acabou se apresentando juntamente com seu advogado para depoimento, no Plant\u00e3o Policial, sendo ouvido e liberado pela Pol\u00edcia Judici\u00e1ria.<\/p>\n<p style=\"text-align: justify;\">Segundo informa\u00e7\u00f5es de membros da fam\u00edlia, o motociclista acabou tendo amputada parte da perna direita.<\/p>\n<p style=\"text-align: justify;\">Al\u00e9m da Pol\u00edcia Militar, a Pol\u00edcia T\u00e9cnica esteve no local para apurar os fatos e agora a Pol\u00edcia Civil que j\u00e1 est\u00e1 de posse dos v\u00eddeos, ir\u00e1 investigar as reais causas do acidente.<\/p>\n<div style=\"width: 640px;\" class=\"wp-video\"><video class=\"wp-video-shortcode\" id=\"video-23350-1\" width=\"640\" height=\"352\" preload=\"metadata\" controls=\"controls\"><source type=\"video\/mp4\" src=\"https:\/\/jorgezanoni.com.br\/2019\/wp-content\/uploads\/2020\/04\/WhatsApp-Video-2020-04-08-at-14.46.59-2.mp4?_=1\" \/><a href=\"https:\/\/jorgezanoni.com.br\/2019\/wp-content\/uploads\/2020\/04\/WhatsApp-Video-2020-04-08-at-14.46.59-2.mp4\">https:\/\/jorgezanoni.com.br\/2019\/wp-content\/uploads\/2020\/04\/WhatsApp-Video-2020-04-08-at-14.46.59-2.mp4<\/a><\/video><\/div>\n<div style=\"width: 640px;\" class=\"wp-video\"><video class=\"wp-video-shortcode\" id=\"video-23350-2\" width=\"640\" height=\"352\" preload=\"metadata\" controls=\"controls\"><source type=\"video\/mp4\" src=\"https:\/\/jorgezanoni.com.br\/2019\/wp-content\/uploads\/2020\/04\/WhatsApp-Video-2020-04-08-at-16.26.32-1.mp4?_=2\" \/><a href=\"https:\/\/jorgezanoni.com.br\/2019\/wp-content\/uploads\/2020\/04\/WhatsApp-Video-2020-04-08-at-16.26.32-1.mp4\">https:\/\/jorgezanoni.com.br\/2019\/wp-content\/uploads\/2020\/04\/WhatsApp-Video-2020-04-08-at-16.26.32-1.mp4<\/a><\/video><\/div>\n<p>&nbsp;<\/p>\n<p style=\"text-align: justify;\">Jorge Zanoni<\/p>\n<p>Jorge Zanoni<\/p>\n<p>Videos cedidos<\/p>\n","protected":false},"excerpt":{"rendered":"<p>Por volta de 08:15 Horas desta quarta-feira (8), foi registrado um acidente de tr\u00e2nsito em frente ao numeral 566 da rua Vendramim no centro de Dracena. Se envolveram no acidente o condutor de uma motocicleta CG 125 de cor preta placa de Dracena, pilotada por uma homem de 29 anos morador do jardim Jussara e [&hellip;]<\/p>\n","protected":false},"author":1,"featured_media":23353,"comment_status":"closed","ping_status":"open","sticky":false,"template":"","format":"video","meta":{"footnotes":""},"categories":[110,169],"tags":[],"class_list":["post-23350","post","type-post","status-publish","format-video","has-post-thumbnail","hentry","category-noticiasdestaque","category-videos","post_format-post-format-video"],"_links":{"self":[{"href":"https:\/\/jorgezanoni.com.br\/2019\/wp-json\/wp\/v2\/posts\/23350","targetHints":{"allow":["GET"]}}],"collection":[{"href":"https:\/\/jorgezanoni.com.br\/2019\/wp-json\/wp\/v2\/posts"}],"about":[{"href":"https:\/\/jorgezanoni.com.br\/2019\/wp-json\/wp\/v2\/types\/post"}],"author":[{"embeddable":true,"href":"https:\/\/jorgezanoni.com.br\/2019\/wp-json\/wp\/v2\/users\/1"}],"replies":[{"embeddable":true,"href":"https:\/\/jorgezanoni.com.br\/2019\/wp-json\/wp\/v2\/comments?post=23350"}],"version-history":[{"count":0,"href":"https:\/\/jorgezanoni.com.br\/2019\/wp-json\/wp\/v2\/posts\/23350\/revisions"}],"wp:featuredmedia":[{"embeddable":true,"href":"https:\/\/jorgezanoni.com.br\/2019\/wp-json\/wp\/v2\/media\/23353"}],"wp:attachment":[{"href":"https:\/\/jorgezanoni.com.br\/2019\/wp-json\/wp\/v2\/media?parent=23350"}],"wp:term":[{"taxonomy":"category","embeddable":true,"href":"https:\/\/jorgezanoni.com.br\/2019\/wp-json\/wp\/v2\/categories?post=23350"},{"taxonomy":"post_tag","embeddable":true,"href":"https:\/\/jorgezanoni.com.br\/2019\/wp-json\/wp\/v2\/tags?post=23350"}],"curies":[{"name":"wp","href":"https:\/\/api.w.org\/{rel}","templated":true}]}}