{"id":23342,"date":"2020-04-08T15:41:12","date_gmt":"2020-04-08T15:41:12","guid":{"rendered":"https:\/\/jorgezanoni.com.br\/2019\/?p=23342"},"modified":"2020-04-08T15:41:12","modified_gmt":"2020-04-08T15:41:12","slug":"atropelamento-foi-registrado-na-segunda-feira-a-noite-em-dracena","status":"publish","type":"post","link":"https:\/\/jorgezanoni.com.br\/2019\/atropelamento-foi-registrado-na-segunda-feira-a-noite-em-dracena\/","title":{"rendered":"Atropelamento foi registrado na segunda-feira a noite em Dracena"},"content":{"rendered":"<p style=\"text-align: justify;\">Segundo informa\u00e7\u00f5es obtidas pela reportagem do Site JZ, uma ambul\u00e2ncia teria atropelado um pedestre.<\/p>\n<p style=\"text-align: justify;\">O acidente aconteceu na segunda-feira a noite, na avenida Rui Barbosa proximidades do sem\u00e1foro com o cruzamento da rua Antonio Rodrigues de Barros.<\/p>\n<p style=\"text-align: justify;\">O rapaz teria sido socorrido inconsciente ao Pronto Atendimento Municipal pela Unidade de Resgate do Corpo de Bombeiros.<\/p>\n<p style=\"text-align: justify;\">As Pol\u00edcias Militar e T\u00e9cnica tamb\u00e9m compareceram ao local.<\/p>\n<p style=\"text-align: justify;\">Jorge Zanoni<\/p>\n<p style=\"text-align: justify;\">Foto de Internauta<\/p>\n","protected":false},"excerpt":{"rendered":"<p>Segundo informa\u00e7\u00f5es obtidas pela reportagem do Site JZ, uma ambul\u00e2ncia teria atropelado um pedestre. O acidente aconteceu na segunda-feira a noite, na avenida Rui Barbosa proximidades do sem\u00e1foro com o cruzamento da rua Antonio Rodrigues de Barros. O rapaz teria sido socorrido inconsciente ao Pronto Atendimento Municipal pela Unidade de Resgate do Corpo de Bombeiros. [&hellip;]<\/p>\n","protected":false},"author":1,"featured_media":23343,"comment_status":"closed","ping_status":"open","sticky":false,"template":"","format":"standard","meta":{"footnotes":""},"categories":[170,110],"tags":[],"class_list":["post-23342","post","type-post","status-publish","format-standard","has-post-thumbnail","hentry","category-acidentes","category-noticiasdestaque"],"_links":{"self":[{"href":"https:\/\/jorgezanoni.com.br\/2019\/wp-json\/wp\/v2\/posts\/23342","targetHints":{"allow":["GET"]}}],"collection":[{"href":"https:\/\/jorgezanoni.com.br\/2019\/wp-json\/wp\/v2\/posts"}],"about":[{"href":"https:\/\/jorgezanoni.com.br\/2019\/wp-json\/wp\/v2\/types\/post"}],"author":[{"embeddable":true,"href":"https:\/\/jorgezanoni.com.br\/2019\/wp-json\/wp\/v2\/users\/1"}],"replies":[{"embeddable":true,"href":"https:\/\/jorgezanoni.com.br\/2019\/wp-json\/wp\/v2\/comments?post=23342"}],"version-history":[{"count":0,"href":"https:\/\/jorgezanoni.com.br\/2019\/wp-json\/wp\/v2\/posts\/23342\/revisions"}],"wp:featuredmedia":[{"embeddable":true,"href":"https:\/\/jorgezanoni.com.br\/2019\/wp-json\/wp\/v2\/media\/23343"}],"wp:attachment":[{"href":"https:\/\/jorgezanoni.com.br\/2019\/wp-json\/wp\/v2\/media?parent=23342"}],"wp:term":[{"taxonomy":"category","embeddable":true,"href":"https:\/\/jorgezanoni.com.br\/2019\/wp-json\/wp\/v2\/categories?post=23342"},{"taxonomy":"post_tag","embeddable":true,"href":"https:\/\/jorgezanoni.com.br\/2019\/wp-json\/wp\/v2\/tags?post=23342"}],"curies":[{"name":"wp","href":"https:\/\/api.w.org\/{rel}","templated":true}]}}