{"id":23337,"date":"2020-04-08T14:57:18","date_gmt":"2020-04-08T14:57:18","guid":{"rendered":"https:\/\/jorgezanoni.com.br\/2019\/?p=23337"},"modified":"2020-04-08T14:57:18","modified_gmt":"2020-04-08T14:57:18","slug":"motociclista-fica-ferido-em-acidente-no-centro-de-dracena","status":"publish","type":"post","link":"https:\/\/jorgezanoni.com.br\/2019\/motociclista-fica-ferido-em-acidente-no-centro-de-dracena\/","title":{"rendered":"Motociclista fica ferido em acidente no Centro de Dracena"},"content":{"rendered":"<p style=\"text-align: justify;\">No come\u00e7o da tarde desta ter\u00e7a-feira, 7, um motociclista foi v\u00edtima em acidente na Avenida Presidente Roosevelt, no Centro de Dracena. Sem gravidade, ele foi socorrido ao PAM para ser medicado.<\/p>\n<p style=\"text-align: justify;\">Constam como envolvidos na colis\u00e3o, a moto da v\u00edtima, um Corsa e um Spacefox que estava estacionado. O condutor do Corsa estava na faixa da esquerda e a moto logo atr\u00e1s pela direita no sentido \u00e0 Pra\u00e7a Arthur Pagnozzi.<\/p>\n<p style=\"text-align: justify;\">O condutor do Corsa disse que ao mudar para a faixa da direita para estacionar foi atingido pela moto na lateral dianteira. A moto bateu no retrovisor do carro, no pneu dianteiro direito e caiu embaixo da traseira do Spacefox estacionado.<\/p>\n<p style=\"text-align: justify;\">O Corsa teve o retrovisor danificado e o ve\u00edculo estacionado ficou com o tanque amassado. A Pol\u00edcia Militar registrou o acidente.<\/p>\n<p><img loading=\"lazy\" decoding=\"async\" class=\"alignnone size-full wp-image-23340\" src=\"https:\/\/jorgezanoni.com.br\/2019\/wp-content\/uploads\/2020\/04\/centro1-1.jpg\" alt=\"\" width=\"1024\" height=\"768\" srcset=\"https:\/\/jorgezanoni.com.br\/2019\/wp-content\/uploads\/2020\/04\/centro1-1.jpg 1024w, https:\/\/jorgezanoni.com.br\/2019\/wp-content\/uploads\/2020\/04\/centro1-1-300x225.jpg 300w, https:\/\/jorgezanoni.com.br\/2019\/wp-content\/uploads\/2020\/04\/centro1-1-768x576.jpg 768w, https:\/\/jorgezanoni.com.br\/2019\/wp-content\/uploads\/2020\/04\/centro1-1-80x60.jpg 80w, https:\/\/jorgezanoni.com.br\/2019\/wp-content\/uploads\/2020\/04\/centro1-1-265x198.jpg 265w, https:\/\/jorgezanoni.com.br\/2019\/wp-content\/uploads\/2020\/04\/centro1-1-696x522.jpg 696w, https:\/\/jorgezanoni.com.br\/2019\/wp-content\/uploads\/2020\/04\/centro1-1-560x420.jpg 560w\" sizes=\"auto, (max-width: 1024px) 100vw, 1024px\" \/><\/p>\n<p style=\"text-align: justify;\">Fonte: Portal Regional<\/p>\n<p>&nbsp;<\/p>\n","protected":false},"excerpt":{"rendered":"<p>No come\u00e7o da tarde desta ter\u00e7a-feira, 7, um motociclista foi v\u00edtima em acidente na Avenida Presidente Roosevelt, no Centro de Dracena. Sem gravidade, ele foi socorrido ao PAM para ser medicado. Constam como envolvidos na colis\u00e3o, a moto da v\u00edtima, um Corsa e um Spacefox que estava estacionado. O condutor do Corsa estava na faixa [&hellip;]<\/p>\n","protected":false},"author":1,"featured_media":23339,"comment_status":"closed","ping_status":"open","sticky":false,"template":"","format":"standard","meta":{"footnotes":""},"categories":[170,110],"tags":[],"class_list":["post-23337","post","type-post","status-publish","format-standard","has-post-thumbnail","hentry","category-acidentes","category-noticiasdestaque"],"_links":{"self":[{"href":"https:\/\/jorgezanoni.com.br\/2019\/wp-json\/wp\/v2\/posts\/23337","targetHints":{"allow":["GET"]}}],"collection":[{"href":"https:\/\/jorgezanoni.com.br\/2019\/wp-json\/wp\/v2\/posts"}],"about":[{"href":"https:\/\/jorgezanoni.com.br\/2019\/wp-json\/wp\/v2\/types\/post"}],"author":[{"embeddable":true,"href":"https:\/\/jorgezanoni.com.br\/2019\/wp-json\/wp\/v2\/users\/1"}],"replies":[{"embeddable":true,"href":"https:\/\/jorgezanoni.com.br\/2019\/wp-json\/wp\/v2\/comments?post=23337"}],"version-history":[{"count":0,"href":"https:\/\/jorgezanoni.com.br\/2019\/wp-json\/wp\/v2\/posts\/23337\/revisions"}],"wp:featuredmedia":[{"embeddable":true,"href":"https:\/\/jorgezanoni.com.br\/2019\/wp-json\/wp\/v2\/media\/23339"}],"wp:attachment":[{"href":"https:\/\/jorgezanoni.com.br\/2019\/wp-json\/wp\/v2\/media?parent=23337"}],"wp:term":[{"taxonomy":"category","embeddable":true,"href":"https:\/\/jorgezanoni.com.br\/2019\/wp-json\/wp\/v2\/categories?post=23337"},{"taxonomy":"post_tag","embeddable":true,"href":"https:\/\/jorgezanoni.com.br\/2019\/wp-json\/wp\/v2\/tags?post=23337"}],"curies":[{"name":"wp","href":"https:\/\/api.w.org\/{rel}","templated":true}]}}