{"id":23290,"date":"2020-04-08T00:52:32","date_gmt":"2020-04-08T00:52:32","guid":{"rendered":"https:\/\/jorgezanoni.com.br\/2019\/?p=23290"},"modified":"2020-04-08T00:53:13","modified_gmt":"2020-04-08T00:53:13","slug":"hoje-7-de-abril-e-o-dia-do-jornalista","status":"publish","type":"post","link":"https:\/\/jorgezanoni.com.br\/2019\/hoje-7-de-abril-e-o-dia-do-jornalista\/","title":{"rendered":"Hoje, 7 de abril \u00e9 o dia do jornalista"},"content":{"rendered":"<div class=\"col-xs-12\">\n<h1 class=\"noticias-single__title noticias-single__title--desktop noticias-single__title--with-image visible visible-lg\" style=\"text-align: justify;\"><strong>Dia do Jornalista refor\u00e7a import\u00e2ncia do profissional em meio ao coronav\u00edrus.<\/strong><\/h1>\n<div class=\"noticias-single__content-area noticias-single__content-area--before-content\" style=\"text-align: justify;\">Nos tr\u00eas primeiros meses de 2020, o monitoramento de viola\u00e7\u00f5es \u00e0 liberdade de express\u00e3o feito pela Associa\u00e7\u00e3o Brasileira de Jornalismo Investigativo (<a href=\"https:\/\/abraji.org.br\/nos-primeiros-tres-meses-do-ano-70-dos-ataques-a-imprensa-foram-realizados-por-agentes-publicos\" target=\"_blank\" rel=\"noopener noreferrer\">Abraji<\/a>), apontou 24 ataques \u00e0 imprensa, sendo 70% deles direcionados por agentes p\u00fablicos. O mapeamento tamb\u00e9m revela que cinco desses ataques foram no contexto da cobertura da Covid-19.<\/div>\n<div class=\"noticias-single__content\">\n<div class=\"noticias-single__content__text js-mediator-article\">\n<p class=\"bodytext\" style=\"text-align: justify;\">Tanto Abraji quanto outras entidades de defesa ao\u00a0<a href=\"https:\/\/www.educamaisbrasil.com.br\/cursos-e-faculdades\/jornalismo\/salario-de-jornalista-carreira\/?p=correio\" target=\"_blank\" rel=\"noopener noreferrer\">jornalista<\/a>, como a Federa\u00e7\u00e3o Nacional dos Jornalistas (Fenaj), chamam aten\u00e7\u00e3o e refor\u00e7am a import\u00e2ncia do jornalista na presta\u00e7\u00e3o de servi\u00e7os e, principalmente agora, no esclarecimento da popula\u00e7\u00e3o quanto \u00e0\u00a0<a href=\"https:\/\/www.educamaisbrasil.com.br\/educacao\/noticias\/pandemia-epidemia-e-endemia-entenda-a-diferenca\/?p=correio\" target=\"_blank\" rel=\"noopener noreferrer\">pandemia<\/a>, seja atualizando sobre a doen\u00e7a ou desfazendo as\u00a0<i>fakes news<\/i>. Para o professor de Jornalismo e mestre em Comunica\u00e7\u00e3o e Cultura, Alexandro Mota, \u00e9 no contexto da doen\u00e7a que o valor do jornalismo se torna ainda mais evidenciado.<\/p>\n<div class=\"single-publicidade\">\n<div id=\"div-gpt-ad-1522683925870-0\" data-google-query-id=\"CLzBisXL1-gCFccGuQYdx38BDQ\">\n<div id=\"google_ads_iframe_\/44585206\/24h_especiais_educamais_300x250_01_0__container__\" style=\"text-align: justify;\">\u201c\u00c9 nesse momento, de alarme na sa\u00fade p\u00fablica, que o jornalismo mostra que \u00e9 mais do que polariza\u00e7\u00e3o, v\u00e1rios lados, vigil\u00e2ncia e cobran\u00e7a dos poderes, que jornalismo \u00e9 principalmente presta\u00e7\u00e3o de servi\u00e7o, que \u00e9 uma profiss\u00e3o com apego \u00e0 verdade dos fatos, al\u00e9m de ser tamb\u00e9m espa\u00e7o de posicionamento, mas com embasamento na ci\u00eancia e em institui\u00e7\u00f5es de refer\u00eancia, como a Organiza\u00e7\u00e3o Mundial da Sa\u00fade\u201d, afirma Mota.<\/div>\n<\/div>\n<\/div>\n<p class=\"bodytext\" style=\"text-align: justify;\">O professor tamb\u00e9m acredita que em um cen\u00e1rio p\u00f3s-coronav\u00edrus novos h\u00e1bitos de consumo de informa\u00e7\u00e3o de confian\u00e7a podem se consolidar, tendo em vista a aten\u00e7\u00e3o e esfor\u00e7o dos jornalistas e a confian\u00e7a da popula\u00e7\u00e3o na imprensa \u2013 segundo pesquisa do Datafolha, programas jornal\u00edsticos da TV (61%) e jornais impressos (56%) est\u00e3o entre os ve\u00edculos em que a popula\u00e7\u00e3o mais confia para se informar sobre a Covid- 19. Programas jornal\u00edsticos de <a href=\"https:\/\/www.educamaisbrasil.com.br\/cursos-e-faculdades\/radio-tv-e-multimidia\/?p=correio\" target=\"_blank\" rel=\"noopener noreferrer\">r\u00e1dio<\/a> e sites de not\u00edcias aparecem com 50% e 38% no n\u00edvel de confian\u00e7a, respectivamente.<\/p>\n<p class=\"bodytext\" style=\"text-align: justify;\">\u201c\u00c9 importante ver sendo ratificado o profissional jornalista como prestador de um servi\u00e7o essencial, que tem que estar na rua, que precisa circular em seguran\u00e7a para o bem da sociedade, ao lado dos profissionais de sa\u00fade, dos profissionais da seguran\u00e7a p\u00fablica, da limpeza urbana&#8230; \u00e9 uma forma de valoriza\u00e7\u00e3o da profiss\u00e3o pelo\u00a0 trabalho que presta\u201d, finaliza o professor Alexandro.<\/p>\n<p class=\"bodytext\" style=\"text-align: justify;\"><b>Ato on-line em defesa da categoria<\/b><br \/>\nA\u00a0<a href=\"http:\/\/www.abi.org.br\/programacao-virtual-celebra-dia-do-jornalista\/\" target=\"_blank\" rel=\"noopener noreferrer\">Associa\u00e7\u00e3o Brasileira de Imprensa (ABI)<\/a>, em conjunto com outras entidades civis do segmento, promover\u00e1 um ato on-line em defesa dos jornalistas, nesta ter\u00e7a (7), \u00e0s 19h, no Facebook da organiza\u00e7\u00e3o. Na oportunidade, os profissionais de sa\u00fade tamb\u00e9m ser\u00e3o homenageados.<\/p>\n<p class=\"bodytext\" style=\"text-align: justify;\">Conforme informou o Portal Imprensa, uma parte do manifesto organizado pelas entidades aponta que &#8220;a humanidade nunca teve tanta necessidade de informa\u00e7\u00e3o de qualidade, clara, vinda de fontes confi\u00e1veis. Para se orientar, para se mover a cada dia, para organizar suas vidas, as pessoas precisam ser informadas sobre a realidade da Covid-19. O jornalismo emerge, neste momento, como artigo de primeira necessidade&#8221;.<\/p>\n<p class=\"bodytext\" style=\"text-align: justify;\"><em>Fonte: Roberto Paim &#8211; Ag\u00eancia Educa Mais Brasil<\/em><\/p>\n<\/div>\n<\/div>\n<\/div>\n<div class=\"col-xs-12\">\n<div class=\"noticias-single__content-area noticias-single__content-area--after-content\">\n<p class=\"bodytext\" style=\"text-align: justify;\">O Site JZ entende a preocupa\u00e7\u00e3o diante da pandemia do novo coronav\u00edrus e que a necessidade de informa\u00e7\u00e3o profissional nesse momento \u00e9 vital para ajudar a popula\u00e7\u00e3o. Por isso, desde o dia 16 de mar\u00e7o, sempre procuramos as fontes mais seguras para repassar qualquer tipo de informa\u00e7\u00e3o aos nossos amigos internautas que nos seguem diariamente. Estamos tentando fazer um servi\u00e7o de excel\u00eancia para te manter a par de todos os \u00faltimos acontecimentos com not\u00edcias bem apuradas em Dracena e regi\u00e3o, no Brasil e no Mundo. FORA FAKE NEWS!!!<\/p>\n<p class=\"bodytext\" style=\"text-align: justify;\">Jorge Zanoni<\/p>\n<p>Imagem Ilustrativa<\/p>\n<\/div>\n<\/div>\n","protected":false},"excerpt":{"rendered":"<p>Dia do Jornalista refor\u00e7a import\u00e2ncia do profissional em meio ao coronav\u00edrus. Nos tr\u00eas primeiros meses de 2020, o monitoramento de viola\u00e7\u00f5es \u00e0 liberdade de express\u00e3o feito pela Associa\u00e7\u00e3o Brasileira de Jornalismo Investigativo (Abraji), apontou 24 ataques \u00e0 imprensa, sendo 70% deles direcionados por agentes p\u00fablicos. O mapeamento tamb\u00e9m revela que cinco desses ataques foram no [&hellip;]<\/p>\n","protected":false},"author":1,"featured_media":23291,"comment_status":"closed","ping_status":"open","sticky":false,"template":"","format":"standard","meta":{"footnotes":""},"categories":[114,110],"tags":[],"class_list":["post-23290","post","type-post","status-publish","format-standard","has-post-thumbnail","hentry","category-geralecomercio","category-noticiasdestaque"],"_links":{"self":[{"href":"https:\/\/jorgezanoni.com.br\/2019\/wp-json\/wp\/v2\/posts\/23290","targetHints":{"allow":["GET"]}}],"collection":[{"href":"https:\/\/jorgezanoni.com.br\/2019\/wp-json\/wp\/v2\/posts"}],"about":[{"href":"https:\/\/jorgezanoni.com.br\/2019\/wp-json\/wp\/v2\/types\/post"}],"author":[{"embeddable":true,"href":"https:\/\/jorgezanoni.com.br\/2019\/wp-json\/wp\/v2\/users\/1"}],"replies":[{"embeddable":true,"href":"https:\/\/jorgezanoni.com.br\/2019\/wp-json\/wp\/v2\/comments?post=23290"}],"version-history":[{"count":0,"href":"https:\/\/jorgezanoni.com.br\/2019\/wp-json\/wp\/v2\/posts\/23290\/revisions"}],"wp:featuredmedia":[{"embeddable":true,"href":"https:\/\/jorgezanoni.com.br\/2019\/wp-json\/wp\/v2\/media\/23291"}],"wp:attachment":[{"href":"https:\/\/jorgezanoni.com.br\/2019\/wp-json\/wp\/v2\/media?parent=23290"}],"wp:term":[{"taxonomy":"category","embeddable":true,"href":"https:\/\/jorgezanoni.com.br\/2019\/wp-json\/wp\/v2\/categories?post=23290"},{"taxonomy":"post_tag","embeddable":true,"href":"https:\/\/jorgezanoni.com.br\/2019\/wp-json\/wp\/v2\/tags?post=23290"}],"curies":[{"name":"wp","href":"https:\/\/api.w.org\/{rel}","templated":true}]}}