{"id":23285,"date":"2020-04-08T00:03:44","date_gmt":"2020-04-08T00:03:44","guid":{"rendered":"https:\/\/jorgezanoni.com.br\/2019\/?p=23285"},"modified":"2020-04-08T00:03:44","modified_gmt":"2020-04-08T00:03:44","slug":"prefeitura-de-dracena-decreta-ferias-escolares-na-rede-municipal","status":"publish","type":"post","link":"https:\/\/jorgezanoni.com.br\/2019\/prefeitura-de-dracena-decreta-ferias-escolares-na-rede-municipal\/","title":{"rendered":"Prefeitura de Dracena decreta f\u00e9rias escolares na rede municipal"},"content":{"rendered":"<p style=\"text-align: justify;\">Prefeitura de Dracena, por meio do Decreto n\u00b0 7.255 de 07 de abril de 2.020, determina a antecipa\u00e7\u00e3o das f\u00e9rias escolares da rede municipal de educa\u00e7\u00e3o.<\/p>\n<p style=\"text-align: justify;\">As f\u00e9rias ser\u00e3o do dia 13 at\u00e9 27 de abril.<\/p>\n<p style=\"text-align: justify;\"><img loading=\"lazy\" decoding=\"async\" class=\"alignnone size-full wp-image-23286\" src=\"https:\/\/jorgezanoni.com.br\/2019\/wp-content\/uploads\/2020\/04\/ferias.jpg\" alt=\"\" width=\"657\" height=\"960\" srcset=\"https:\/\/jorgezanoni.com.br\/2019\/wp-content\/uploads\/2020\/04\/ferias.jpg 657w, https:\/\/jorgezanoni.com.br\/2019\/wp-content\/uploads\/2020\/04\/ferias-205x300.jpg 205w, https:\/\/jorgezanoni.com.br\/2019\/wp-content\/uploads\/2020\/04\/ferias-287x420.jpg 287w\" sizes=\"auto, (max-width: 657px) 100vw, 657px\" \/> <img loading=\"lazy\" decoding=\"async\" class=\"alignnone size-full wp-image-23287\" src=\"https:\/\/jorgezanoni.com.br\/2019\/wp-content\/uploads\/2020\/04\/ferias1.jpg\" alt=\"\" width=\"675\" height=\"960\" srcset=\"https:\/\/jorgezanoni.com.br\/2019\/wp-content\/uploads\/2020\/04\/ferias1.jpg 675w, https:\/\/jorgezanoni.com.br\/2019\/wp-content\/uploads\/2020\/04\/ferias1-211x300.jpg 211w, https:\/\/jorgezanoni.com.br\/2019\/wp-content\/uploads\/2020\/04\/ferias1-295x420.jpg 295w\" sizes=\"auto, (max-width: 675px) 100vw, 675px\" \/><\/p>\n<p>Imagem Ilustrativa<\/p>\n","protected":false},"excerpt":{"rendered":"<p>Prefeitura de Dracena, por meio do Decreto n\u00b0 7.255 de 07 de abril de 2.020, determina a antecipa\u00e7\u00e3o das f\u00e9rias escolares da rede municipal de educa\u00e7\u00e3o. As f\u00e9rias ser\u00e3o do dia 13 at\u00e9 27 de abril. Imagem Ilustrativa<\/p>\n","protected":false},"author":1,"featured_media":23288,"comment_status":"closed","ping_status":"open","sticky":false,"template":"","format":"standard","meta":{"footnotes":""},"categories":[110,122],"tags":[],"class_list":["post-23285","post","type-post","status-publish","format-standard","has-post-thumbnail","hentry","category-noticiasdestaque","category-saudeeducacaoeconcurso"],"_links":{"self":[{"href":"https:\/\/jorgezanoni.com.br\/2019\/wp-json\/wp\/v2\/posts\/23285","targetHints":{"allow":["GET"]}}],"collection":[{"href":"https:\/\/jorgezanoni.com.br\/2019\/wp-json\/wp\/v2\/posts"}],"about":[{"href":"https:\/\/jorgezanoni.com.br\/2019\/wp-json\/wp\/v2\/types\/post"}],"author":[{"embeddable":true,"href":"https:\/\/jorgezanoni.com.br\/2019\/wp-json\/wp\/v2\/users\/1"}],"replies":[{"embeddable":true,"href":"https:\/\/jorgezanoni.com.br\/2019\/wp-json\/wp\/v2\/comments?post=23285"}],"version-history":[{"count":0,"href":"https:\/\/jorgezanoni.com.br\/2019\/wp-json\/wp\/v2\/posts\/23285\/revisions"}],"wp:featuredmedia":[{"embeddable":true,"href":"https:\/\/jorgezanoni.com.br\/2019\/wp-json\/wp\/v2\/media\/23288"}],"wp:attachment":[{"href":"https:\/\/jorgezanoni.com.br\/2019\/wp-json\/wp\/v2\/media?parent=23285"}],"wp:term":[{"taxonomy":"category","embeddable":true,"href":"https:\/\/jorgezanoni.com.br\/2019\/wp-json\/wp\/v2\/categories?post=23285"},{"taxonomy":"post_tag","embeddable":true,"href":"https:\/\/jorgezanoni.com.br\/2019\/wp-json\/wp\/v2\/tags?post=23285"}],"curies":[{"name":"wp","href":"https:\/\/api.w.org\/{rel}","templated":true}]}}