{"id":23278,"date":"2020-04-07T23:49:02","date_gmt":"2020-04-07T23:49:02","guid":{"rendered":"https:\/\/jorgezanoni.com.br\/2019\/?p=23278"},"modified":"2020-04-07T23:49:50","modified_gmt":"2020-04-07T23:49:50","slug":"prefeitura-de-dracena-prorroga-estado-de-emergencia-no-municipio","status":"publish","type":"post","link":"https:\/\/jorgezanoni.com.br\/2019\/prefeitura-de-dracena-prorroga-estado-de-emergencia-no-municipio\/","title":{"rendered":"Prefeitura de Dracena prorroga Estado de Emerg\u00eancia no munic\u00edpio"},"content":{"rendered":"<p style=\"text-align: justify;\">Prefeitura de Dracena, por meio do Decreto n\u00b0 7.254 de 07 de abril de 2.020, determina a prorroga\u00e7\u00e3o do Estado de Emerg\u00eancia no munic\u00edpio, seguindo o decreto estadual.<\/p>\n<p style=\"text-align: justify;\">A decis\u00e3o do governador de S\u00e3o Paulo \u00e9 soberana e v\u00e1lida para todos os munic\u00edpios paulistas.<\/p>\n<p style=\"text-align: justify;\">Veja abaixo o decreto na \u00edntegra.<\/p>\n<p style=\"text-align: justify;\"><img loading=\"lazy\" decoding=\"async\" class=\"alignnone size-full wp-image-23279\" src=\"https:\/\/jorgezanoni.com.br\/2019\/wp-content\/uploads\/2020\/04\/aff.jpg\" alt=\"\" width=\"678\" height=\"960\" srcset=\"https:\/\/jorgezanoni.com.br\/2019\/wp-content\/uploads\/2020\/04\/aff.jpg 678w, https:\/\/jorgezanoni.com.br\/2019\/wp-content\/uploads\/2020\/04\/aff-212x300.jpg 212w, https:\/\/jorgezanoni.com.br\/2019\/wp-content\/uploads\/2020\/04\/aff-297x420.jpg 297w\" sizes=\"auto, (max-width: 678px) 100vw, 678px\" \/> <img loading=\"lazy\" decoding=\"async\" class=\"alignnone size-full wp-image-23280\" src=\"https:\/\/jorgezanoni.com.br\/2019\/wp-content\/uploads\/2020\/04\/aff1.jpg\" alt=\"\" width=\"666\" height=\"960\" srcset=\"https:\/\/jorgezanoni.com.br\/2019\/wp-content\/uploads\/2020\/04\/aff1.jpg 666w, https:\/\/jorgezanoni.com.br\/2019\/wp-content\/uploads\/2020\/04\/aff1-208x300.jpg 208w, https:\/\/jorgezanoni.com.br\/2019\/wp-content\/uploads\/2020\/04\/aff1-291x420.jpg 291w\" sizes=\"auto, (max-width: 666px) 100vw, 666px\" \/> <img loading=\"lazy\" decoding=\"async\" class=\"alignnone size-full wp-image-23281\" src=\"https:\/\/jorgezanoni.com.br\/2019\/wp-content\/uploads\/2020\/04\/aff2.jpg\" alt=\"\" width=\"663\" height=\"960\" srcset=\"https:\/\/jorgezanoni.com.br\/2019\/wp-content\/uploads\/2020\/04\/aff2.jpg 663w, https:\/\/jorgezanoni.com.br\/2019\/wp-content\/uploads\/2020\/04\/aff2-207x300.jpg 207w, https:\/\/jorgezanoni.com.br\/2019\/wp-content\/uploads\/2020\/04\/aff2-290x420.jpg 290w\" sizes=\"auto, (max-width: 663px) 100vw, 663px\" \/><\/p>\n<p>Imagem Arquivo<\/p>\n","protected":false},"excerpt":{"rendered":"<p>Prefeitura de Dracena, por meio do Decreto n\u00b0 7.254 de 07 de abril de 2.020, determina a prorroga\u00e7\u00e3o do Estado de Emerg\u00eancia no munic\u00edpio, seguindo o decreto estadual. A decis\u00e3o do governador de S\u00e3o Paulo \u00e9 soberana e v\u00e1lida para todos os munic\u00edpios paulistas. Veja abaixo o decreto na \u00edntegra. Imagem Arquivo<\/p>\n","protected":false},"author":1,"featured_media":23282,"comment_status":"closed","ping_status":"open","sticky":false,"template":"","format":"standard","meta":{"footnotes":""},"categories":[179,184,110],"tags":[],"class_list":["post-23278","post","type-post","status-publish","format-standard","has-post-thumbnail","hentry","category-cidadeseregiao","category-dracena","category-noticiasdestaque"],"_links":{"self":[{"href":"https:\/\/jorgezanoni.com.br\/2019\/wp-json\/wp\/v2\/posts\/23278","targetHints":{"allow":["GET"]}}],"collection":[{"href":"https:\/\/jorgezanoni.com.br\/2019\/wp-json\/wp\/v2\/posts"}],"about":[{"href":"https:\/\/jorgezanoni.com.br\/2019\/wp-json\/wp\/v2\/types\/post"}],"author":[{"embeddable":true,"href":"https:\/\/jorgezanoni.com.br\/2019\/wp-json\/wp\/v2\/users\/1"}],"replies":[{"embeddable":true,"href":"https:\/\/jorgezanoni.com.br\/2019\/wp-json\/wp\/v2\/comments?post=23278"}],"version-history":[{"count":0,"href":"https:\/\/jorgezanoni.com.br\/2019\/wp-json\/wp\/v2\/posts\/23278\/revisions"}],"wp:featuredmedia":[{"embeddable":true,"href":"https:\/\/jorgezanoni.com.br\/2019\/wp-json\/wp\/v2\/media\/23282"}],"wp:attachment":[{"href":"https:\/\/jorgezanoni.com.br\/2019\/wp-json\/wp\/v2\/media?parent=23278"}],"wp:term":[{"taxonomy":"category","embeddable":true,"href":"https:\/\/jorgezanoni.com.br\/2019\/wp-json\/wp\/v2\/categories?post=23278"},{"taxonomy":"post_tag","embeddable":true,"href":"https:\/\/jorgezanoni.com.br\/2019\/wp-json\/wp\/v2\/tags?post=23278"}],"curies":[{"name":"wp","href":"https:\/\/api.w.org\/{rel}","templated":true}]}}