{"id":23267,"date":"2020-04-07T19:55:55","date_gmt":"2020-04-07T19:55:55","guid":{"rendered":"https:\/\/jorgezanoni.com.br\/2019\/?p=23267"},"modified":"2020-04-07T19:55:55","modified_gmt":"2020-04-07T19:55:55","slug":"vereador-juliano-viscovini-de-castilho-atira-contra-a-propria-cabeca","status":"publish","type":"post","link":"https:\/\/jorgezanoni.com.br\/2019\/vereador-juliano-viscovini-de-castilho-atira-contra-a-propria-cabeca\/","title":{"rendered":"Vereador Juliano Viscovini, de Castilho, atira contra a pr\u00f3pria cabe\u00e7a"},"content":{"rendered":"<p style=\"text-align: justify;\">Est\u00e1 internado em estado grave na Santa Casa de Ara\u00e7atuba, o vereador castilhense Juliano Faria Viscovini, de 37 anos (MDB), depois de atirar contra a pr\u00f3pria cabe\u00e7a ao tentar o suic\u00eddio na madrugada desta ter\u00e7a-feira, 07. O fato assustou toda a cidade vizinha \u00e0 Andradina e deixou perplexo todos que acompanham seu trabalho combativo na C\u00e2mara de Vereadores.<br \/>\nSegundo informa\u00e7\u00f5es, o vereador estava em sua casa localizada na rua 9, 568, do bairro Le\u00e3o 1, quando, por motivos a serem investigados pela Pol\u00edcia Civil, efetuou um disparo com uma arma de fogo contra a pr\u00f3pria cabe\u00e7a, que teria sido identificada como sendo uma pistola calibre .380.<br \/>\nO disparo assustou a vizinhan\u00e7a, que chamou rapidamente a Pol\u00edcia Militar e a ambul\u00e2ncia do servi\u00e7o de sa\u00fade do munic\u00edpio; Devido a gravidade dos fatos, ele foi transferido direto para a Santa Casa de Ara\u00e7atuba, onde permaneceu internado na UTI daquela unidade de sa\u00fade.<br \/>\nA Pol\u00edcia Militar preservou o local e isolou todo o per\u00edmetro para o trabalho da per\u00edcia t\u00e9cnico\/cient\u00edfica. O fato atraiu muitas pessoas ao local.<\/p>\n<p style=\"text-align: justify;\">Fonte: Mil Noticias\/Ag\u00eancia<\/p>\n","protected":false},"excerpt":{"rendered":"<p>Est\u00e1 internado em estado grave na Santa Casa de Ara\u00e7atuba, o vereador castilhense Juliano Faria Viscovini, de 37 anos (MDB), depois de atirar contra a pr\u00f3pria cabe\u00e7a ao tentar o suic\u00eddio na madrugada desta ter\u00e7a-feira, 07. O fato assustou toda a cidade vizinha \u00e0 Andradina e deixou perplexo todos que acompanham seu trabalho combativo na [&hellip;]<\/p>\n","protected":false},"author":1,"featured_media":23268,"comment_status":"closed","ping_status":"open","sticky":false,"template":"","format":"standard","meta":{"footnotes":""},"categories":[110,2],"tags":[],"class_list":["post-23267","post","type-post","status-publish","format-standard","has-post-thumbnail","hentry","category-noticiasdestaque","category-policial"],"_links":{"self":[{"href":"https:\/\/jorgezanoni.com.br\/2019\/wp-json\/wp\/v2\/posts\/23267","targetHints":{"allow":["GET"]}}],"collection":[{"href":"https:\/\/jorgezanoni.com.br\/2019\/wp-json\/wp\/v2\/posts"}],"about":[{"href":"https:\/\/jorgezanoni.com.br\/2019\/wp-json\/wp\/v2\/types\/post"}],"author":[{"embeddable":true,"href":"https:\/\/jorgezanoni.com.br\/2019\/wp-json\/wp\/v2\/users\/1"}],"replies":[{"embeddable":true,"href":"https:\/\/jorgezanoni.com.br\/2019\/wp-json\/wp\/v2\/comments?post=23267"}],"version-history":[{"count":0,"href":"https:\/\/jorgezanoni.com.br\/2019\/wp-json\/wp\/v2\/posts\/23267\/revisions"}],"wp:featuredmedia":[{"embeddable":true,"href":"https:\/\/jorgezanoni.com.br\/2019\/wp-json\/wp\/v2\/media\/23268"}],"wp:attachment":[{"href":"https:\/\/jorgezanoni.com.br\/2019\/wp-json\/wp\/v2\/media?parent=23267"}],"wp:term":[{"taxonomy":"category","embeddable":true,"href":"https:\/\/jorgezanoni.com.br\/2019\/wp-json\/wp\/v2\/categories?post=23267"},{"taxonomy":"post_tag","embeddable":true,"href":"https:\/\/jorgezanoni.com.br\/2019\/wp-json\/wp\/v2\/tags?post=23267"}],"curies":[{"name":"wp","href":"https:\/\/api.w.org\/{rel}","templated":true}]}}