{"id":2326,"date":"2019-07-28T19:10:45","date_gmt":"2019-07-28T19:10:45","guid":{"rendered":"https:\/\/jorgezanoni.com.br\/2019\/?p=2326"},"modified":"2019-07-28T19:10:45","modified_gmt":"2019-07-28T19:10:45","slug":"policia-prende-dois-suspeitos-de-participar-de-roubo-de-ouro-no-aeroporto-de-guarulhos","status":"publish","type":"post","link":"https:\/\/jorgezanoni.com.br\/2019\/policia-prende-dois-suspeitos-de-participar-de-roubo-de-ouro-no-aeroporto-de-guarulhos\/","title":{"rendered":"Pol\u00edcia prende dois suspeitos de participar de roubo de ouro no aeroporto de Guarulhos"},"content":{"rendered":"<h2 class=\"content-head__subtitle\" style=\"text-align: justify;\"><strong>Entre os detidos est\u00e1 homem que disse ter sido mantido ref\u00e9m pela quadrilha.<\/strong><\/h2>\n<article>\n<div class=\"mc-column content-text active-extra-styles \" data-block-type=\"unstyled\" data-block-weight=\"31\" data-block-id=\"2\">\n<p class=\"content-text__container \" style=\"text-align: justify;\" data-track-category=\"Link no Texto\" data-track-links=\"\">Policiais civis prenderam neste domingo (28) dois suspeitos de participa\u00e7\u00e3o no\u00a0<a href=\"https:\/\/g1.globo.com\/sp\/sao-paulo\/noticia\/2019\/07\/25\/grupo-fortemente-armado-invade-terminal-de-cargas-de-cumbica-faz-refem-e-rouba-ouro-de-carro-forte.ghtml\">roubo de 718,9 kg de ouro<\/a>\u00a0no terminal de cargas do aeroporto de Cumbica, em Guarulhos, na Grande S\u00e3o Paulo.<\/p>\n<\/div>\n<div class=\"wall protected-content\">\n<div class=\"mc-column content-text active-extra-styles \" style=\"text-align: justify;\" data-block-type=\"unstyled\" data-block-weight=\"49\" data-block-id=\"3\">\n<p class=\"content-text__container \" data-track-category=\"Link no Texto\" data-track-links=\"\">Os detidos s\u00e3o dois funcion\u00e1rios do aeroporto: o encarregado de despacho Peterson Patr\u00edcio, de 33 anos, que disse \u00e0 pol\u00edcia ter sido mantido ref\u00e9m pela quadrilha; e um ajudante de Patr\u00edcio que teria convidado o chefe para fazer parte do assalto. O nome deste segundo suspeito n\u00e3o foi divulgado.<\/p>\n<\/div>\n<div class=\"mc-column content-text active-extra-styles \" style=\"text-align: justify;\" data-block-type=\"unstyled\" data-block-weight=\"42\" data-block-id=\"4\">\n<p class=\"content-text__container \" data-track-category=\"Link no Texto\" data-track-links=\"\">\u00c0 pol\u00edcia, Patr\u00edcio disse, inicialmente, que os criminosos o sequestraram no dia anterior ao assalto e que mantiveram tamb\u00e9m sua fam\u00edlia ref\u00e9m. Segundo o suspeito, foi assim que a quadrilha teve acesso a informa\u00e7\u00f5es privilegiadas sobre a rotina no terminal de cargas.<\/p>\n<\/div>\n<div class=\"mc-column content-text active-extra-styles \" style=\"text-align: justify;\" data-block-type=\"unstyled\" data-block-weight=\"12\" data-block-id=\"5\">\n<p class=\"content-text__container \" data-track-category=\"Link no Texto\" data-track-links=\"\">Segundo policiais respons\u00e1veis pela investiga\u00e7\u00e3o, Patr\u00edcio confessou que foi cooptado pelos assaltantes.<\/p>\n<\/div>\n<div class=\"mc-column content-text active-extra-styles \" style=\"text-align: justify;\" data-block-type=\"unstyled\" data-block-weight=\"55\" data-block-id=\"6\">\n<p class=\"content-text__container \" data-track-category=\"Link no Texto\" data-track-links=\"\">A pol\u00edcia j\u00e1 investigava a participa\u00e7\u00e3o de algu\u00e9m &#8220;de dentro&#8221; do aeroporto. \u201cA din\u00e2mica do fato nos leva fortemente a crer que existe pessoas que conheciam a rotina de uma \u00e1rea restrita de um aeroporto internacional, de um terminal de cargas de um aeroporto internacional\u201d, disse o delegado Jo\u00e3o Carlos Miguel Hueb antes da pris\u00e3o.<\/p>\n<\/div>\n<div class=\"mc-column content-text active-extra-styles \" style=\"text-align: justify;\" data-block-type=\"unstyled\" data-block-weight=\"20\" data-block-id=\"7\">\n<p class=\"content-text__container \" data-track-category=\"Link no Texto\" data-track-links=\"\">O ouro roubado \u00e9\u00a0<a href=\"https:\/\/g1.globo.com\/sp\/sao-paulo\/noticia\/2019\/07\/26\/ouro-roubado-em-terminal-no-aeroporto-de-guarulhos-vale-r-110-milhoes-diz-policia.ghtml\">avaliado em cerca de R$ 110 milh\u00f5es<\/a>. C\u00e2meras de seguran\u00e7a\u00a0<a href=\"https:\/\/g1.globo.com\/sp\/sao-paulo\/noticia\/2019\/07\/25\/video-mostra-grupo-usando-empilhadeira-para-roubar-ouro-no-terminal-de-cargas-de-cumbica.ghtml\">registraram a a\u00e7\u00e3o dentro do terminal<\/a>.<\/p>\n<\/div>\n<div data-track-category=\"multicontent\" data-track-action=\"ultimo chunk conteudo\" data-track-noninteraction=\"false\" data-track-scroll=\"view\">\n<div class=\"mc-column content-entenda-o-caso\" data-block-type=\"entenda-o-caso\" data-block-id=\"9\">\n<h3 class=\"content-entenda-o-caso__title\" style=\"text-align: justify;\">ROUBO DE 718,9 KG DE OURO NO AEROPORTO DE GUARULHOS<\/h3>\n<ul class=\"content-entenda-o-caso__list\" data-track-category=\"multicontent\" data-track-action=\"entenda o caso\">\n<li class=\"content-entenda-o-caso__item\" data-track-click=\"Posicao 1\">\n<p class=\"content-entenda-o-caso__text\"><a class=\"content-link gui-color-primary gui-color-hover\" href=\"https:\/\/g1.globo.com\/sp\/sao-paulo\/noticia\/2019\/07\/25\/grupo-fortemente-armado-invade-terminal-de-cargas-de-cumbica-faz-refem-e-rouba-ouro-de-carro-forte.ghtml\">Grupo armado invade \u00e1rea de carga e rouba ouro<\/a><\/p>\n<\/li>\n<li class=\"content-entenda-o-caso__item\" data-track-click=\"Posicao 2\">\n<p class=\"content-entenda-o-caso__text\"><a class=\"content-link gui-color-primary gui-color-hover\" href=\"https:\/\/g1.globo.com\/sp\/sao-paulo\/noticia\/2019\/07\/26\/ouro-roubado-em-terminal-no-aeroporto-de-guarulhos-vale-r-110-milhoes-diz-policia.ghtml\">Ouro roubado vale R$ 110 milh\u00f5es<\/a><\/p>\n<\/li>\n<li class=\"content-entenda-o-caso__item\" data-track-click=\"Posicao 3\">\n<p class=\"content-entenda-o-caso__text\"><a class=\"content-link gui-color-primary gui-color-hover\" href=\"https:\/\/g1.globo.com\/sp\/sao-paulo\/noticia\/2019\/07\/25\/video-mostra-grupo-usando-empilhadeira-para-roubar-ouro-no-terminal-de-cargas-de-cumbica.ghtml\">V\u00cdDEO mostra criminosos usando empilhadeira<\/a><\/p>\n<\/li>\n<li class=\"content-entenda-o-caso__item\" data-track-click=\"Posicao 4\">\n<p class=\"content-entenda-o-caso__text\"><a class=\"content-link gui-color-primary gui-color-hover\" href=\"https:\/\/g1.globo.com\/sp\/sao-paulo\/noticia\/2019\/07\/26\/roubo-de-ouro-no-aeroporto-de-cumbica-esta-entre-os-maiores-do-brasil.ghtml\">Roubo est\u00e1 entre os maiores do Brasil<\/a><\/p>\n<\/li>\n<li class=\"content-entenda-o-caso__item\" data-track-click=\"Posicao 5\">\n<p class=\"content-entenda-o-caso__text\"><a class=\"content-link gui-color-primary gui-color-hover\" href=\"https:\/\/g1.globo.com\/sp\/sao-paulo\/noticia\/2019\/07\/26\/policia-investiga-se-grupo-que-roubou-ouro-no-aeroporto-de-guarulhos-e-o-mesmo-que-cometeu-assalto-milionario-em-viracopos.ghtml\">Pol\u00edcia apura se quadrilha participou de roubo em Viracopos<\/a><\/p>\n<\/li>\n<li class=\"content-entenda-o-caso__item\" data-track-click=\"Posicao 6\">\n<p class=\"content-entenda-o-caso__text\"><a class=\"content-link gui-color-primary gui-color-hover\" href=\"https:\/\/g1.globo.com\/sp\/sao-paulo\/noticia\/2019\/07\/27\/veja-o-que-ja-se-sabe-sobre-o-roubo-de-7189-kg-de-ouro-no-aeroporto-de-guarulhos.ghtml\">Veja o que j\u00e1 se sabe sobre o crime<\/a><\/p>\n<\/li>\n<\/ul>\n<\/div>\n<\/div>\n<\/div>\n<\/article>\n<div class=\"mc-column entities\" style=\"text-align: justify;\">Fonte: G1<\/div>\n","protected":false},"excerpt":{"rendered":"<p>Entre os detidos est\u00e1 homem que disse ter sido mantido ref\u00e9m pela quadrilha. Policiais civis prenderam neste domingo (28) dois suspeitos de participa\u00e7\u00e3o no\u00a0roubo de 718,9 kg de ouro\u00a0no terminal de cargas do aeroporto de Cumbica, em Guarulhos, na Grande S\u00e3o Paulo. Os detidos s\u00e3o dois funcion\u00e1rios do aeroporto: o encarregado de despacho Peterson Patr\u00edcio, [&hellip;]<\/p>\n","protected":false},"author":1,"featured_media":2327,"comment_status":"closed","ping_status":"open","sticky":false,"template":"","format":"standard","meta":{"footnotes":""},"categories":[110,2],"tags":[],"class_list":["post-2326","post","type-post","status-publish","format-standard","has-post-thumbnail","hentry","category-noticiasdestaque","category-policial"],"_links":{"self":[{"href":"https:\/\/jorgezanoni.com.br\/2019\/wp-json\/wp\/v2\/posts\/2326","targetHints":{"allow":["GET"]}}],"collection":[{"href":"https:\/\/jorgezanoni.com.br\/2019\/wp-json\/wp\/v2\/posts"}],"about":[{"href":"https:\/\/jorgezanoni.com.br\/2019\/wp-json\/wp\/v2\/types\/post"}],"author":[{"embeddable":true,"href":"https:\/\/jorgezanoni.com.br\/2019\/wp-json\/wp\/v2\/users\/1"}],"replies":[{"embeddable":true,"href":"https:\/\/jorgezanoni.com.br\/2019\/wp-json\/wp\/v2\/comments?post=2326"}],"version-history":[{"count":0,"href":"https:\/\/jorgezanoni.com.br\/2019\/wp-json\/wp\/v2\/posts\/2326\/revisions"}],"wp:featuredmedia":[{"embeddable":true,"href":"https:\/\/jorgezanoni.com.br\/2019\/wp-json\/wp\/v2\/media\/2327"}],"wp:attachment":[{"href":"https:\/\/jorgezanoni.com.br\/2019\/wp-json\/wp\/v2\/media?parent=2326"}],"wp:term":[{"taxonomy":"category","embeddable":true,"href":"https:\/\/jorgezanoni.com.br\/2019\/wp-json\/wp\/v2\/categories?post=2326"},{"taxonomy":"post_tag","embeddable":true,"href":"https:\/\/jorgezanoni.com.br\/2019\/wp-json\/wp\/v2\/tags?post=2326"}],"curies":[{"name":"wp","href":"https:\/\/api.w.org\/{rel}","templated":true}]}}