{"id":23244,"date":"2020-04-07T16:13:32","date_gmt":"2020-04-07T16:13:32","guid":{"rendered":"https:\/\/jorgezanoni.com.br\/2019\/?p=23244"},"modified":"2020-04-07T16:13:32","modified_gmt":"2020-04-07T16:13:32","slug":"a-inesquecivel-e-imperdoavel-ditadura","status":"publish","type":"post","link":"https:\/\/jorgezanoni.com.br\/2019\/a-inesquecivel-e-imperdoavel-ditadura\/","title":{"rendered":"A inesquec\u00edvel e imperdo\u00e1vel Ditadura"},"content":{"rendered":"<p style=\"text-align: justify;\">A INESQUEC\u00cdVEL E IMPERDO\u00c1VEL DITADURA<\/p>\n<p style=\"text-align: justify;\">H\u00e1 um prov\u00e9rbio que diz que o que cai no esquecimento tende a se repetir. Talvez seja por isso que se tem relembrado muito do per\u00edodo nefasto da ditadura militar, cujo golpe se deu h\u00e1 exatos 56 anos.<br \/>\nMuitos n\u00e3o se lembram porque n\u00e3o haviam nascido. Outros, porque nunca souberam realmente o que aconteceu e, ainda, h\u00e1 aqueles que se alienam de tudo o que ocorre no pa\u00eds e no mundo. \u00c9 importante que as pessoas tenham conhecimento das v\u00e1rias fases que o Brasil percorreu para que se tenha condi\u00e7\u00f5es de rejeitar a repeti\u00e7\u00e3o de fatos horr\u00edveis, simplesmente por ignorar esses mesmos fatos.<br \/>\nNo livro \u201cHenfil na China\u201d, que retrata uma viagem que o cartunista fez \u00e0quele pa\u00eds, h\u00e1 fatos interessantes que podem servir de exemplo para qualquer pessoa ou pa\u00eds. Conta ele que havia ali sete montanhas onde n\u00e3o se conseguia plantar nada porque as chuvas, o inverno e outras intemp\u00e9ries destru\u00edam as planta\u00e7\u00f5es. Como n\u00e3o podiam perder territ\u00f3rio t\u00e3o grande sem uma produ\u00e7\u00e3o, muitos estudiosos se debru\u00e7aram sobre o problema e conseguiram resolv\u00ea-lo. Por\u00e9m, fizeram-no em apenas seis delas, deixando uma para que o povo sempre soubesse como era, no passado, e como est\u00e1, no presente. Essa mem\u00f3ria do \u201ccomo era e como \u00e9\u201d \u00e9 algo importante e sim o para qualquer pessoa como cidad\u00e3o ou como indiv\u00edduo.<br \/>\nH\u00e1 filmes \u00f3timos retratando os acontecimentos da \u00e9poca da ditadura, como \u201cPra frente Brasil&#8221; que relata como as pessoas do povo eram tratadas. Livros que resistem ao tempo, como \u201cTortura, nunca mais\u201d, \u201cA tortura no Brasil\u201d, \u201cBatismo de sangue\u201d de Frei Beto, revistas, internet, jornais procurando refrescar a mem\u00f3ria dos que desconheceram fatos desses anos tenebrosos e levar ao conhecimento dos que, apesar de tanta divulga\u00e7\u00e3o, continuam na ignor\u00e2ncia da hist\u00f3ria dessa fase do pa\u00eds.<br \/>\n\u00c8 importante n\u00e3o esquecer que o golpe que manteve o pa\u00eds amorda\u00e7ado durante 21 anos, teve a participa\u00e7\u00e3o ativa do presidente dos Estados Unidos, John Kennedy que, por ignor\u00e2ncia de muitos brasileiros, tem seu nome em ruas e bairros deste pa\u00eds, cujo povo insiste em desconhecer fatos hist\u00f3ricos importantes e comete esse tipo de erro homenageando celebridades estrangeiras que s\u00f3 trouxeram malef\u00edcios para o pa\u00eds.<br \/>\nNo dia do golpe em 31 de mar\u00e7o de 1964, navios americanos estavam fundeados nas costas brasileiras e avi\u00f5es, tamb\u00e9m americanos, pintados com as cores do Brasil, apenas aguardavam ordens para atacar. Os americanos estiveram presentes, promovendo todos os golpes militares ocorridos na Am\u00e9rica do Sul. Como eles mesmos diziam, e dizem, a Am\u00e9rica do Sul era o \u201cquintal\u201d da casa deles.\u00a0\u00a0\u00a0\u00a0\u00a0\u00a0\u00a0\u00a0\u00a0\u00a0\u00a0\u00a0\u00a0\u00a0\u00a0\u00a0\u00a0\u00a0\u00a0 .<br \/>\nNessa \u00e9poca, quando a pol\u00edcia pol\u00edtica cismava que uma pessoa era contra o governo, mesmo que ela jamais tivesse contato com qualquer fato pol\u00edtico, ela era perseguida, torturada at\u00e9 a morte e, geralmente sumiam at\u00e9 com o cad\u00e1ver. Havia um pavor dos governantes em rela\u00e7\u00e3o a qualquer ideia que, para eles, pudesse por em risco sua perman\u00eancia no comando do pa\u00eds. Por isso, censuravam m\u00fasicas, pe\u00e7as de teatro, filmes e at\u00e9 reuni\u00f5es.<br \/>\nAssim, inteirar-se dos acontecimentos desse per\u00edodo de horrores e repress\u00f5es \u00a0\u00e9, praticamente, obriga\u00e7\u00e3o de todos para que n\u00e3o haja, jamais, a menor possibilidade de o pa\u00eds se ver novamente amorda\u00e7ado e torturado.<br \/>\nAssim, vamos reler as lembran\u00e7as de uma brasileira\u00a0 que lutava contra a ditadura e a maneira com que os militares tratavam \u00e0queles que se opunham ao golpe que eles haviam dado :<\/p>\n<p>&#8220;Maria Am\u00e9lia de Almeida Teles, a Amelinha, foi torturada juntamente com o marido, a irm\u00e3 e os dois filhos durante a ditadura. O coronel Carlos Alberto Brilhante Ustra (her\u00f3i para bolsonaro) foi seu torturador, e ela era constantemente agredida por ele na frente dos filhos. Entre as torturas, Amelinha relata \u00e0 CNV que passou pelo pau-de-arara, levou choques no corpo inteiro, apanhou de palmat\u00f3ria e sofreu viol\u00eancia sexual. Seus filhos eram levados para v\u00ea-la nua, cheia de sangue e urina. A fam\u00edlia Teles ganhou, em primeira inst\u00e2ncia, uma a\u00e7\u00e3o contra o coronel Ustra pelos crimes que sofreram, fazendo com que ele fosse o primeiro a ser reconhecido como torturador&#8221;.<br \/>\nThereza Pitta<br \/>\nat\u00e9 segunda-feira<\/p>\n","protected":false},"excerpt":{"rendered":"<p>A INESQUEC\u00cdVEL E IMPERDO\u00c1VEL DITADURA H\u00e1 um prov\u00e9rbio que diz que o que cai no esquecimento tende a se repetir. Talvez seja por isso que se tem relembrado muito do per\u00edodo nefasto da ditadura militar, cujo golpe se deu h\u00e1 exatos 56 anos. Muitos n\u00e3o se lembram porque n\u00e3o haviam nascido. Outros, porque nunca souberam [&hellip;]<\/p>\n","protected":false},"author":1,"featured_media":23245,"comment_status":"closed","ping_status":"open","sticky":false,"template":"","format":"standard","meta":{"footnotes":""},"categories":[175],"tags":[],"class_list":["post-23244","post","type-post","status-publish","format-standard","has-post-thumbnail","hentry","category-artigos"],"_links":{"self":[{"href":"https:\/\/jorgezanoni.com.br\/2019\/wp-json\/wp\/v2\/posts\/23244","targetHints":{"allow":["GET"]}}],"collection":[{"href":"https:\/\/jorgezanoni.com.br\/2019\/wp-json\/wp\/v2\/posts"}],"about":[{"href":"https:\/\/jorgezanoni.com.br\/2019\/wp-json\/wp\/v2\/types\/post"}],"author":[{"embeddable":true,"href":"https:\/\/jorgezanoni.com.br\/2019\/wp-json\/wp\/v2\/users\/1"}],"replies":[{"embeddable":true,"href":"https:\/\/jorgezanoni.com.br\/2019\/wp-json\/wp\/v2\/comments?post=23244"}],"version-history":[{"count":0,"href":"https:\/\/jorgezanoni.com.br\/2019\/wp-json\/wp\/v2\/posts\/23244\/revisions"}],"wp:featuredmedia":[{"embeddable":true,"href":"https:\/\/jorgezanoni.com.br\/2019\/wp-json\/wp\/v2\/media\/23245"}],"wp:attachment":[{"href":"https:\/\/jorgezanoni.com.br\/2019\/wp-json\/wp\/v2\/media?parent=23244"}],"wp:term":[{"taxonomy":"category","embeddable":true,"href":"https:\/\/jorgezanoni.com.br\/2019\/wp-json\/wp\/v2\/categories?post=23244"},{"taxonomy":"post_tag","embeddable":true,"href":"https:\/\/jorgezanoni.com.br\/2019\/wp-json\/wp\/v2\/tags?post=23244"}],"curies":[{"name":"wp","href":"https:\/\/api.w.org\/{rel}","templated":true}]}}