{"id":23218,"date":"2020-04-07T13:49:58","date_gmt":"2020-04-07T13:49:58","guid":{"rendered":"https:\/\/jorgezanoni.com.br\/2019\/?p=23218"},"modified":"2020-04-07T13:50:28","modified_gmt":"2020-04-07T13:50:28","slug":"brasil-tera-pico-de-covid-19-em-abril-e-maio-e-virus-deve-circular-ate-meados-de-setembro-afirma-mandetta-e-especialistas-em-relatorio-tecnico","status":"publish","type":"post","link":"https:\/\/jorgezanoni.com.br\/2019\/brasil-tera-pico-de-covid-19-em-abril-e-maio-e-virus-deve-circular-ate-meados-de-setembro-afirma-mandetta-e-especialistas-em-relatorio-tecnico\/","title":{"rendered":"Brasil ter\u00e1 pico de Covid-19 em abril e maio, e v\u00edrus deve circular at\u00e9 meados de setembro, afirma Mandetta e especialistas em relat\u00f3rio t\u00e9cnico"},"content":{"rendered":"<h2 class=\"content-head__subtitle\" style=\"text-align: justify;\"><strong>Isolamento social e uso de m\u00e1scaras s\u00e3o medidas apontadas como formas de preven\u00e7\u00e3o \u00e0 doen\u00e7a no Brasil.<\/strong><\/h2>\n<div class=\"mc-column content-text active-extra-styles active-capital-letter\" data-block-type=\"unstyled\" data-block-weight=\"64\" data-block-id=\"1\">\n<p class=\"content-text__container theme-color-primary-first-letter\" style=\"text-align: justify;\" data-track-category=\"Link no Texto\" data-track-links=\"\">Um relat\u00f3rio t\u00e9cnico assinado pelo ministro da Sa\u00fade, Luiz Henrique Mandetta, e especialistas em sa\u00fade afirma que o Brasil ter\u00e1\u00a0<strong>pico dos casos de Covid-19 em abril e maio e que o pa\u00eds continuar\u00e1 enfrentando a pandemia at\u00e9 meados de setembro.<\/strong>\u00a0O texto foi publicado nesta ter\u00e7a-feira (7) na \u201cRevista da Sociedade Brasileira de Medicina Tropical\u201d e divulgado pela ag\u00eancia de not\u00edcias cient\u00edficas Bori.<\/p>\n<\/div>\n<div class=\"wall protected-content\">\n<div class=\"mc-column content-text active-extra-styles\" style=\"text-align: justify;\" data-block-type=\"raw\" data-block-weight=\"26\" data-block-id=\"2\">\n<ul class=\"content-unordered-list\">\n<li><strong>N\u00daMEROS<\/strong>:\u00a0<a href=\"https:\/\/g1.globo.com\/bemestar\/coronavirus\/noticia\/2020\/04\/07\/casos-de-coronavirus-no-brasil-em-7-de-abril.ghtml\">Brasil tem mais de 550 mortos e passa de 12 mil infectados<\/a><\/li>\n<li><strong>MAPA<\/strong>:\u00a0<a href=\"https:\/\/especiais.g1.globo.com\/bemestar\/coronavirus\/mapa-coronavirus\/?&amp;_ga=2.180978599.1281942322.1586169629-a6074e96-605f-040f-42fe-cd60c63f2c3a#\/\" target=\"_blank\" rel=\"noopener noreferrer\">veja onde est\u00e3o os casos<\/a><\/li>\n<li><strong>SINTOMAS, TRANSMISS\u00c3O E LETALIDADE<\/strong>:\u00a0<a href=\"https:\/\/especiais.g1.globo.com\/bemestar\/2020\/coronavirus\/?_ga=2.178310052.1281942322.1586169629-a6074e96-605f-040f-42fe-cd60c63f2c3a\" target=\"_blank\" rel=\"noopener noreferrer\">entenda os riscos<\/a><\/li>\n<\/ul>\n<\/div>\n<div class=\"mc-column content-text active-extra-styles \" style=\"text-align: justify;\" data-block-type=\"unstyled\" data-block-weight=\"61\" data-block-id=\"3\">\n<p class=\"content-text__container \" data-track-category=\"Link no Texto\" data-track-links=\"\">O texto fala sobre como o Brasil enfrenta a pandemia, traz a cronologia das a\u00e7\u00f5es da Organiza\u00e7\u00e3o Mundial de Sa\u00fade (OMS) e do pa\u00eds, e alerta para o per\u00edodo de outono e inverno, em que h\u00e1 maior ocorr\u00eancia de doen\u00e7as respirat\u00f3rias. O relat\u00f3rio tamb\u00e9m cita medidas como isolamento social e uso de m\u00e1scaras como formas de conter a pandemia no Brasil.<\/p>\n<\/div>\n<div class=\"mc-column content-text active-extra-styles\" style=\"text-align: justify;\" data-block-type=\"raw\" data-block-weight=\"58\" data-block-id=\"4\">\n<blockquote class=\"content-blockquote theme-border-color-primary-before\"><p>&#8220;Embora o Brasil esteja tentando implementar medidas para reduzir o n\u00famero de casos, principalmente focados no isolamento social, um aumento nos casos de Covid-19 \u00e9 esperado nos pr\u00f3ximos meses. V\u00e1rios modelos matem\u00e1ticos mostraram que o v\u00edrus estar\u00e1 circulando at\u00e9 meados de setembro, com um pico importante de casos em abril e maio&#8221;, diz o relat\u00f3rio, sem citar n\u00fameros.<\/p><\/blockquote>\n<\/div>\n<div class=\"mc-column content-text active-extra-styles \" style=\"text-align: justify;\" data-block-type=\"unstyled\" data-block-weight=\"33\" data-block-id=\"5\">\n<p class=\"content-text__container \" data-track-category=\"Link no Texto\" data-track-links=\"\">&#8220;Assim, existem preocupa\u00e7\u00f5es quanto \u00e0 disponibilidade de unidades de terapia intensiva (UTI) e ventiladores mec\u00e2nicos necess\u00e1rios para pacientes hospitalizados com Covid-19, bem como a disponibilidade de testes de diagn\u00f3stico espec\u00edficos&#8221;, alerta o documento.<\/p>\n<\/div>\n<div class=\"mc-column content-text active-extra-styles\" style=\"text-align: justify;\" data-block-type=\"raw\" data-block-weight=\"6\" data-block-id=\"6\">\n<div class=\"content-intertitle\">\n<h2>Isolamento social e uso de m\u00e1scaras<\/h2>\n<\/div>\n<\/div>\n<div class=\"mc-column content-text active-extra-styles \" style=\"text-align: justify;\" data-block-type=\"unstyled\" data-block-weight=\"18\" data-block-id=\"7\">\n<p class=\"content-text__container \" data-track-category=\"Link no Texto\" data-track-links=\"\">O isolamento social \u00e9 apontado como uma das medidas usadas no Brasil para evitar a dissemina\u00e7\u00e3o da doen\u00e7a.<\/p>\n<\/div>\n<div class=\"mc-column content-text active-extra-styles \" style=\"text-align: justify;\" data-block-type=\"unstyled\" data-block-weight=\"34\" data-block-id=\"8\">\n<p class=\"content-text__container \" data-track-category=\"Link no Texto\" data-track-links=\"\">&#8220;O isolamento social \u00e9 uma medida que deve ser sugerida no in\u00edcio [do surgimento dos caso] para achatar a curva epidemiol\u00f3gica com o m\u00ednimo poss\u00edvel de impacto econ\u00f4mico&#8221;, dizem os especialistas no relat\u00f3rio.<\/p>\n<\/div>\n<div class=\"content-ads content-ads--reveal\" style=\"text-align: justify;\" data-block-type=\"ads\" data-block-id=\"9\"><\/div>\n<div class=\"mc-column content-text active-extra-styles \" style=\"text-align: justify;\" data-block-type=\"unstyled\" data-block-weight=\"29\" data-block-id=\"10\">\n<p class=\"content-text__container \" data-track-category=\"Link no Texto\" data-track-links=\"\">&#8220;Se o distanciamento social \u00e9 eficaz [para conter a pandemia] (&#8230;), o impacto econ\u00f4mico poder\u00e1 ser mitigado quando a atual pandemia de Covid-19 for controlada&#8221;, afirma o documento.<\/p>\n<\/div>\n<div class=\"mc-column content-text active-extra-styles \" style=\"text-align: justify;\" data-block-type=\"unstyled\" data-block-weight=\"57\" data-block-id=\"11\">\n<p class=\"content-text__container \" data-track-category=\"Link no Texto\" data-track-links=\"\">O relat\u00f3rio tamb\u00e9m cita o uso de m\u00e1scaras como uma das medidas de preven\u00e7\u00e3o que podem ajudar a conter o avan\u00e7o da pandemia. Na \u00c1sia, o uso de m\u00e1scaras \u00e9 culturalmente aceito e n\u00e3o h\u00e1 o costume de abra\u00e7os de beijos, como h\u00e1 no Brasil. &#8220;Essas diferen\u00e7as podem ser decisivas em evolu\u00e7\u00e3o das pandemias&#8221;, afirma o documento.<\/p>\n<\/div>\n<div class=\"mc-column content-text active-extra-styles \" style=\"text-align: justify;\" data-block-type=\"unstyled\" data-block-weight=\"57\" data-block-id=\"12\">\n<p class=\"content-text__container \" data-track-category=\"Link no Texto\" data-track-links=\"\">O autor principal do relat\u00f3rio \u00e9 o m\u00e9dico infectologista Julio Croda, que em mar\u00e7o deixou o cargo de diretor do Departamento de Imuniza\u00e7\u00e3o e Doen\u00e7as Transmiss\u00edveis e \u00e9 pesquisador da Funda\u00e7\u00e3o Oswaldo Cruz (MS) e da Universidade Federal de Mato Grosso do Sul (UFMS). Assina tamb\u00e9m Wanderson Kleber de Oliveira, secret\u00e1rio de Vigil\u00e2ncia em Sa\u00fade, entre outros.<\/p>\n<\/div>\n<div class=\"row medium-uncollapsed content-media content-photo\" data-block-type=\"backstage-photo\" data-block-id=\"13\">\n<div class=\"mc-column content-media__container\">\n<div class=\"progressive-img can-open-lightbox\" style=\"text-align: justify;\" data-min-size=\"1008x1154\" data-min-size-url=\"https:\/\/s2.glbimg.com\/OYcUJtiSe9O9ycrJANTC_rQPTtQ=\/0x0:1200x1374\/1008x0\/smart\/filters:strip_icc()\/i.s3.glbimg.com\/v1\/AUTH_59edd422c0c84a879bd37670ae4f538a\/internal_photos\/bs\/2020\/V\/4\/nCVHvrS6O1nW0dI8W5mA\/evolucao-covid-br0604.png\" data-max-size=\"1600x1832\" data-max-size-url=\"https:\/\/s2.glbimg.com\/AAnnxcf0EI6j8CNwXvrFKkm7MyA=\/0x0:1200x1374\/1600x0\/smart\/filters:strip_icc()\/i.s3.glbimg.com\/v1\/AUTH_59edd422c0c84a879bd37670ae4f538a\/internal_photos\/bs\/2020\/V\/4\/nCVHvrS6O1nW0dI8W5mA\/evolucao-covid-br0604.png\" data-media-index=\"0\"><picture><img decoding=\"async\" class=\"image content-media__image progressive-loaded\" title=\"Evolu\u00e7\u00e3o dos casos de coronav\u00edrus no Brasil at\u00e9 06 de abril de 2020 \u2014 Foto: Arte\/G1\" src=\"https:\/\/s2.glbimg.com\/u-lm6YjQCqilp7RbaT9ZCZ3f8K8=\/0x0:1200x1374\/984x0\/smart\/filters:strip_icc()\/i.s3.glbimg.com\/v1\/AUTH_59edd422c0c84a879bd37670ae4f538a\/internal_photos\/bs\/2020\/V\/4\/nCVHvrS6O1nW0dI8W5mA\/evolucao-covid-br0604.png\" alt=\"Evolu\u00e7\u00e3o dos casos de coronav\u00edrus no Brasil at\u00e9 06 de abril de 2020 \u2014 Foto: Arte\/G1\" data-src=\"https:\/\/s2.glbimg.com\/u-lm6YjQCqilp7RbaT9ZCZ3f8K8=\/0x0:1200x1374\/984x0\/smart\/filters:strip_icc()\/i.s3.glbimg.com\/v1\/AUTH_59edd422c0c84a879bd37670ae4f538a\/internal_photos\/bs\/2020\/V\/4\/nCVHvrS6O1nW0dI8W5mA\/evolucao-covid-br0604.png\" \/><\/picture><\/div>\n<p class=\"content-media__description \" style=\"text-align: justify;\">Evolu\u00e7\u00e3o dos casos de coronav\u00edrus no Brasil at\u00e9 06 de abril de 2020 \u2014 Foto: Arte\/G1<\/p>\n<p style=\"text-align: justify;\">Fonte: https:\/\/g1.globo.com\/bemestar\/coronavirus\/noticia\/2020\/04\/07\/<\/p>\n<p>Imagem Ilustrativa<\/p>\n<\/div>\n<\/div>\n<\/div>\n","protected":false},"excerpt":{"rendered":"<p>Isolamento social e uso de m\u00e1scaras s\u00e3o medidas apontadas como formas de preven\u00e7\u00e3o \u00e0 doen\u00e7a no Brasil. Um relat\u00f3rio t\u00e9cnico assinado pelo ministro da Sa\u00fade, Luiz Henrique Mandetta, e especialistas em sa\u00fade afirma que o Brasil ter\u00e1\u00a0pico dos casos de Covid-19 em abril e maio e que o pa\u00eds continuar\u00e1 enfrentando a pandemia at\u00e9 meados [&hellip;]<\/p>\n","protected":false},"author":1,"featured_media":23219,"comment_status":"closed","ping_status":"open","sticky":false,"template":"","format":"standard","meta":{"footnotes":""},"categories":[110,122],"tags":[],"class_list":["post-23218","post","type-post","status-publish","format-standard","has-post-thumbnail","hentry","category-noticiasdestaque","category-saudeeducacaoeconcurso"],"_links":{"self":[{"href":"https:\/\/jorgezanoni.com.br\/2019\/wp-json\/wp\/v2\/posts\/23218","targetHints":{"allow":["GET"]}}],"collection":[{"href":"https:\/\/jorgezanoni.com.br\/2019\/wp-json\/wp\/v2\/posts"}],"about":[{"href":"https:\/\/jorgezanoni.com.br\/2019\/wp-json\/wp\/v2\/types\/post"}],"author":[{"embeddable":true,"href":"https:\/\/jorgezanoni.com.br\/2019\/wp-json\/wp\/v2\/users\/1"}],"replies":[{"embeddable":true,"href":"https:\/\/jorgezanoni.com.br\/2019\/wp-json\/wp\/v2\/comments?post=23218"}],"version-history":[{"count":0,"href":"https:\/\/jorgezanoni.com.br\/2019\/wp-json\/wp\/v2\/posts\/23218\/revisions"}],"wp:featuredmedia":[{"embeddable":true,"href":"https:\/\/jorgezanoni.com.br\/2019\/wp-json\/wp\/v2\/media\/23219"}],"wp:attachment":[{"href":"https:\/\/jorgezanoni.com.br\/2019\/wp-json\/wp\/v2\/media?parent=23218"}],"wp:term":[{"taxonomy":"category","embeddable":true,"href":"https:\/\/jorgezanoni.com.br\/2019\/wp-json\/wp\/v2\/categories?post=23218"},{"taxonomy":"post_tag","embeddable":true,"href":"https:\/\/jorgezanoni.com.br\/2019\/wp-json\/wp\/v2\/tags?post=23218"}],"curies":[{"name":"wp","href":"https:\/\/api.w.org\/{rel}","templated":true}]}}