{"id":23215,"date":"2020-04-07T13:38:08","date_gmt":"2020-04-07T13:38:08","guid":{"rendered":"https:\/\/jorgezanoni.com.br\/2019\/?p=23215"},"modified":"2020-04-07T13:38:08","modified_gmt":"2020-04-07T13:38:08","slug":"caixa-lanca-site-e-aplicativo-para-solicitar-auxilio-emergencial-de-r-600","status":"publish","type":"post","link":"https:\/\/jorgezanoni.com.br\/2019\/caixa-lanca-site-e-aplicativo-para-solicitar-auxilio-emergencial-de-r-600\/","title":{"rendered":"Caixa lan\u00e7a site e aplicativo para solicitar aux\u00edlio emergencial de R$ 600"},"content":{"rendered":"<h2 class=\"content-head__subtitle\" style=\"text-align: justify;\"><strong>Ter\u00e3o direito ao benef\u00edcio, que ser\u00e1 pago por at\u00e9 tr\u00eas meses, trabalhadores informais, desempregados, MEIs e contribuintes individuais do INSS, que cumpram requisito de renda m\u00e9dia.<\/strong><\/h2>\n<div class=\"mc-column content-text active-extra-styles \" data-block-type=\"unstyled\" data-block-weight=\"50\" data-block-id=\"2\">\n<p class=\"content-text__container \" style=\"text-align: justify;\" data-track-category=\"Link no Texto\" data-track-links=\"\">A Caixa Econ\u00f4mica Federal disponibilizou nesta ter\u00e7a-feira (7) o site e o aplicativo por meio do qual informais, aut\u00f4nomos e MEIs podem solicitar o aux\u00edlio emergencial de R$ 600. A Caixa detalha como ser\u00e3o feitos os pagamentos na manh\u00e3 desta ter\u00e7a &#8211;\u00a0<strong>assista AO VIVO no v\u00eddeo acima<\/strong>.<\/p>\n<\/div>\n<div class=\"wall protected-content\">\n<div class=\"mc-column content-text active-extra-styles \" style=\"text-align: justify;\" data-block-type=\"unstyled\" data-block-weight=\"58\" data-block-id=\"3\">\n<p class=\"content-text__container \" data-track-category=\"Link no Texto\" data-track-links=\"\">O aplicativo deve ser usado pelos trabalhadores que forem Microempreendedores Individuais (MEIs), trabalhadores informais sem registro e contribuintes individuais do INSS.\u00a0<strong>Aqueles que j\u00e1 recebem o Bolsa Fam\u00edlia, ou que est\u00e3o inscritos no Cadastro \u00danico, n\u00e3o precisam se inscrever pelo aplicativo<\/strong>. O pagamento ser\u00e1 feito automaticamente. (<a href=\"https:\/\/g1.globo.com\/economia\/noticia\/2020\/04\/01\/como-saber-se-estou-no-cadastro-unico.ghtml\">Clique aqui para ver como saber se voc\u00ea est\u00e1 no Cadastro \u00danico<\/a>)<\/p>\n<\/div>\n<div class=\"mc-column content-text active-extra-styles\" style=\"text-align: justify;\" data-block-type=\"raw\" data-block-weight=\"30\" data-block-id=\"4\">\n<ul class=\"content-unordered-list\">\n<li>Clique aqui para fazer a inscri\u00e7\u00e3o pelo site:<a href=\"https:\/\/auxilio.caixa.gov.br\/#\/inicio\" target=\"_blank\" rel=\"noopener noreferrer\">\u00a0https:\/\/auxilio.caixa.gov.br\/#\/inicio<\/a><\/li>\n<li>Clique aqui para baixar o aplicativo para celulares Android:\u00a0<a href=\"https:\/\/play.google.com\/store\/apps\/details?id=br.gov.caixa.auxilio\" target=\"_blank\" rel=\"noopener noreferrer\">https:\/\/play.google.com\/store\/apps\/details?id=br.gov.caixa.auxilio<\/a><\/li>\n<li>Clique aqui para baixar o aplicativo para iOS (celulares Apple):\u00a0<a href=\"https:\/\/apps.apple.com\/br\/app\/caixa-aux%C3%ADlio-emergencial\/id1506494331\" target=\"_blank\" rel=\"noopener noreferrer\">https:\/\/apps.apple.com\/br\/app\/caixa-aux%C3%ADlio-emergencial\/id1506494331<\/a><\/li>\n<\/ul>\n<\/div>\n<div class=\"mc-column content-text active-extra-styles \" style=\"text-align: justify;\" data-block-type=\"unstyled\" data-block-weight=\"40\" data-block-id=\"5\">\n<p class=\"content-text__container \" data-track-category=\"Link no Texto\" data-track-links=\"\">A Caixa tamb\u00e9m disponibilizou o\u00a0<strong>telefone 111<\/strong>\u00a0para tirar d\u00favidas dos trabalhadores sobre o aux\u00edlio emergencial.\u00a0<strong>N\u00e3o ser\u00e1 poss\u00edvel se inscrever pelo telefone, apenas tirar d\u00favidas<\/strong>. Na manh\u00e3 desta ter\u00e7a, o\u00a0<strong>G1<\/strong> tentou contato, mas o sistema estava indispon\u00edvel.<\/p>\n<\/div>\n<div class=\"row medium-uncollapsed content-media content-photo\" style=\"text-align: justify;\" data-block-type=\"backstage-photo\" data-block-id=\"6\">\n<div class=\"mc-column content-media__container\">\n<div class=\"progressive-img can-open-lightbox\" data-min-size=\"1008x476\" data-min-size-url=\"https:\/\/s2.glbimg.com\/-9qMUHZF2U2F7ZoQBSEOnrGGzYE=\/0x0:1243x587\/1008x0\/smart\/filters:strip_icc()\/i.s3.glbimg.com\/v1\/AUTH_59edd422c0c84a879bd37670ae4f538a\/internal_photos\/bs\/2020\/K\/X\/6aBDG1TBWz9MgFwBQQhQ\/captura-de-tela-2020-04-07-as-09.15.16.png\" data-max-size=\"1600x755\" data-max-size-url=\"https:\/\/s2.glbimg.com\/YHndn4ERr_Zjo4Q__JzxS8ZwuzI=\/0x0:1243x587\/1600x0\/smart\/filters:strip_icc()\/i.s3.glbimg.com\/v1\/AUTH_59edd422c0c84a879bd37670ae4f538a\/internal_photos\/bs\/2020\/K\/X\/6aBDG1TBWz9MgFwBQQhQ\/captura-de-tela-2020-04-07-as-09.15.16.png\" data-media-index=\"0\"><picture><source srcset=\"https:\/\/s2.glbimg.com\/ZTlGU6YnLmFZdn64N6HkM4RyNf4=\/0x0:1243x587\/600x0\/smart\/filters:strip_icc()\/i.s3.glbimg.com\/v1\/AUTH_59edd422c0c84a879bd37670ae4f538a\/internal_photos\/bs\/2020\/K\/X\/6aBDG1TBWz9MgFwBQQhQ\/captura-de-tela-2020-04-07-as-09.15.16.png 1x, https:\/\/s2.glbimg.com\/fXh04S0IbAPSCDo0YzlwZFBQKwE=\/0x0:1243x587\/1200x0\/smart\/filters:strip_icc()\/i.s3.glbimg.com\/v1\/AUTH_59edd422c0c84a879bd37670ae4f538a\/internal_photos\/bs\/2020\/K\/X\/6aBDG1TBWz9MgFwBQQhQ\/captura-de-tela-2020-04-07-as-09.15.16.png 2x\" media=\"(max-width: 1024px)\" data-src=\"https:\/\/s2.glbimg.com\/ZTlGU6YnLmFZdn64N6HkM4RyNf4=\/0x0:1243x587\/600x0\/smart\/filters:strip_icc()\/i.s3.glbimg.com\/v1\/AUTH_59edd422c0c84a879bd37670ae4f538a\/internal_photos\/bs\/2020\/K\/X\/6aBDG1TBWz9MgFwBQQhQ\/captura-de-tela-2020-04-07-as-09.15.16.png 1x, https:\/\/s2.glbimg.com\/fXh04S0IbAPSCDo0YzlwZFBQKwE=\/0x0:1243x587\/1200x0\/smart\/filters:strip_icc()\/i.s3.glbimg.com\/v1\/AUTH_59edd422c0c84a879bd37670ae4f538a\/internal_photos\/bs\/2020\/K\/X\/6aBDG1TBWz9MgFwBQQhQ\/captura-de-tela-2020-04-07-as-09.15.16.png 2x\" \/><source srcset=\"https:\/\/s2.glbimg.com\/soX_TLzhPvDGQ7EnBwllA5WdI6o=\/0x0:1243x587\/640x0\/smart\/filters:strip_icc()\/i.s3.glbimg.com\/v1\/AUTH_59edd422c0c84a879bd37670ae4f538a\/internal_photos\/bs\/2020\/K\/X\/6aBDG1TBWz9MgFwBQQhQ\/captura-de-tela-2020-04-07-as-09.15.16.png 1x, https:\/\/s2.glbimg.com\/ysS7Y1cBz0XDQ8EP4Bc5MTeRPys=\/0x0:1243x587\/1280x0\/smart\/filters:strip_icc()\/i.s3.glbimg.com\/v1\/AUTH_59edd422c0c84a879bd37670ae4f538a\/internal_photos\/bs\/2020\/K\/X\/6aBDG1TBWz9MgFwBQQhQ\/captura-de-tela-2020-04-07-as-09.15.16.png 2x\" media=\"(max-width: 1280px)\" data-src=\"https:\/\/s2.glbimg.com\/soX_TLzhPvDGQ7EnBwllA5WdI6o=\/0x0:1243x587\/640x0\/smart\/filters:strip_icc()\/i.s3.glbimg.com\/v1\/AUTH_59edd422c0c84a879bd37670ae4f538a\/internal_photos\/bs\/2020\/K\/X\/6aBDG1TBWz9MgFwBQQhQ\/captura-de-tela-2020-04-07-as-09.15.16.png 1x, https:\/\/s2.glbimg.com\/ysS7Y1cBz0XDQ8EP4Bc5MTeRPys=\/0x0:1243x587\/1280x0\/smart\/filters:strip_icc()\/i.s3.glbimg.com\/v1\/AUTH_59edd422c0c84a879bd37670ae4f538a\/internal_photos\/bs\/2020\/K\/X\/6aBDG1TBWz9MgFwBQQhQ\/captura-de-tela-2020-04-07-as-09.15.16.png 2x\" \/><source srcset=\"https:\/\/s2.glbimg.com\/gIeOUn0PCpg5cdCaxMvm5CHur4g=\/0x0:1243x587\/984x0\/smart\/filters:strip_icc()\/i.s3.glbimg.com\/v1\/AUTH_59edd422c0c84a879bd37670ae4f538a\/internal_photos\/bs\/2020\/K\/X\/6aBDG1TBWz9MgFwBQQhQ\/captura-de-tela-2020-04-07-as-09.15.16.png 1x, https:\/\/s2.glbimg.com\/10mQuiM_nL9_DpwwoTqH88_yQ6w=\/0x0:1243x587\/1968x0\/smart\/filters:strip_icc()\/i.s3.glbimg.com\/v1\/AUTH_59edd422c0c84a879bd37670ae4f538a\/internal_photos\/bs\/2020\/K\/X\/6aBDG1TBWz9MgFwBQQhQ\/captura-de-tela-2020-04-07-as-09.15.16.png 2x\" media=\"(max-width: 1360px)\" data-src=\"https:\/\/s2.glbimg.com\/gIeOUn0PCpg5cdCaxMvm5CHur4g=\/0x0:1243x587\/984x0\/smart\/filters:strip_icc()\/i.s3.glbimg.com\/v1\/AUTH_59edd422c0c84a879bd37670ae4f538a\/internal_photos\/bs\/2020\/K\/X\/6aBDG1TBWz9MgFwBQQhQ\/captura-de-tela-2020-04-07-as-09.15.16.png 1x, https:\/\/s2.glbimg.com\/10mQuiM_nL9_DpwwoTqH88_yQ6w=\/0x0:1243x587\/1968x0\/smart\/filters:strip_icc()\/i.s3.glbimg.com\/v1\/AUTH_59edd422c0c84a879bd37670ae4f538a\/internal_photos\/bs\/2020\/K\/X\/6aBDG1TBWz9MgFwBQQhQ\/captura-de-tela-2020-04-07-as-09.15.16.png 2x\" \/><source srcset=\"https:\/\/s2.glbimg.com\/yVeoB7kWAz3BAbkmt7kvYlsgLpM=\/0x0:1243x587\/1000x0\/smart\/filters:strip_icc()\/i.s3.glbimg.com\/v1\/AUTH_59edd422c0c84a879bd37670ae4f538a\/internal_photos\/bs\/2020\/K\/X\/6aBDG1TBWz9MgFwBQQhQ\/captura-de-tela-2020-04-07-as-09.15.16.png 1x, https:\/\/s2.glbimg.com\/CdIp2IN67-Pa6JYKq2uYif-ttYw=\/0x0:1243x587\/2000x0\/smart\/filters:strip_icc()\/i.s3.glbimg.com\/v1\/AUTH_59edd422c0c84a879bd37670ae4f538a\/internal_photos\/bs\/2020\/K\/X\/6aBDG1TBWz9MgFwBQQhQ\/captura-de-tela-2020-04-07-as-09.15.16.png 2x\" media=\"(min-width: 1361px)\" data-src=\"https:\/\/s2.glbimg.com\/yVeoB7kWAz3BAbkmt7kvYlsgLpM=\/0x0:1243x587\/1000x0\/smart\/filters:strip_icc()\/i.s3.glbimg.com\/v1\/AUTH_59edd422c0c84a879bd37670ae4f538a\/internal_photos\/bs\/2020\/K\/X\/6aBDG1TBWz9MgFwBQQhQ\/captura-de-tela-2020-04-07-as-09.15.16.png 1x, https:\/\/s2.glbimg.com\/CdIp2IN67-Pa6JYKq2uYif-ttYw=\/0x0:1243x587\/2000x0\/smart\/filters:strip_icc()\/i.s3.glbimg.com\/v1\/AUTH_59edd422c0c84a879bd37670ae4f538a\/internal_photos\/bs\/2020\/K\/X\/6aBDG1TBWz9MgFwBQQhQ\/captura-de-tela-2020-04-07-as-09.15.16.png 2x\" \/><source srcset=\"https:\/\/s2.glbimg.com\/gIeOUn0PCpg5cdCaxMvm5CHur4g=\/0x0:1243x587\/984x0\/smart\/filters:strip_icc()\/i.s3.glbimg.com\/v1\/AUTH_59edd422c0c84a879bd37670ae4f538a\/internal_photos\/bs\/2020\/K\/X\/6aBDG1TBWz9MgFwBQQhQ\/captura-de-tela-2020-04-07-as-09.15.16.png\" data-src=\"https:\/\/s2.glbimg.com\/gIeOUn0PCpg5cdCaxMvm5CHur4g=\/0x0:1243x587\/984x0\/smart\/filters:strip_icc()\/i.s3.glbimg.com\/v1\/AUTH_59edd422c0c84a879bd37670ae4f538a\/internal_photos\/bs\/2020\/K\/X\/6aBDG1TBWz9MgFwBQQhQ\/captura-de-tela-2020-04-07-as-09.15.16.png\" \/><img decoding=\"async\" class=\"image content-media__image progressive-loaded\" title=\"P\u00e1gina de abertura - solicita\u00e7\u00e3o de aux\u00edlio emergencial de R$ 600 \u2014 Foto: Reprodu\u00e7\u00e3o\" src=\"https:\/\/s2.glbimg.com\/gIeOUn0PCpg5cdCaxMvm5CHur4g=\/0x0:1243x587\/984x0\/smart\/filters:strip_icc()\/i.s3.glbimg.com\/v1\/AUTH_59edd422c0c84a879bd37670ae4f538a\/internal_photos\/bs\/2020\/K\/X\/6aBDG1TBWz9MgFwBQQhQ\/captura-de-tela-2020-04-07-as-09.15.16.png\" alt=\"P\u00e1gina de abertura - solicita\u00e7\u00e3o de aux\u00edlio emergencial de R$ 600 \u2014 Foto: Reprodu\u00e7\u00e3o\" data-src=\"https:\/\/s2.glbimg.com\/gIeOUn0PCpg5cdCaxMvm5CHur4g=\/0x0:1243x587\/984x0\/smart\/filters:strip_icc()\/i.s3.glbimg.com\/v1\/AUTH_59edd422c0c84a879bd37670ae4f538a\/internal_photos\/bs\/2020\/K\/X\/6aBDG1TBWz9MgFwBQQhQ\/captura-de-tela-2020-04-07-as-09.15.16.png\" \/><\/picture><\/div>\n<p class=\"content-media__description \">P\u00e1gina de abertura &#8211; solicita\u00e7\u00e3o de aux\u00edlio emergencial de R$ 600 \u2014 Foto: Reprodu\u00e7\u00e3o<\/p>\n<\/div>\n<\/div>\n<div class=\"mc-column content-text active-extra-styles \" style=\"text-align: justify;\" data-block-type=\"unstyled\" data-block-weight=\"10\" data-block-id=\"8\">\n<p class=\"content-text__container \" data-track-category=\"Link no Texto\" data-track-links=\"\">O benef\u00edcio ser\u00e1 pago a trabalhadores\u00a0<strong>informais, aut\u00f4nomos e MEIs.<\/strong><\/p>\n<\/div>\n<div class=\"mc-column content-text active-extra-styles\" style=\"text-align: justify;\" data-block-type=\"raw\" data-block-weight=\"16\" data-block-id=\"9\">\n<ul class=\"content-unordered-list\">\n<li><a href=\"https:\/\/g1.globo.com\/economia\/noticia\/2020\/03\/27\/quem-deve-ter-direito-e-como-deve-funcionar-o-auxilio-de-r-600-para-trabalhadores-informais.ghtml\">Aux\u00edlio emergencial: quem tem direito e como funcionar a ajuda de R$ 600 para trabalhadores informais<\/a><\/li>\n<\/ul>\n<\/div>\n<div class=\"mc-column content-text active-extra-styles \" style=\"text-align: justify;\" data-block-type=\"unstyled\" data-block-weight=\"9\" data-block-id=\"10\">\n<p class=\"content-text__container \" data-track-category=\"Link no Texto\" data-track-links=\"\"><strong>Ser\u00e1 preciso se enquadrar em uma das condi\u00e7\u00f5es abaixo:<\/strong><\/p>\n<\/div>\n<div class=\"mc-column content-text active-extra-styles\" style=\"text-align: justify;\" data-block-type=\"raw\" data-block-weight=\"69\" data-block-id=\"11\">\n<ul class=\"content-unordered-list\">\n<li>ser titular de pessoa jur\u00eddica (Micro Empreendedor Individual, ou MEI);<\/li>\n<li>estar inscrito Cadastro \u00danico (Cad\u00danico) para Programas Sociais do Governo Federal at\u00e9 o \u00faltimo dia dia 20 de mar\u00e7o;<\/li>\n<li>cumprir o requisito de renda m\u00e9dia (renda mensal de at\u00e9 meio sal\u00e1rio m\u00ednimo por pessoa, e de at\u00e9 3 sal\u00e1rios m\u00ednimos por fam\u00edlia) at\u00e9 20 de mar\u00e7o de 2020;<\/li>\n<li>ser contribuinte individual ou facultativo do Regime Geral de Previd\u00eancia Social.<\/li>\n<\/ul>\n<\/div>\n<div class=\"mc-column content-text active-extra-styles \" style=\"text-align: justify;\" data-block-type=\"unstyled\" data-block-weight=\"6\" data-block-id=\"12\">\n<p class=\"content-text__container \" data-track-category=\"Link no Texto\" data-track-links=\"\"><strong>Al\u00e9m disso, todos os benefici\u00e1rios dever\u00e3o:<\/strong><\/p>\n<\/div>\n<div class=\"mc-column content-text active-extra-styles\" style=\"text-align: justify;\" data-block-type=\"raw\" data-block-weight=\"65\" data-block-id=\"13\">\n<ul class=\"content-unordered-list\">\n<li>ter mais de 18 anos de idade;<\/li>\n<li>ter renda mensal de at\u00e9 meio sal\u00e1rio m\u00ednimo por pessoa (R$ 522,50);<\/li>\n<li>ter renda mensal at\u00e9 3 sal\u00e1rios m\u00ednimos (R$ 3.135) por fam\u00edlia;<\/li>\n<li>n\u00e3o ter recebido rendimentos tribut\u00e1veis acima de R$ 28.559,70 em 2018.<\/li>\n<li>A mulher que for m\u00e3e e chefe de fam\u00edlia, e estiver dentro dos demais crit\u00e9rios, poder\u00e1 receber R$ 1,2 mil (duas cotas) por m\u00eas.<\/li>\n<\/ul>\n<\/div>\n<div data-track-category=\"multicontent\" data-track-action=\"ultimo chunk conteudo\" data-track-noninteraction=\"false\" data-track-scroll=\"view\">\n<div class=\"mc-column content-text active-extra-styles \" data-block-type=\"unstyled\" data-block-weight=\"24\" data-block-id=\"14\">\n<p class=\"content-text__container \" style=\"text-align: justify;\" data-track-category=\"Link no Texto\" data-track-links=\"\">Na renda familiar, ser\u00e3o considerados todos os rendimentos obtidos por todos os membros que moram na mesma resid\u00eancia, exceto o dinheiro do Bolsa Fam\u00edlia.<\/p>\n<p style=\"text-align: justify;\" data-track-category=\"Link no Texto\" data-track-links=\"\">Fonte: https:\/\/g1.globo.com\/economia\/noticia\/2020\/04\/07\/caixa-lanca-site-para-solicitar-auxilio-de-r-600.ghtml<\/p>\n<\/div>\n<\/div>\n<\/div>\n","protected":false},"excerpt":{"rendered":"<p>Ter\u00e3o direito ao benef\u00edcio, que ser\u00e1 pago por at\u00e9 tr\u00eas meses, trabalhadores informais, desempregados, MEIs e contribuintes individuais do INSS, que cumpram requisito de renda m\u00e9dia. A Caixa Econ\u00f4mica Federal disponibilizou nesta ter\u00e7a-feira (7) o site e o aplicativo por meio do qual informais, aut\u00f4nomos e MEIs podem solicitar o aux\u00edlio emergencial de R$ 600. [&hellip;]<\/p>\n","protected":false},"author":1,"featured_media":23216,"comment_status":"closed","ping_status":"open","sticky":false,"template":"","format":"standard","meta":{"footnotes":""},"categories":[110,116],"tags":[],"class_list":["post-23215","post","type-post","status-publish","format-standard","has-post-thumbnail","hentry","category-noticiasdestaque","category-politicaeeconomia"],"_links":{"self":[{"href":"https:\/\/jorgezanoni.com.br\/2019\/wp-json\/wp\/v2\/posts\/23215","targetHints":{"allow":["GET"]}}],"collection":[{"href":"https:\/\/jorgezanoni.com.br\/2019\/wp-json\/wp\/v2\/posts"}],"about":[{"href":"https:\/\/jorgezanoni.com.br\/2019\/wp-json\/wp\/v2\/types\/post"}],"author":[{"embeddable":true,"href":"https:\/\/jorgezanoni.com.br\/2019\/wp-json\/wp\/v2\/users\/1"}],"replies":[{"embeddable":true,"href":"https:\/\/jorgezanoni.com.br\/2019\/wp-json\/wp\/v2\/comments?post=23215"}],"version-history":[{"count":0,"href":"https:\/\/jorgezanoni.com.br\/2019\/wp-json\/wp\/v2\/posts\/23215\/revisions"}],"wp:featuredmedia":[{"embeddable":true,"href":"https:\/\/jorgezanoni.com.br\/2019\/wp-json\/wp\/v2\/media\/23216"}],"wp:attachment":[{"href":"https:\/\/jorgezanoni.com.br\/2019\/wp-json\/wp\/v2\/media?parent=23215"}],"wp:term":[{"taxonomy":"category","embeddable":true,"href":"https:\/\/jorgezanoni.com.br\/2019\/wp-json\/wp\/v2\/categories?post=23215"},{"taxonomy":"post_tag","embeddable":true,"href":"https:\/\/jorgezanoni.com.br\/2019\/wp-json\/wp\/v2\/tags?post=23215"}],"curies":[{"name":"wp","href":"https:\/\/api.w.org\/{rel}","templated":true}]}}