{"id":23207,"date":"2020-04-06T23:27:41","date_gmt":"2020-04-06T23:27:41","guid":{"rendered":"https:\/\/jorgezanoni.com.br\/2019\/?p=23207"},"modified":"2020-04-06T23:27:41","modified_gmt":"2020-04-06T23:27:41","slug":"bugalho-diz-que-presidente-prudente-seguira-decreto-estadual-de-prorrogacao-de-quarentena-ate-22-de-abril","status":"publish","type":"post","link":"https:\/\/jorgezanoni.com.br\/2019\/bugalho-diz-que-presidente-prudente-seguira-decreto-estadual-de-prorrogacao-de-quarentena-ate-22-de-abril\/","title":{"rendered":"Bugalho diz que Presidente Prudente seguir\u00e1 decreto estadual de prorroga\u00e7\u00e3o de quarentena at\u00e9 22 de abril"},"content":{"rendered":"<h2 class=\"content-head__subtitle\" style=\"text-align: justify;\"><strong>Prefeito fez a declara\u00e7\u00e3o em uma rede social nesta segunda-feira (6). Munic\u00edpio aguarda resposta do Estado de proposta para abertura de com\u00e9rcio com atendimento individual agendado.<\/strong><\/h2>\n<div style=\"width: 696px;\" class=\"wp-video\"><video class=\"wp-video-shortcode\" id=\"video-23207-1\" width=\"696\" height=\"392\" preload=\"metadata\" controls=\"controls\"><source type=\"video\/mp4\" src=\"https:\/\/jorgezanoni.com.br\/2019\/wp-content\/uploads\/2020\/04\/WhatsApp-Video-2020-04-06-at-19.57.53.mp4?_=1\" \/><a href=\"https:\/\/jorgezanoni.com.br\/2019\/wp-content\/uploads\/2020\/04\/WhatsApp-Video-2020-04-06-at-19.57.53.mp4\">https:\/\/jorgezanoni.com.br\/2019\/wp-content\/uploads\/2020\/04\/WhatsApp-Video-2020-04-06-at-19.57.53.mp4<\/a><\/video><\/div>\n<p>Video de Internauta<\/p>\n<div class=\"mc-column content-text active-extra-styles \" data-block-type=\"unstyled\" data-block-weight=\"36\" data-block-id=\"2\">\n<p class=\"content-text__container \" style=\"text-align: justify;\" data-track-category=\"Link no Texto\" data-track-links=\"\">Em pronunciamento em uma rede social na tarde desta segunda-feira (6), o prefeito Nelson Roberto Bugalho (PSDB) afirmou que\u00a0<a href=\"https:\/\/g1.globo.com\/sp\/presidente-prudente-regiao\/cidade\/presidente-prudente\/\">Presidente Prudente<\/a>\u00a0vai seguir o decreto estadual de prorroga\u00e7\u00e3o da quarentena at\u00e9 o dia 22 de abril.<\/p>\n<\/div>\n<div class=\"wall protected-content\">\n<div class=\"mc-column content-text active-extra-styles \" style=\"text-align: justify;\" data-block-type=\"unstyled\" data-block-weight=\"27\" data-block-id=\"3\">\n<p class=\"content-text__container \" data-track-category=\"Link no Texto\" data-track-links=\"\">A\u00a0<a href=\"https:\/\/g1.globo.com\/sp\/sao-paulo\/noticia\/2020\/04\/06\/doria-prorroga-quarentena-em-sp-ate-22-de-abril.ghtml\">amplia\u00e7\u00e3o da quarentena foi anunciada pelo governador Jo\u00e3o Doria (PSDB)<\/a>\u00a0e tomada como forma de conter o avan\u00e7o do novo coronav\u00edrus no Estado de S\u00e3o Paulo.<\/p>\n<\/div>\n<div class=\"mc-column content-text active-extra-styles\" style=\"text-align: justify;\" data-block-type=\"raw\" data-block-weight=\"70\" data-block-id=\"4\">\n<blockquote class=\"content-blockquote theme-border-color-primary-before\"><p>\u201cAcompanhamos agora no final da manh\u00e3 o pronunciamento do governador Jo\u00e3o Doria a respeito da prorroga\u00e7\u00e3o da quarentena em todo o Estado de S\u00e3o Paulo at\u00e9 o dia 22 de abril. Portanto, os 645 munic\u00edpios do Estado est\u00e3o em quarentena e isso n\u00e3o \u00e9 uma op\u00e7\u00e3o, \u00e9 uma obriga\u00e7\u00e3o. Todos n\u00f3s temos o dever constitucional de observar essa determina\u00e7\u00e3o que vem do governo do Estado de S\u00e3o Paulo\u201d, declarou Bugalho.<\/p><\/blockquote>\n<\/div>\n<div class=\"mc-column content-text active-extra-styles \" style=\"text-align: justify;\" data-block-type=\"unstyled\" data-block-weight=\"33\" data-block-id=\"5\">\n<p class=\"content-text__container \" data-track-category=\"Link no Texto\" data-track-links=\"\">O prefeito tamb\u00e9m afirmou que apresentou uma proposta ao Estado de permitir que comerciantes e prestadores de servi\u00e7o realizem atendimento individual e agendado, desde que obedecidas todas as normas de higiene e controle.<\/p>\n<\/div>\n<div class=\"mc-column content-text active-extra-styles \" style=\"text-align: justify;\" data-block-type=\"unstyled\" data-block-weight=\"87\" data-block-id=\"6\">\n<p class=\"content-text__container \" data-track-category=\"Link no Texto\" data-track-links=\"\">\u201cEu quero dizer tamb\u00e9m que o governo de S\u00e3o Paulo vem interpretando esse decreto do governador \u00e0 medida em que as demandas v\u00e3o aparecendo e uma das demandas, que foi levada por mim ao governo do Estado de S\u00e3o Paulo, foi a libera\u00e7\u00e3o para que os prestadores de servi\u00e7o e o com\u00e9rcio possam fazer o atendimento presencial individual, mediante pr\u00e9vio agendamento. Ainda n\u00e3o obtivemos a resposta a esse respeito, mas estamos aguardando. Portando, a ordem \u00e9 quarentena at\u00e9 o dia 22 de abril pr\u00f3ximo&#8221;, afirmou o prefeito.<\/p>\n<\/div>\n<div class=\"mc-column content-text active-extra-styles \" style=\"text-align: justify;\" data-block-type=\"unstyled\" data-block-weight=\"29\" data-block-id=\"8\">\n<p class=\"content-text__container \" data-track-category=\"Link no Texto\" data-track-links=\"\">O chefe do Poder Executivo prudentino ainda comentou sobre os dados atuais da situa\u00e7\u00e3o do novo coronav\u00edrus no munic\u00edpio,\u00a0<a href=\"https:\/\/g1.globo.com\/sp\/presidente-prudente-regiao\/noticia\/2020\/04\/06\/presidente-prudente-registra-mais-duas-mortes-suspeitas-por-covid-19-vitimas-sao-homens-de-36-e-61-anos.ghtml\">destacando cinco mortes suspeitas por Covid-19 nas \u00faltimas 24 horas<\/a>.<\/p>\n<\/div>\n<div class=\"mc-column content-text active-extra-styles \" data-block-type=\"unstyled\" data-block-weight=\"76\" data-block-id=\"9\">\n<p class=\"content-text__container \" style=\"text-align: justify;\" data-track-category=\"Link no Texto\" data-track-links=\"\">\u201cPortanto, pessoal, vamos ficar em casa. A gente s\u00f3 sai de casa quando for absolutamente necess\u00e1rio e, ainda assim, tomando todos os cuidados poss\u00edveis, como, por exemplo, usando m\u00e1scaras. Esta \u00e9 uma atitude que n\u00f3s temos que adotar, essa quarentena \u00e9 s\u00e9ria e isso tudo est\u00e1 sendo feito para proteger a sa\u00fade e a vida das pessoas da sua fam\u00edlia, da minha fam\u00edlia, por isso, apesar de todas as dificuldades, vamos ficar em casa\u201d, concluiu Bugalho.<\/p>\n<p style=\"text-align: justify;\" data-track-category=\"Link no Texto\" data-track-links=\"\">Fonte: G1<\/p>\n<\/div>\n<\/div>\n","protected":false},"excerpt":{"rendered":"<p>Prefeito fez a declara\u00e7\u00e3o em uma rede social nesta segunda-feira (6). Munic\u00edpio aguarda resposta do Estado de proposta para abertura de com\u00e9rcio com atendimento individual agendado. Video de Internauta Em pronunciamento em uma rede social na tarde desta segunda-feira (6), o prefeito Nelson Roberto Bugalho (PSDB) afirmou que\u00a0Presidente Prudente\u00a0vai seguir o decreto estadual de prorroga\u00e7\u00e3o [&hellip;]<\/p>\n","protected":false},"author":1,"featured_media":23209,"comment_status":"closed","ping_status":"open","sticky":false,"template":"","format":"video","meta":{"footnotes":""},"categories":[169],"tags":[],"class_list":["post-23207","post","type-post","status-publish","format-video","has-post-thumbnail","hentry","category-videos","post_format-post-format-video"],"_links":{"self":[{"href":"https:\/\/jorgezanoni.com.br\/2019\/wp-json\/wp\/v2\/posts\/23207","targetHints":{"allow":["GET"]}}],"collection":[{"href":"https:\/\/jorgezanoni.com.br\/2019\/wp-json\/wp\/v2\/posts"}],"about":[{"href":"https:\/\/jorgezanoni.com.br\/2019\/wp-json\/wp\/v2\/types\/post"}],"author":[{"embeddable":true,"href":"https:\/\/jorgezanoni.com.br\/2019\/wp-json\/wp\/v2\/users\/1"}],"replies":[{"embeddable":true,"href":"https:\/\/jorgezanoni.com.br\/2019\/wp-json\/wp\/v2\/comments?post=23207"}],"version-history":[{"count":0,"href":"https:\/\/jorgezanoni.com.br\/2019\/wp-json\/wp\/v2\/posts\/23207\/revisions"}],"wp:featuredmedia":[{"embeddable":true,"href":"https:\/\/jorgezanoni.com.br\/2019\/wp-json\/wp\/v2\/media\/23209"}],"wp:attachment":[{"href":"https:\/\/jorgezanoni.com.br\/2019\/wp-json\/wp\/v2\/media?parent=23207"}],"wp:term":[{"taxonomy":"category","embeddable":true,"href":"https:\/\/jorgezanoni.com.br\/2019\/wp-json\/wp\/v2\/categories?post=23207"},{"taxonomy":"post_tag","embeddable":true,"href":"https:\/\/jorgezanoni.com.br\/2019\/wp-json\/wp\/v2\/tags?post=23207"}],"curies":[{"name":"wp","href":"https:\/\/api.w.org\/{rel}","templated":true}]}}