{"id":23202,"date":"2020-04-06T23:10:34","date_gmt":"2020-04-06T23:10:34","guid":{"rendered":"https:\/\/jorgezanoni.com.br\/2019\/?p=23202"},"modified":"2020-04-06T23:10:34","modified_gmt":"2020-04-06T23:10:34","slug":"prefeito-de-mirandopolis-decreta-reabertura-do-comercio-a-partir-de-quarta-feira-com-restricoes","status":"publish","type":"post","link":"https:\/\/jorgezanoni.com.br\/2019\/prefeito-de-mirandopolis-decreta-reabertura-do-comercio-a-partir-de-quarta-feira-com-restricoes\/","title":{"rendered":"Prefeito de Mirand\u00f3polis decreta reabertura do com\u00e9rcio a partir de quarta-feira com restri\u00e7\u00f5es"},"content":{"rendered":"<p style=\"text-align: justify;\">O Prefeito Everton Sodario acaba de determinar a reabertura do com\u00e9rcio do munic\u00edpio a partir de quarta feira, seguindo as normas sanit\u00e1rias. A Prefeitura continua ativa no combate ao coronav\u00edrus no munic\u00edpio!<\/p>\n<div id=\"fb-root\"><\/div>\n<p><script async=\"1\" defer=\"1\" crossorigin=\"anonymous\" src=\"https:\/\/connect.facebook.net\/en_US\/sdk.js#xfbml=1&amp;version=v6.0\"><\/script><\/p>\n<div class=\"fb-video\" data-href=\"https:\/\/www.facebook.com\/evertonsodario\/videos\/228176725260010\/\" data-width=\"696\">\n<blockquote cite=\"https:\/\/www.facebook.com\/evertonsodario\/videos\/228176725260010\/\" class=\"fb-xfbml-parse-ignore\"><p><a href=\"https:\/\/www.facebook.com\/evertonsodario\/videos\/228176725260010\/\"><\/a><\/p>\n<p>An\u00fancio oficial sobre a reabertura do Com\u00e9rcio de Mirand\u00f3polis!<\/p>\n<p>Posted by <a href=\"https:\/\/www.facebook.com\/evertonsodario\/\">Everton Sodario<\/a> on Monday, April 6, 2020<\/p><\/blockquote>\n<\/div>\n<p style=\"text-align: justify;\"><img loading=\"lazy\" decoding=\"async\" class=\"alignnone size-full wp-image-23203\" src=\"https:\/\/jorgezanoni.com.br\/2019\/wp-content\/uploads\/2020\/04\/decreto-1.jpg\" alt=\"\" width=\"680\" height=\"960\" srcset=\"https:\/\/jorgezanoni.com.br\/2019\/wp-content\/uploads\/2020\/04\/decreto-1.jpg 680w, https:\/\/jorgezanoni.com.br\/2019\/wp-content\/uploads\/2020\/04\/decreto-1-213x300.jpg 213w, https:\/\/jorgezanoni.com.br\/2019\/wp-content\/uploads\/2020\/04\/decreto-1-298x420.jpg 298w\" sizes=\"auto, (max-width: 680px) 100vw, 680px\" \/> <img loading=\"lazy\" decoding=\"async\" class=\"alignnone size-full wp-image-23204\" src=\"https:\/\/jorgezanoni.com.br\/2019\/wp-content\/uploads\/2020\/04\/decreto1.jpg\" alt=\"\" width=\"674\" height=\"960\" srcset=\"https:\/\/jorgezanoni.com.br\/2019\/wp-content\/uploads\/2020\/04\/decreto1.jpg 674w, https:\/\/jorgezanoni.com.br\/2019\/wp-content\/uploads\/2020\/04\/decreto1-211x300.jpg 211w, https:\/\/jorgezanoni.com.br\/2019\/wp-content\/uploads\/2020\/04\/decreto1-295x420.jpg 295w\" sizes=\"auto, (max-width: 674px) 100vw, 674px\" \/><\/p>\n<p>https:\/\/www.facebook.com\/prefeituramirandopolis\/<\/p>\n","protected":false},"excerpt":{"rendered":"<p>O Prefeito Everton Sodario acaba de determinar a reabertura do com\u00e9rcio do munic\u00edpio a partir de quarta feira, seguindo as normas sanit\u00e1rias. A Prefeitura continua ativa no combate ao coronav\u00edrus no munic\u00edpio! An\u00fancio oficial sobre a reabertura do Com\u00e9rcio de Mirand\u00f3polis! Posted by Everton Sodario on Monday, April 6, 2020 https:\/\/www.facebook.com\/prefeituramirandopolis\/<\/p>\n","protected":false},"author":1,"featured_media":23205,"comment_status":"closed","ping_status":"open","sticky":false,"template":"","format":"video","meta":{"footnotes":""},"categories":[169],"tags":[],"class_list":["post-23202","post","type-post","status-publish","format-video","has-post-thumbnail","hentry","category-videos","post_format-post-format-video"],"_links":{"self":[{"href":"https:\/\/jorgezanoni.com.br\/2019\/wp-json\/wp\/v2\/posts\/23202","targetHints":{"allow":["GET"]}}],"collection":[{"href":"https:\/\/jorgezanoni.com.br\/2019\/wp-json\/wp\/v2\/posts"}],"about":[{"href":"https:\/\/jorgezanoni.com.br\/2019\/wp-json\/wp\/v2\/types\/post"}],"author":[{"embeddable":true,"href":"https:\/\/jorgezanoni.com.br\/2019\/wp-json\/wp\/v2\/users\/1"}],"replies":[{"embeddable":true,"href":"https:\/\/jorgezanoni.com.br\/2019\/wp-json\/wp\/v2\/comments?post=23202"}],"version-history":[{"count":0,"href":"https:\/\/jorgezanoni.com.br\/2019\/wp-json\/wp\/v2\/posts\/23202\/revisions"}],"wp:featuredmedia":[{"embeddable":true,"href":"https:\/\/jorgezanoni.com.br\/2019\/wp-json\/wp\/v2\/media\/23205"}],"wp:attachment":[{"href":"https:\/\/jorgezanoni.com.br\/2019\/wp-json\/wp\/v2\/media?parent=23202"}],"wp:term":[{"taxonomy":"category","embeddable":true,"href":"https:\/\/jorgezanoni.com.br\/2019\/wp-json\/wp\/v2\/categories?post=23202"},{"taxonomy":"post_tag","embeddable":true,"href":"https:\/\/jorgezanoni.com.br\/2019\/wp-json\/wp\/v2\/tags?post=23202"}],"curies":[{"name":"wp","href":"https:\/\/api.w.org\/{rel}","templated":true}]}}