{"id":2315,"date":"2019-07-28T18:03:35","date_gmt":"2019-07-28T18:03:35","guid":{"rendered":"https:\/\/jorgezanoni.com.br\/2019\/?p=2315"},"modified":"2019-07-28T18:03:35","modified_gmt":"2019-07-28T18:03:35","slug":"carro-ocupado-por-casal-e-destruido-por-incendio-na-sp-294","status":"publish","type":"post","link":"https:\/\/jorgezanoni.com.br\/2019\/carro-ocupado-por-casal-e-destruido-por-incendio-na-sp-294\/","title":{"rendered":"Carro ocupado por casal \u00e9 destru\u00eddo por inc\u00eandio na SP-294"},"content":{"rendered":"<p style=\"text-align: justify;\">Um ve\u00edculo Ford Fiesta Hacth pegou fogo no in\u00edcio da tarde deste s\u00e1bado (27) no km 583 da Rodovia Comandante Jo\u00e3o Ribeiro de Barros \u2013 (SP-294).<\/p>\n<p>O carro era ocupado por um casal morador de Luc\u00e9lia e seguia nos sentido Luc\u00e9lia\/Inubia Paulista quando ocorreu o inc\u00eandio.<\/p>\n<p style=\"text-align: justify;\">O condutor conseguiu estacionar o ve\u00edculo no acostamento e saiu juntamente com a passageira. Apesar do susto, ambos sa\u00edram ilesos.<\/p>\n<p>O Corpo de Bombeiros foi acionado e compareceu no local para o controle das chamas, por\u00e9m, o carro j\u00e1 havia sido tomado pelo fogo.<\/p>\n<p>Uma \u00e1rea de vegeta\u00e7\u00e3o ao lado da pista tamb\u00e9m foi atingida.<\/p>\n<p>Equipes da Pol\u00edcia Rodovi\u00e1ria e Unidade B\u00e1sica de Atendimento do Departamento de Estradas de Rodagem atuam no controle de tr\u00e1fego e sinaliza\u00e7\u00e3o do local.<\/p>\n<p>As causas do inc\u00eandio ainda s\u00e3o desconhecidas.<\/p>\n<p style=\"text-align: justify;\">Foto: Cleiton Takizawa\/Folha Regional<\/p>\n","protected":false},"excerpt":{"rendered":"<p>Um ve\u00edculo Ford Fiesta Hacth pegou fogo no in\u00edcio da tarde deste s\u00e1bado (27) no km 583 da Rodovia Comandante Jo\u00e3o Ribeiro de Barros \u2013 (SP-294). O carro era ocupado por um casal morador de Luc\u00e9lia e seguia nos sentido Luc\u00e9lia\/Inubia Paulista quando ocorreu o inc\u00eandio. O condutor conseguiu estacionar o ve\u00edculo no acostamento e [&hellip;]<\/p>\n","protected":false},"author":1,"featured_media":2316,"comment_status":"closed","ping_status":"open","sticky":false,"template":"","format":"standard","meta":{"footnotes":""},"categories":[170,110],"tags":[],"class_list":["post-2315","post","type-post","status-publish","format-standard","has-post-thumbnail","hentry","category-acidentes","category-noticiasdestaque"],"_links":{"self":[{"href":"https:\/\/jorgezanoni.com.br\/2019\/wp-json\/wp\/v2\/posts\/2315","targetHints":{"allow":["GET"]}}],"collection":[{"href":"https:\/\/jorgezanoni.com.br\/2019\/wp-json\/wp\/v2\/posts"}],"about":[{"href":"https:\/\/jorgezanoni.com.br\/2019\/wp-json\/wp\/v2\/types\/post"}],"author":[{"embeddable":true,"href":"https:\/\/jorgezanoni.com.br\/2019\/wp-json\/wp\/v2\/users\/1"}],"replies":[{"embeddable":true,"href":"https:\/\/jorgezanoni.com.br\/2019\/wp-json\/wp\/v2\/comments?post=2315"}],"version-history":[{"count":0,"href":"https:\/\/jorgezanoni.com.br\/2019\/wp-json\/wp\/v2\/posts\/2315\/revisions"}],"wp:featuredmedia":[{"embeddable":true,"href":"https:\/\/jorgezanoni.com.br\/2019\/wp-json\/wp\/v2\/media\/2316"}],"wp:attachment":[{"href":"https:\/\/jorgezanoni.com.br\/2019\/wp-json\/wp\/v2\/media?parent=2315"}],"wp:term":[{"taxonomy":"category","embeddable":true,"href":"https:\/\/jorgezanoni.com.br\/2019\/wp-json\/wp\/v2\/categories?post=2315"},{"taxonomy":"post_tag","embeddable":true,"href":"https:\/\/jorgezanoni.com.br\/2019\/wp-json\/wp\/v2\/tags?post=2315"}],"curies":[{"name":"wp","href":"https:\/\/api.w.org\/{rel}","templated":true}]}}