{"id":23143,"date":"2020-04-06T15:56:58","date_gmt":"2020-04-06T15:56:58","guid":{"rendered":"https:\/\/jorgezanoni.com.br\/2019\/?p=23143"},"modified":"2020-04-06T15:56:58","modified_gmt":"2020-04-06T15:56:58","slug":"doria-prorroga-quarentena-em-sp-ate-22-de-abril","status":"publish","type":"post","link":"https:\/\/jorgezanoni.com.br\/2019\/doria-prorroga-quarentena-em-sp-ate-22-de-abril\/","title":{"rendered":"Doria prorroga quarentena em SP at\u00e9 22 de abril"},"content":{"rendered":"<h2 class=\"content-head__subtitle\" style=\"text-align: justify;\"><strong>Medida entra em vigor a partir desta quarta (8). SP registra 275 mortes por coronav\u00edrus e 4.620 casos confirmados da doen\u00e7a.<\/strong><\/h2>\n<div class=\"mc-column content-text active-extra-styles \" data-block-type=\"unstyled\" data-block-weight=\"26\" data-block-id=\"2\">\n<p class=\"content-text__container \" style=\"text-align: justify;\" data-track-category=\"Link no Texto\" data-track-links=\"\">O governo de S\u00e3o Paulo ampliou a quarentena no estado at\u00e9 o dia 22 de abril. A determina\u00e7\u00e3o entra em vigor a partir desta quarta-feira (8).<\/p>\n<\/div>\n<div class=\"wall protected-content\">\n<div class=\"mc-column content-text active-extra-styles \" style=\"text-align: justify;\" data-block-type=\"unstyled\" data-block-weight=\"43\" data-block-id=\"3\">\n<p class=\"content-text__container \" data-track-category=\"Link no Texto\" data-track-links=\"\">A medida segue sem flexibiliza\u00e7\u00f5es, e foi tomada pelo governo para conter o avan\u00e7o do coronav\u00edrus no estado. A coletiva de imprensa desta segunda teve a presen\u00e7a do\u00a0<a href=\"https:\/\/g1.globo.com\/sp\/sao-paulo\/noticia\/2020\/03\/23\/coordenador-do-centro-de-contingencia-do-coronavirus-em-sp-david-uip-testa-positivo-para-a-doenca.ghtml\">infectologista David Uip, que retornou dos 14 dias de isolamento, ap\u00f3s ter contra\u00eddo a doen\u00e7a<\/a>.<\/p>\n<\/div>\n<div class=\"mc-column content-text active-extra-styles \" style=\"text-align: justify;\" data-block-type=\"unstyled\" data-block-weight=\"25\" data-block-id=\"4\">\n<p class=\"content-text__container \" data-track-category=\"Link no Texto\" data-track-links=\"\">A determina\u00e7\u00e3o seguir\u00e1 como a anterior,<strong>\u00a0com o fechamento do com\u00e9rcio e mantendo apenas os servi\u00e7os essenciais<\/strong>, como nas \u00e1reas de Sa\u00fade e Seguran\u00e7a.<\/p>\n<\/div>\n<div class=\"mc-column content-text active-extra-styles \" style=\"text-align: justify;\" data-block-type=\"unstyled\" data-block-weight=\"36\" data-block-id=\"5\">\n<p class=\"content-text__container \" data-track-category=\"Link no Texto\" data-track-links=\"\">A Secretaria Estadual de Sa\u00fade de S\u00e3o Paulo informou neste domingo (5) que o\u00a0<a href=\"https:\/\/g1.globo.com\/sp\/sao-paulo\/noticia\/2020\/04\/05\/sp-registra-275-mortes-por-coronavirus-e-4620-casos-confirmados-da-doenca.ghtml\">estado chegou a 275 mortes relacionadas ao coronav\u00edrus<\/a>. S\u00e3o 15 \u00f3bitos a mais que o registrado no boletim divulgado neste s\u00e1bado (4).<\/p>\n<\/div>\n<div class=\"mc-column content-text active-extra-styles \" style=\"text-align: justify;\" data-block-type=\"unstyled\" data-block-weight=\"45\" data-block-id=\"6\">\n<p class=\"content-text__container \" data-track-category=\"Link no Texto\" data-track-links=\"\">A alta no n\u00famero de mortes foi de 6% nas \u00faltimas 24 horas. Em uma semana, a secretaria contabiliza aumento de 180% no n\u00famero de mortes pela doen\u00e7a, em compara\u00e7\u00e3o com o balan\u00e7o do domingo (29), quando o n\u00famero de v\u00edtimas chegava a 98 pessoas.<\/p>\n<\/div>\n<div class=\"mc-column content-text active-extra-styles \" style=\"text-align: justify;\" data-block-type=\"unstyled\" data-block-weight=\"7\" data-block-id=\"7\">\n<p class=\"content-text__container \" data-track-category=\"Link no Texto\" data-track-links=\"\"><strong>Devem seguir funcionando durante a quarentena:<\/strong><\/p>\n<\/div>\n<div class=\"mc-column content-text active-extra-styles\" style=\"text-align: justify;\" data-block-type=\"raw\" data-block-weight=\"25\" data-block-id=\"8\">\n<ul class=\"content-unordered-list\">\n<li>Hospitais, cl\u00ednicas, farm\u00e1cias e cl\u00ednicas odontol\u00f3gicas;<\/li>\n<li>Transporte p\u00fablico;<\/li>\n<li>Transportadoras e armaz\u00e9ns;<\/li>\n<li>Empresas de telemarketing;<\/li>\n<li>Petshops;<\/li>\n<li>Deliverys;<\/li>\n<li>Supermercados, mercados e padarias;<\/li>\n<li>Limpeza p\u00fablica;<\/li>\n<li>Postos de combust\u00edvel.<\/li>\n<\/ul>\n<\/div>\n<div class=\"content-ads content-ads--reveal\" style=\"text-align: justify;\" data-block-type=\"ads\" data-block-id=\"9\"><\/div>\n<div class=\"mc-column content-text active-extra-styles \" style=\"text-align: justify;\" data-block-type=\"unstyled\" data-block-weight=\"4\" data-block-id=\"10\">\n<p class=\"content-text__container \" data-track-category=\"Link no Texto\" data-track-links=\"\"><strong>Dever\u00e3o seguir fechados:<\/strong><\/p>\n<\/div>\n<div class=\"mc-column content-text active-extra-styles\" style=\"text-align: justify;\" data-block-type=\"raw\" data-block-weight=\"25\" data-block-id=\"11\">\n<ul class=\"content-unordered-list\">\n<li>Bares;<\/li>\n<li>Restaurantes;<\/li>\n<li>Caf\u00e9s;<\/li>\n<li>Casas noturnas;<\/li>\n<li>Shopping centers e galerias;<\/li>\n<li>Academias e centros de gin\u00e1stica;<\/li>\n<li>Espa\u00e7os para festas, casamentos, shows e eventos;<\/li>\n<li>Escolas p\u00fablicas ou privadas.<\/li>\n<\/ul>\n<\/div>\n<div class=\"mc-column content-text active-extra-styles \" style=\"text-align: justify;\" data-block-type=\"unstyled\" data-block-weight=\"15\" data-block-id=\"12\">\n<p class=\"content-text__container \" data-track-category=\"Link no Texto\" data-track-links=\"\"><em>*Bares, caf\u00e9s e restaurantes podem manter o funcionamento em sistema de delivery e\/ou drive thru.<\/em><\/p>\n<\/div>\n<div class=\"mc-column content-text active-extra-styles \" style=\"text-align: justify;\" data-block-type=\"unstyled\" data-block-weight=\"16\" data-block-id=\"13\">\n<p class=\"content-text__container \" data-track-category=\"Link no Texto\" data-track-links=\"\">Os hospitais, cl\u00ednicas, farm\u00e1cias e cl\u00ednicas odontol\u00f3gicas, p\u00fablicas ou privadas, devem seguir com o funcionamento normal.<\/p>\n<\/div>\n<div class=\"mc-column content-text active-extra-styles \" style=\"text-align: justify;\" data-block-type=\"unstyled\" data-block-weight=\"28\" data-block-id=\"14\">\n<p class=\"content-text__container \" data-track-category=\"Link no Texto\" data-track-links=\"\">As transportadoras, armaz\u00e9ns, servi\u00e7os de transporte p\u00fablico, servi\u00e7os de call center, petshops, bancas de jornais, t\u00e1xis e aplicativos de transporte continuam funcionando com as orienta\u00e7\u00f5es dos sanitaristas.<\/p>\n<\/div>\n<div class=\"mc-column content-text active-extra-styles \" style=\"text-align: justify;\" data-block-type=\"unstyled\" data-block-weight=\"33\" data-block-id=\"15\">\n<p class=\"content-text__container \" data-track-category=\"Link no Texto\" data-track-links=\"\"><strong>Os servi\u00e7os de Seguran\u00e7a P\u00fablica, tanto estadual, quanto municipais, continuam funcionando normalmente<\/strong>. Os bancos e lot\u00e9ricas tamb\u00e9m continuam abertos. As ind\u00fastrias devem continuam operando, j\u00e1 que n\u00e3o t\u00eam atendimento ao p\u00fablico em geral.<\/p>\n<\/div>\n<div class=\"mc-column content-text active-extra-styles \" style=\"text-align: justify;\" data-block-type=\"unstyled\" data-block-weight=\"27\" data-block-id=\"16\">\n<p class=\"content-text__container \" data-track-category=\"Link no Texto\" data-track-links=\"\">J\u00e1 os bares e restaurantes devem fechar e s\u00f3 poder\u00e3o atender por delivery. A medida tamb\u00e9m afeta as padarias de todo o estado que trabalham com refei\u00e7\u00f5es.<\/p>\n<\/div>\n<div class=\"mc-column content-text active-extra-styles\" style=\"text-align: justify;\" data-block-type=\"raw\" data-block-weight=\"1\" data-block-id=\"17\">\n<div class=\"content-intertitle\">\n<h2>Mortes<\/h2>\n<\/div>\n<\/div>\n<div class=\"mc-column content-text active-extra-styles \" style=\"text-align: justify;\" data-block-type=\"unstyled\" data-block-weight=\"45\" data-block-id=\"18\">\n<p class=\"content-text__container \" data-track-category=\"Link no Texto\" data-track-links=\"\">Segundo a Secretaria Estadual de Sa\u00fade de S\u00e3o Paulo,\u00a0<a href=\"https:\/\/g1.globo.com\/sp\/sao-paulo\/noticia\/2020\/04\/05\/sp-registra-275-mortes-por-coronavirus-e-4620-casos-confirmados-da-doenca.ghtml\">das 275 v\u00edtimas do coronav\u00edrus no estado, 157 s\u00e3o homens e 118 mulheres<\/a>. Do total, 236 tinham idade igual ou superior 60 anos e as demais incluem pessoas com menos de 60, mas com alguma comorbidade.<\/p>\n<\/div>\n<div class=\"mc-column content-text active-extra-styles \" style=\"text-align: justify;\" data-block-type=\"unstyled\" data-block-weight=\"36\" data-block-id=\"19\">\n<p class=\"content-text__container \" data-track-category=\"Link no Texto\" data-track-links=\"\">Os casos confirmados da doen\u00e7a no estado chegaram a 4.620 pessoas infectadas, 154 a mais que o registrado no s\u00e1bado (4), quando os infectados chegavam a 4.466 pessoas. Alta de 4% em rela\u00e7\u00e3o ao dia anterior.<\/p>\n<\/div>\n<div class=\"mc-column content-text active-extra-styles \" style=\"text-align: justify;\" data-block-type=\"unstyled\" data-block-weight=\"45\" data-block-id=\"20\">\n<p class=\"content-text__container \" data-track-category=\"Link no Texto\" data-track-links=\"\">Nos c\u00e1lculos da secretaria, desde 29 de mar\u00e7o o n\u00famero de pacientes confirmados com o coronav\u00edrus em S\u00e3o Paulo cresceu 318%, saltando de 1.451 casos para 4.620 e alcan\u00e7ando o dobro de munic\u00edpios na \u00faltima semana. Atualmente, 99 cidades paulista registram casos confirmados da infec\u00e7\u00e3o.<\/p>\n<\/div>\n<div class=\"mc-column content-text active-extra-styles \" style=\"text-align: justify;\" data-block-type=\"unstyled\" data-block-weight=\"32\" data-block-id=\"21\">\n<p class=\"content-text__container \" data-track-category=\"Link no Texto\" data-track-links=\"\">O boletim do Minist\u00e9rio da Sa\u00fade afirma que S\u00e3o Paulo concentra 77% das hospitaliza\u00e7\u00f5es por problemas respirat\u00f3rios com confirma\u00e7\u00e3o para COVID-19 em todo Pa\u00eds. S\u00e3o 1.724 interna\u00e7\u00f5es registradas at\u00e9 este domingo (5).<\/p>\n<\/div>\n<div class=\"content-ads content-ads--reveal\" style=\"text-align: justify;\" data-block-type=\"ads\" data-block-id=\"22\"><\/div>\n<div class=\"mc-column content-text active-extra-styles \" style=\"text-align: justify;\" data-block-type=\"unstyled\" data-block-weight=\"35\" data-block-id=\"23\">\n<p class=\"content-text__container \" data-track-category=\"Link no Texto\" data-track-links=\"\">Em todo o Pa\u00eds, o n\u00famero de mortos pela Covid-19 chegou a 486 pessoas, totalizando 11.130 casos confirmados, segundo o boletim di\u00e1rio do Minist\u00e9rio da Sa\u00fade.<a href=\"https:\/\/g1.globo.com\/bemestar\/coronavirus\/noticia\/2020\/02\/27\/coronavirus-veja-perguntas-e-respostas.ghtml\">Tire d\u00favidas sobre o coronav\u00edrus; G1 responde a 42 perguntas<\/a><\/p>\n<\/div>\n<div class=\"mc-column content-text active-extra-styles\" style=\"text-align: justify;\" data-block-type=\"raw\" data-block-weight=\"14\" data-block-id=\"24\">\n<ul class=\"content-unordered-list\">\n<li><a href=\"https:\/\/g1.globo.com\/bemestar\/coronavirus\/noticia\/2020\/03\/17\/guia-do-isolamento-domiciliar-como-preparar-sua-casa-para-conviver-com-suspeitos-de-infeccao-por-coronavirus.ghtml\">Guia de isolamento domiciliar: como preparar casa<\/a><\/li>\n<li><a href=\"https:\/\/g1.globo.com\/bemestar\/coronavirus\/noticia\/2020\/03\/17\/testes-para-diagnosticar-coronavirus-podem-levar-de-15-minutos-a-7-dias-veja-os-diferentes-tipos.ghtml\">Conhe\u00e7a os diferentes exames para testar coronav\u00edrus<\/a><\/li>\n<\/ul>\n<\/div>\n<div class=\"mc-column content-text active-extra-styles\" style=\"text-align: justify;\" data-block-type=\"raw\" data-block-weight=\"3\" data-block-id=\"25\">\n<div class=\"content-intertitle\">\n<h2>Vacina\u00e7\u00e3o em SP<\/h2>\n<\/div>\n<\/div>\n<div class=\"mc-column content-text active-extra-styles \" style=\"text-align: justify;\" data-block-type=\"unstyled\" data-block-weight=\"37\" data-block-id=\"26\">\n<p class=\"content-text__container \" data-track-category=\"Link no Texto\" data-track-links=\"\">Mais de\u00a0<a href=\"https:\/\/g1.globo.com\/sp\/sao-paulo\/noticia\/2020\/04\/03\/mais-de-4-milhoes-de-pessoas-tomam-vacina-da-gripe-no-estado-de-sp-84percent-dos-idosos-sao-imunizados.ghtml\">4,8 milh\u00f5es de pessoas j\u00e1 foram vacinadas contra a gripe em todo o estado de S\u00e3o Paulo<\/a>. A campanha come\u00e7ou no dia 23 de mar\u00e7o e registra recorde de imuniza\u00e7\u00e3o, vacinando ainda 84% dos idosos.<\/p>\n<\/div>\n<div class=\"mc-column content-text active-extra-styles \" style=\"text-align: justify;\" data-block-type=\"unstyled\" data-block-weight=\"32\" data-block-id=\"27\">\n<p class=\"content-text__container \" data-track-category=\"Link no Texto\" data-track-links=\"\">Os dados foram contabilizados at\u00e9 esta quinta-feira (2). Por dia, quase 600 mil pessoas foram imunizadas, tr\u00eas vezes mais que a procura inicial de idosos e profissionais de sa\u00fade no ano passado<\/p>\n<\/div>\n<div class=\"mc-column content-text active-extra-styles \" style=\"text-align: justify;\" data-block-type=\"unstyled\" data-block-weight=\"47\" data-block-id=\"28\">\n<p class=\"content-text__container \" data-track-category=\"Link no Texto\" data-track-links=\"\">Entre os dias 23 de mar\u00e7o a 2 de abril, foram aplicadas doses em 760,6 mil trabalhadores de sa\u00fade (56%) e 4 milh\u00f5es de idosos (84%). Coberturas vacinais similares s\u00f3 foram alcan\u00e7adas entre esses dois grupos ap\u00f3s um m\u00eas das etapas destinadas a eles, no ano passado.<\/p>\n<\/div>\n<div class=\"mc-column content-text active-extra-styles \" data-block-type=\"unstyled\" data-block-weight=\"25\" data-block-id=\"29\">\n<p class=\"content-text__container \" style=\"text-align: justify;\" data-track-category=\"Link no Texto\" data-track-links=\"\">Neste ano, idosos e trabalhadores entraram na primeira etapa de imuniza\u00e7\u00e3o para intensificar a preven\u00e7\u00e3o de doen\u00e7as respirat\u00f3rias, no contexto de enfrentamento ao novo Coronav\u00edrus.<\/p>\n<p style=\"text-align: justify;\" data-track-category=\"Link no Texto\" data-track-links=\"\">Fonte: G1<\/p>\n<\/div>\n<\/div>\n","protected":false},"excerpt":{"rendered":"<p>Medida entra em vigor a partir desta quarta (8). SP registra 275 mortes por coronav\u00edrus e 4.620 casos confirmados da doen\u00e7a. O governo de S\u00e3o Paulo ampliou a quarentena no estado at\u00e9 o dia 22 de abril. A determina\u00e7\u00e3o entra em vigor a partir desta quarta-feira (8). A medida segue sem flexibiliza\u00e7\u00f5es, e foi tomada [&hellip;]<\/p>\n","protected":false},"author":1,"featured_media":23144,"comment_status":"closed","ping_status":"open","sticky":false,"template":"","format":"standard","meta":{"footnotes":""},"categories":[110,116],"tags":[],"class_list":["post-23143","post","type-post","status-publish","format-standard","has-post-thumbnail","hentry","category-noticiasdestaque","category-politicaeeconomia"],"_links":{"self":[{"href":"https:\/\/jorgezanoni.com.br\/2019\/wp-json\/wp\/v2\/posts\/23143","targetHints":{"allow":["GET"]}}],"collection":[{"href":"https:\/\/jorgezanoni.com.br\/2019\/wp-json\/wp\/v2\/posts"}],"about":[{"href":"https:\/\/jorgezanoni.com.br\/2019\/wp-json\/wp\/v2\/types\/post"}],"author":[{"embeddable":true,"href":"https:\/\/jorgezanoni.com.br\/2019\/wp-json\/wp\/v2\/users\/1"}],"replies":[{"embeddable":true,"href":"https:\/\/jorgezanoni.com.br\/2019\/wp-json\/wp\/v2\/comments?post=23143"}],"version-history":[{"count":0,"href":"https:\/\/jorgezanoni.com.br\/2019\/wp-json\/wp\/v2\/posts\/23143\/revisions"}],"wp:featuredmedia":[{"embeddable":true,"href":"https:\/\/jorgezanoni.com.br\/2019\/wp-json\/wp\/v2\/media\/23144"}],"wp:attachment":[{"href":"https:\/\/jorgezanoni.com.br\/2019\/wp-json\/wp\/v2\/media?parent=23143"}],"wp:term":[{"taxonomy":"category","embeddable":true,"href":"https:\/\/jorgezanoni.com.br\/2019\/wp-json\/wp\/v2\/categories?post=23143"},{"taxonomy":"post_tag","embeddable":true,"href":"https:\/\/jorgezanoni.com.br\/2019\/wp-json\/wp\/v2\/tags?post=23143"}],"curies":[{"name":"wp","href":"https:\/\/api.w.org\/{rel}","templated":true}]}}