{"id":23139,"date":"2020-04-06T15:37:46","date_gmt":"2020-04-06T15:37:46","guid":{"rendered":"https:\/\/jorgezanoni.com.br\/2019\/?p=23139"},"modified":"2020-04-06T15:37:46","modified_gmt":"2020-04-06T15:37:46","slug":"gaveta-com-biblia-fica-intacta-em-incendio-que-destruiu-casa-no-domingo-de-ramos-em-marilia","status":"publish","type":"post","link":"https:\/\/jorgezanoni.com.br\/2019\/gaveta-com-biblia-fica-intacta-em-incendio-que-destruiu-casa-no-domingo-de-ramos-em-marilia\/","title":{"rendered":"Gaveta com B\u00edblia fica intacta em inc\u00eandio que destruiu casa no Domingo de Ramos em Mar\u00edlia"},"content":{"rendered":"<h2 class=\"content-head__subtitle\" style=\"text-align: justify;\"><strong>O trabalho de combate \u00e0s chamas contou com oito bombeiros e durou cerca de uma hora. Im\u00f3vel estava vazio e ningu\u00e9m se feriu. A causa do inc\u00eandio \u00e9 desconhecida.<\/strong><\/h2>\n<div class=\"mc-column content-text active-extra-styles \" data-block-type=\"unstyled\" data-block-weight=\"39\" data-block-id=\"2\">\n<p class=\"content-text__container \" style=\"text-align: justify;\" data-track-category=\"Link no Texto\" data-track-links=\"\">Uma casa ficou destru\u00edda ap\u00f3s pegar fogo na madrugada deste domingo (5), em Mar\u00edlia (SP). Os bombeiros foram at\u00e9 o im\u00f3vel, no bairro Castelo Branco, para combater o inc\u00eandio. A casa estava vazia no momento e ningu\u00e9m ficou ferido.<\/p>\n<\/div>\n<div class=\"wall protected-content\">\n<div class=\"mc-column content-text active-extra-styles \" style=\"text-align: justify;\" data-block-type=\"unstyled\" data-block-weight=\"33\" data-block-id=\"3\">\n<p class=\"content-text__container \" data-track-category=\"Link no Texto\" data-track-links=\"\">Mas um detalhe chamou a aten\u00e7\u00e3o dos bombeiros e de vizinhos do im\u00f3vel. Apesar da casa ficar destru\u00edda durante o inc\u00eandio neste Domingo de Ramos, uma gaveta que guardava uma B\u00edblia ficou intacta.<\/p>\n<\/div>\n<div class=\"mc-column content-text active-extra-styles \" data-block-type=\"unstyled\" data-block-weight=\"26\" data-block-id=\"4\">\n<p class=\"content-text__container \" style=\"text-align: justify;\" data-track-category=\"Link no Texto\" data-track-links=\"\">O trabalho de combate \u00e0s chamas contou com oito bombeiros e durou cerca de uma hora. A causa do inc\u00eandio \u00e9 desconhecida e vai ser investigada.<\/p>\n<p style=\"text-align: justify;\" data-track-category=\"Link no Texto\" data-track-links=\"\">Fonte: G1<\/p>\n<\/div>\n<\/div>\n","protected":false},"excerpt":{"rendered":"<p>O trabalho de combate \u00e0s chamas contou com oito bombeiros e durou cerca de uma hora. Im\u00f3vel estava vazio e ningu\u00e9m se feriu. A causa do inc\u00eandio \u00e9 desconhecida. Uma casa ficou destru\u00edda ap\u00f3s pegar fogo na madrugada deste domingo (5), em Mar\u00edlia (SP). Os bombeiros foram at\u00e9 o im\u00f3vel, no bairro Castelo Branco, para [&hellip;]<\/p>\n","protected":false},"author":1,"featured_media":23141,"comment_status":"closed","ping_status":"open","sticky":false,"template":"","format":"standard","meta":{"footnotes":""},"categories":[110,2],"tags":[],"class_list":["post-23139","post","type-post","status-publish","format-standard","has-post-thumbnail","hentry","category-noticiasdestaque","category-policial"],"_links":{"self":[{"href":"https:\/\/jorgezanoni.com.br\/2019\/wp-json\/wp\/v2\/posts\/23139","targetHints":{"allow":["GET"]}}],"collection":[{"href":"https:\/\/jorgezanoni.com.br\/2019\/wp-json\/wp\/v2\/posts"}],"about":[{"href":"https:\/\/jorgezanoni.com.br\/2019\/wp-json\/wp\/v2\/types\/post"}],"author":[{"embeddable":true,"href":"https:\/\/jorgezanoni.com.br\/2019\/wp-json\/wp\/v2\/users\/1"}],"replies":[{"embeddable":true,"href":"https:\/\/jorgezanoni.com.br\/2019\/wp-json\/wp\/v2\/comments?post=23139"}],"version-history":[{"count":0,"href":"https:\/\/jorgezanoni.com.br\/2019\/wp-json\/wp\/v2\/posts\/23139\/revisions"}],"wp:featuredmedia":[{"embeddable":true,"href":"https:\/\/jorgezanoni.com.br\/2019\/wp-json\/wp\/v2\/media\/23141"}],"wp:attachment":[{"href":"https:\/\/jorgezanoni.com.br\/2019\/wp-json\/wp\/v2\/media?parent=23139"}],"wp:term":[{"taxonomy":"category","embeddable":true,"href":"https:\/\/jorgezanoni.com.br\/2019\/wp-json\/wp\/v2\/categories?post=23139"},{"taxonomy":"post_tag","embeddable":true,"href":"https:\/\/jorgezanoni.com.br\/2019\/wp-json\/wp\/v2\/tags?post=23139"}],"curies":[{"name":"wp","href":"https:\/\/api.w.org\/{rel}","templated":true}]}}