{"id":2312,"date":"2019-07-28T17:44:00","date_gmt":"2019-07-28T17:44:00","guid":{"rendered":"https:\/\/jorgezanoni.com.br\/2019\/?p=2312"},"modified":"2019-07-28T17:44:00","modified_gmt":"2019-07-28T17:44:00","slug":"comecam-a-funcionar-vagas-gratuitas-de-15-minutos-na-area-comercial-de-andradina","status":"publish","type":"post","link":"https:\/\/jorgezanoni.com.br\/2019\/comecam-a-funcionar-vagas-gratuitas-de-15-minutos-na-area-comercial-de-andradina\/","title":{"rendered":"Come\u00e7am a funcionar vagas gratuitas de 15 minutos na \u00e1rea comercial de Andradina"},"content":{"rendered":"<h2 style=\"text-align: justify;\"><strong>J\u00e1 come\u00e7aram a ser instaladas as novas vagas para parada de curta dura\u00e7\u00e3o de maneira gratuita no estacionamento rotativo no com\u00e9rcio de Andradina.<\/strong><\/h2>\n<p style=\"text-align: justify;\">J\u00e1 come\u00e7aram a ser instaladas as novas vagas para parada de curta dura\u00e7\u00e3o de maneira gratuita no estacionamento rotativo no com\u00e9rcio de Andradina.<\/p>\n<p style=\"text-align: justify;\">Nesta sexta-feira (26), o secret\u00e1rio de Tr\u00e2nsito, Jos\u00e9 Henrique Pastorelli, e o presidente da C\u00e2mara Municipal, o vereador Carlos Cear\u00e1, acompanharam a abertura dessas vagas que possibilitar\u00e1 ao motorista a parada r\u00e1pida de at\u00e9 15 minutos com o pisca-alerta ligado sem a cobran\u00e7a da taxa pela perman\u00eancia.<\/p>\n<p style=\"text-align: justify;\">Com o apoio do legislativo municipal, o Governo de Andradina, a ACIA (Associa\u00e7\u00e3o Comercial e Industrial de Andradina) e a empresa Andrapark, respons\u00e1vel pelo estacionamento rotativo, definiram novas regras para utiliza\u00e7\u00e3o da \u00c1rea Azul e a suspens\u00e3o de algumas ruas vinha funcionando a \u00c1rea Verde.<\/p>\n<p style=\"text-align: justify;\">\u201cComo fiscalizador, o legislativo apresentou sugest\u00f5es de melhorias conforme ouvimos a popula\u00e7\u00e3o\u201d, comentou Cear\u00e1.<\/p>\n<p style=\"text-align: justify;\">As vagas com o per\u00edodo gratuito ser\u00e3o instaladas em frentes a bancos, farm\u00e1cias, restaurantes e lojas em geral. \u201cA inten\u00e7\u00e3o \u00e9 facilitar para quem precisa fazer atividades r\u00e1pidas, como tirar o saldo banco e retirar uma refei\u00e7\u00e3o\u201d, elucida Pastorelli.<\/p>\n<p style=\"text-align: justify;\">De acordo com o presidente da Acia este vinha sendo um dos principais pedidos levantados junto a comerciantes e motoristas.<\/p>\n<p style=\"text-align: justify;\">\u201cO funcionamento da \u00c1rea Azul colabora com o com\u00e9rcio da cidade porque os clientes passam a encontrar estacionamento em frente \u00e0s lojas, mas precis\u00e1vamos fazer essa adapta\u00e7\u00e3o para favorecer tamb\u00e9m a rotatividade r\u00e1pida e, com essas vagas de 15 minutos, conseguiremos suprir esta situa\u00e7\u00e3o\u201d, comentou Adeilson.<\/p>\n<p style=\"text-align: justify;\">Outra medida a ser adotada \u00e9 a suspens\u00e3o de ruas que est\u00e3o na \u00c1rea Verde que permite o motorista deixar o carro estacionado por at\u00e9 quatro horas. Na \u00c1rea Azul a toler\u00e2ncia na mesma vaga \u00e9 de duas horas.<\/p>\n<p style=\"text-align: justify;\">Deixam de ser \u00c1rea Verde: Rua Cear\u00e1 entre as Ruas J.A de Carvalho e Evandro Brembatti Calvoso; Rua Alexandre Salom\u00e3o entre as Ruas J.A de Carvalho e Evandro Brembatti Calvoso; Rua Vereador Manoel Teixeira de Freitas entre as Ruas J.A de Carvalho e Evandro Brembatti Calvoso; Avenida Bar\u00e3o do Rio Branco entre as Ruas J.A de Carvalho e Evandro Brembatti Calvoso; Rua J.A de Carvalho entre a Rua S\u00e3o Paulo e Avenida Bandeirantes; Rua Paes Leme entre a Rua S\u00e3o Paulo e Avenida Bandeirantes; Rua Ac\u00e1cio e Silva entre a Rua S\u00e3o Paulo e Avenida Bandeirantes.<\/p>\n<p style=\"text-align: justify;\">Fonte: hojemais.com<\/p>\n","protected":false},"excerpt":{"rendered":"<p>J\u00e1 come\u00e7aram a ser instaladas as novas vagas para parada de curta dura\u00e7\u00e3o de maneira gratuita no estacionamento rotativo no com\u00e9rcio de Andradina. J\u00e1 come\u00e7aram a ser instaladas as novas vagas para parada de curta dura\u00e7\u00e3o de maneira gratuita no estacionamento rotativo no com\u00e9rcio de Andradina. Nesta sexta-feira (26), o secret\u00e1rio de Tr\u00e2nsito, Jos\u00e9 Henrique [&hellip;]<\/p>\n","protected":false},"author":1,"featured_media":2313,"comment_status":"closed","ping_status":"open","sticky":false,"template":"","format":"standard","meta":{"footnotes":""},"categories":[110],"tags":[],"class_list":["post-2312","post","type-post","status-publish","format-standard","has-post-thumbnail","hentry","category-noticiasdestaque"],"_links":{"self":[{"href":"https:\/\/jorgezanoni.com.br\/2019\/wp-json\/wp\/v2\/posts\/2312","targetHints":{"allow":["GET"]}}],"collection":[{"href":"https:\/\/jorgezanoni.com.br\/2019\/wp-json\/wp\/v2\/posts"}],"about":[{"href":"https:\/\/jorgezanoni.com.br\/2019\/wp-json\/wp\/v2\/types\/post"}],"author":[{"embeddable":true,"href":"https:\/\/jorgezanoni.com.br\/2019\/wp-json\/wp\/v2\/users\/1"}],"replies":[{"embeddable":true,"href":"https:\/\/jorgezanoni.com.br\/2019\/wp-json\/wp\/v2\/comments?post=2312"}],"version-history":[{"count":0,"href":"https:\/\/jorgezanoni.com.br\/2019\/wp-json\/wp\/v2\/posts\/2312\/revisions"}],"wp:featuredmedia":[{"embeddable":true,"href":"https:\/\/jorgezanoni.com.br\/2019\/wp-json\/wp\/v2\/media\/2313"}],"wp:attachment":[{"href":"https:\/\/jorgezanoni.com.br\/2019\/wp-json\/wp\/v2\/media?parent=2312"}],"wp:term":[{"taxonomy":"category","embeddable":true,"href":"https:\/\/jorgezanoni.com.br\/2019\/wp-json\/wp\/v2\/categories?post=2312"},{"taxonomy":"post_tag","embeddable":true,"href":"https:\/\/jorgezanoni.com.br\/2019\/wp-json\/wp\/v2\/tags?post=2312"}],"curies":[{"name":"wp","href":"https:\/\/api.w.org\/{rel}","templated":true}]}}