{"id":23092,"date":"2020-04-06T00:54:03","date_gmt":"2020-04-06T00:54:03","guid":{"rendered":"https:\/\/jorgezanoni.com.br\/2019\/?p=23092"},"modified":"2020-04-06T00:54:03","modified_gmt":"2020-04-06T00:54:03","slug":"casos-de-coronavirus-no-brasil-em-5-de-abril","status":"publish","type":"post","link":"https:\/\/jorgezanoni.com.br\/2019\/casos-de-coronavirus-no-brasil-em-5-de-abril\/","title":{"rendered":"Casos de coronav\u00edrus no Brasil em 5 de abril"},"content":{"rendered":"<h2 class=\"content-head__subtitle\" style=\"text-align: justify;\"><strong>Secretarias estaduais de sa\u00fade contabilizam 11.281 infectados em todos os estados e 487 mortos.<\/strong><\/h2>\n<div class=\"mc-column content-text active-extra-styles \" data-block-type=\"unstyled\" data-block-weight=\"37\" data-block-id=\"2\">\n<p class=\"content-text__container \" style=\"text-align: justify;\" data-track-category=\"Link no Texto\" data-track-links=\"\">As secretarias estaduais de Sa\u00fade divulgaram, at\u00e9 as 20h50 deste domingo (5),\u00a0<strong>11.281 casos confirmados do\u00a0<\/strong><a href=\"https:\/\/g1.globo.com\/bemestar\/coronavirus\/\"><strong>novo coronav\u00edrus (Sars-Cov-2)<\/strong><\/a><strong>\u00a0no Brasil<\/strong>, com<strong>\u00a0487 mortes pela Covid-19<\/strong>.<strong>\u00a0<\/strong>Apenas dois estados ainda n\u00e3o registraram mortes: Acre e Tocantins.<\/p>\n<\/div>\n<div class=\"wall protected-content\">\n<div class=\"mc-column content-text active-extra-styles \" style=\"text-align: justify;\" data-block-type=\"unstyled\" data-block-weight=\"25\" data-block-id=\"3\">\n<p class=\"content-text__container \" data-track-category=\"Link no Texto\" data-track-links=\"\">Nesta tarde,\u00a0<a href=\"https:\/\/g1.globo.com\/pe\/pernambuco\/noticia\/2020\/04\/05\/pernambuco-tem-mais-sete-mortes-e-25-novos-casos-de-coronavirus.ghtml\">Pernambuco registrou mais sete mortes por Covid-19<\/a>, chegando a 21. Foram quatro mulheres e tr\u00eas homens, todos com mais de 60 anos.<\/p>\n<\/div>\n<div class=\"mc-column content-text active-extra-styles \" style=\"text-align: justify;\" data-block-type=\"unstyled\" data-block-weight=\"54\" data-block-id=\"4\">\n<p class=\"content-text__container \" data-track-category=\"Link no Texto\" data-track-links=\"\">Na manh\u00e3 deste domingo, o\u00a0<a href=\"https:\/\/g1.globo.com\/am\/amazonas\/noticia\/2020\/04\/05\/sobe-para-13-numero-de-mortes-por-covid-19-no-am-diz-governo.ghtml\">governo do Amazonas registrou a 13\u00aa morte no estado<\/a>. De acordo com a Funda\u00e7\u00e3o de Vigil\u00e2ncia em Sa\u00fade (FVS-AM), a v\u00edtima \u00e9 um homem de 55 anos com hist\u00f3rico de obesidade. Ele foi internado no dia 24 de mar\u00e7o com quadro de tosse, febre alta e dificuldade respirat\u00f3ria.<\/p>\n<\/div>\n<div class=\"mc-column content-text active-extra-styles \" style=\"text-align: justify;\" data-block-type=\"unstyled\" data-block-weight=\"38\" data-block-id=\"5\">\n<p class=\"content-text__container \" data-track-category=\"Link no Texto\" data-track-links=\"\">A Bahia tamb\u00e9m registrou a nona morte neste domingo. O<a href=\"https:\/\/g1.globo.com\/ba\/bahia\/noticia\/2020\/04\/05\/bahia-registra-nona-morte-de-paciente-com-coronavirus.ghtml\">\u00a0paciente era um idoso de 87 anos que estava internado em hospital p\u00fablico de Salvador<\/a>\u00a0e morreu na sexta-feira (3). Resultado de exame laboratorial saiu neste domingo (5).<\/p>\n<\/div>\n<div class=\"mc-column content-text active-extra-styles \" style=\"text-align: justify;\" data-block-type=\"unstyled\" data-block-weight=\"33\" data-block-id=\"6\">\n<p class=\"content-text__container \" data-track-category=\"Link no Texto\" data-track-links=\"\">Ainda nesta manh\u00e3, a Secretaria de Sa\u00fade de Minas Gerais divulgou que o<a href=\"https:\/\/g1.globo.com\/mg\/minas-gerais\/noticia\/2020\/04\/05\/coronavirus-secretaria-de-saude-confirma-68-novos-casos-da-doenca-em-minas-gerais.ghtml\">\u00a0estado confirmou mais 68 casos da doen\u00e7a<\/a>, somando 498. O n\u00famero de mortes no estado permanece o mesmo, seis.<\/p>\n<\/div>\n<div class=\"mc-column content-text active-extra-styles \" style=\"text-align: justify;\" data-block-type=\"unstyled\" data-block-weight=\"33\" data-block-id=\"7\">\n<p class=\"content-text__container \" data-track-category=\"Link no Texto\" data-track-links=\"\">No in\u00edcio da tarde deste s\u00e1bado (4), um homem de 60 anos morreu de coronav\u00edrus no Hospital de Emerg\u00eancia de Macap\u00e1; ele estava internado com pneumonia.\u00a0<a href=\"https:\/\/g1.globo.com\/ap\/amapa\/noticia\/2020\/04\/04\/governo-do-amapa-confirma-1a-morte-por-covid-19-no-estado.ghtml]\">Foi a primeira morte do Amap\u00e1<\/a>.<\/p>\n<\/div>\n<div class=\"content-ads content-ads--reveal\" style=\"text-align: justify;\" data-block-type=\"ads\" data-block-id=\"8\"><\/div>\n<div class=\"mc-column content-text active-extra-styles \" style=\"text-align: justify;\" data-block-type=\"unstyled\" data-block-weight=\"43\" data-block-id=\"9\">\n<p class=\"content-text__container \" data-track-category=\"Link no Texto\" data-track-links=\"\">Na manh\u00e3 deste s\u00e1bado,\u00a0<a href=\"https:\/\/g1.globo.com\/ba\/bahia\/noticia\/2020\/04\/04\/bahia-registra-setima-morte-de-paciente-com-coronavirus.ghtml\">a Bahia registrou a 7\u00aa morte por Covid-19<\/a>, doen\u00e7a causada pelo novo coronav\u00edrus.\u00a0<a href=\"https:\/\/g1.globo.com\/rs\/rio-grande-do-sul\/noticia\/2020\/04\/04\/idosa-de-novo-hamburgo-e-o-setimo-obito-de-coronavirus-no-rs.ghtml\">Rio Grande do Sul tamb\u00e9m confirmou a s\u00e9tima morte<\/a>. O Amazonas confirmou mais 5 mortes, somando 12.\u00a0<a href=\"https:\/\/g1.globo.com\/df\/distrito-federal\/noticia\/2020\/04\/04\/homem-de-67-anos-e-7a-morte-pelo-coronavirus-no-df.ghtml\">O Distrito Federal tamb\u00e9m confirmou a s\u00e9tima morte<\/a>.<\/p>\n<\/div>\n<div class=\"mc-column content-text active-extra-styles \" style=\"text-align: justify;\" data-block-type=\"unstyled\" data-block-weight=\"27\" data-block-id=\"10\">\n<p class=\"content-text__container \" data-track-category=\"Link no Texto\" data-track-links=\"\"><a href=\"https:\/\/g1.globo.com\/pe\/pernambuco\/noticia\/2020\/04\/04\/pernambuco-tem-mais-4-mortes-e-40-novos-casos-de-coronavirus-numeros-vao-a-176-confirmacoes-e-14-obitos.ghtml\">Pernambuco registrou mais quatro mortes de pacientes com coronav\u00edrus (Sars-Cov-2)<\/a>, neste s\u00e1bado (4). Com isso, subiu para 14 o n\u00famero de \u00f3bitos de pessoas com a Covid-19.<\/p>\n<\/div>\n<div class=\"mc-column content-text active-extra-styles \" style=\"text-align: justify;\" data-block-type=\"unstyled\" data-block-weight=\"36\" data-block-id=\"11\">\n<p class=\"content-text__container \" data-track-category=\"Link no Texto\" data-track-links=\"\"><a href=\"https:\/\/g1.globo.com\/bemestar\/coronavirus\/noticia\/2020\/04\/04\/ministerio-da-saude-diz-que-4-estados-e-df-podem-estar-em-fase-de-transicao-para-aceleracao-descontrolada-de-coronavirus.ghtml\">Um boletim epidemiol\u00f3gico feito pelo Minist\u00e9rio da Sa\u00fade nesta sexta (3)<\/a>, diz que Distrito Federal, S\u00e3o Paulo, Cear\u00e1, Rio de Janeiro e Amazonas podem estar na transi\u00e7\u00e3o para uma fase de acelera\u00e7\u00e3o descontrolada da pandemia.<\/p>\n<\/div>\n<div class=\"mc-column content-text active-extra-styles\" style=\"text-align: justify;\" data-block-type=\"raw\" data-block-weight=\"12\" data-block-id=\"12\">\n<ul class=\"content-unordered-list\">\n<li><a href=\"https:\/\/especiais.g1.globo.com\/bemestar\/coronavirus\/mapa-coronavirus\/#\/\" target=\"_blank\" rel=\"noopener noreferrer\">MAPA DO CORONAV\u00cdRUS: Brasil confirmou 2.000 casos em dois dias; veja cidades<\/a><\/li>\n<\/ul>\n<\/div>\n<div class=\"mc-column content-text active-extra-styles \" style=\"text-align: justify;\" data-block-type=\"unstyled\" data-block-weight=\"20\" data-block-id=\"13\">\n<p class=\"content-text__container \" data-track-category=\"Link no Texto\" data-track-links=\"\">O \u00faltimo balan\u00e7o do\u00a0<strong>Minist\u00e9rio da Sa\u00fade<\/strong>, divulgado na tarde<strong>\u00a0<\/strong>de domingo (5),\u00a0<a href=\"https:\/\/g1.globo.com\/bemestar\/coronavirus\/noticia\/2020\/04\/05\/brasil-tem-486-mortes-e-11130-casos-confirmados-de-coronavirus-diz-ministerio.ghtml\">aponta 11.130 casos confirmados e 486 mortes<\/a>.<\/p>\n<\/div>\n<div class=\"mc-column content-text active-extra-styles \" style=\"text-align: justify;\" data-block-type=\"unstyled\" data-block-weight=\"61\" data-block-id=\"14\">\n<p class=\"content-text__container \" data-track-category=\"Link no Texto\" data-track-links=\"\">O avan\u00e7o da doen\u00e7a est\u00e1 acelerado:<strong>\u00a0foram 25 dias desde o primeiro cont\u00e1gio confirmado at\u00e9 os primeiros 1.000 casos<\/strong>\u00a0(de 26 de fevereiro a 21 de mar\u00e7o).\u00a0<strong>Outros 2.000 casos foram confirmados em apenas seis dias<\/strong>\u00a0(de 21 a 27 de mar\u00e7o) e quase\u00a0<strong>4.000 casos de 27 de mar\u00e7o a 2 de abril,<\/strong>\u00a0quando a contagem bateu os 8.000 infectados.<\/p>\n<\/div>\n<div class=\"mc-column content-text active-extra-styles\" style=\"text-align: justify;\" data-block-type=\"raw\" data-block-weight=\"46\" data-block-id=\"15\">\n<ul class=\"content-unordered-list\">\n<li><strong>LIVES DO DOMINGO:<\/strong>\u00a0<a href=\"https:\/\/g1.globo.com\/pop-arte\/musica\/noticia\/2020\/04\/05\/lives-de-domingo-joao-neto-and-frederico-scalene-parangole-e-mais-shows-para-ver-em-casa.ghtml\">principais shows que ser\u00e3o transmitidos ao vivo<\/a><\/li>\n<li><strong>MEDIDAS ECON\u00d4MICAS:\u00a0<\/strong><a href=\"https:\/\/g1.globo.com\/economia\/noticia\/2020\/04\/03\/medidas-economicas-na-crise-do-coronavirus-veja-perguntas-e-respostas.ghtml\">veja perguntas e respostas<\/a><\/li>\n<li><strong>CORONAV\u00cdRUS NO MUNDO:<\/strong><a href=\"https:\/\/g1.globo.com\/bemestar\/coronavirus\/noticia\/2020\/03\/26\/ultimas-noticias-de-coronavirus-de-26-de-marco.ghtml\">\u00a0<\/a><a href=\"https:\/\/g1.globo.com\/bemestar\/coronavirus\/noticia\/2020\/04\/05\/ultimas-noticias-de-coronavirus-de-5-de-abril.ghtml\">Espanha tem menor n\u00famero de mortes nos \u00faltimos 10 dias<\/a><\/li>\n<li><strong>PERGUNTAS E RESPOSTAS:<\/strong><a href=\"https:\/\/g1.globo.com\/bemestar\/coronavirus\/noticia\/2020\/02\/27\/coronavirus-veja-perguntas-e-respostas.ghtml\">\u00a0<\/a><a href=\"https:\/\/g1.globo.com\/bemestar\/coronavirus\/videos-perguntas-e-respostas\/playlist\/videos-coronavirus-perguntas-e-respostas.ghtml\">como lidar com as crian\u00e7as durante o isolamento<\/a><\/li>\n<li><strong>GUIA ILUSTRADO:<\/strong>\u00a0<a href=\"https:\/\/especiais.g1.globo.com\/bemestar\/2020\/coronavirus\/?_ga=2.130275023.1515641474.1584916197-74646164-fdfa-ef61-33e0-775da02b4177\" target=\"_blank\" rel=\"noopener noreferrer\">sintomas, transmiss\u00e3o e preven\u00e7\u00e3o<\/a><\/li>\n<\/ul>\n<div class=\"show-chart mc-column content-media content-media--normal\" data-block-type=\"backstage-chart\" data-block-id=\"16\">\n<div class=\"show-chart__credits\"><span style=\"color: #111111; font-family: Roboto, sans-serif; font-size: 27px;\">Casos no mundo<\/span><\/div>\n<\/div>\n<div class=\"mc-column content-text active-extra-styles \" data-block-type=\"unstyled\" data-block-weight=\"60\" data-block-id=\"19\">\n<p class=\"content-text__container \" data-track-category=\"Link no Texto\" data-track-links=\"\"><a href=\"https:\/\/g1.globo.com\/mundo\/noticia\/2020\/04\/05\/mortes-por-coronavirus-caem-pelo-terceiro-dia-na-espanha-com-674-obitos.ghtml\">O n\u00famero de mortes por coronav\u00edrus na Espanha caiu neste domingo (5) pelo terceiro dia seguido<\/a>, com 674 v\u00edtimas em 24 horas, elevando o saldo total para 12.418 pessoas, segundo dados do Minist\u00e9rio da Sa\u00fade. Apesar da alta, foi o menor n\u00famero de mortos nos \u00faltimos 10 dias. O pa\u00eds \u00e9 o segundo com mais v\u00edtimas, atr\u00e1s apenas da It\u00e1lia.<\/p>\n<\/div>\n<div class=\"mc-column content-text active-extra-styles \" data-block-type=\"unstyled\" data-block-weight=\"42\" data-block-id=\"20\">\n<p class=\"content-text__container \" data-track-category=\"Link no Texto\" data-track-links=\"\">No Reino Unido, a rainha Elizabeth II gravou uma mensagem dirigida \u00e0 na\u00e7\u00e3o que ser\u00e1 transmitida na noite deste domingo (5) na qual pede aos brit\u00e2nicos que superem o tempo de &#8220;dor&#8221; e &#8220;enormes mudan\u00e7as&#8221; que a nova pandemia de coronav\u00edrus trouxe.<\/p>\n<\/div>\n<div class=\"mc-column content-text active-extra-styles \" data-block-type=\"unstyled\" data-block-weight=\"45\" data-block-id=\"21\">\n<p class=\"content-text__container \" data-track-category=\"Link no Texto\" data-track-links=\"\">Em um fragmento de seu discurso adiantado pelo Pal\u00e1cio de Buckingham, a soberana brit\u00e2nica de 93 anos admite que a doen\u00e7a est\u00e1 causando sofrimento entre os cidad\u00e3os pela perda de vidas, bem como &#8220;dificuldades financeiras para muitas e enormes mudan\u00e7as di\u00e1rias na vida de todos&#8221;.<\/p>\n<\/div>\n<div class=\"mc-column content-text active-extra-styles \" data-block-type=\"unstyled\" data-block-weight=\"17\" data-block-id=\"22\">\n<p class=\"content-text__container \" data-track-category=\"Link no Texto\" data-track-links=\"\">O Reino Unido tem, at\u00e9 o momento, 4,3 mil mortos e quase 42 mil infectados pelo coronav\u00edrus.<\/p>\n<\/div>\n<div class=\"mc-column content-text active-extra-styles \" data-block-type=\"unstyled\" data-block-weight=\"46\" data-block-id=\"23\">\n<p class=\"content-text__container \" data-track-category=\"Link no Texto\" data-track-links=\"\">Na Alemanha, o n\u00famero de mortes por coronav\u00edrus aumentou para 1.342, informou a ag\u00eancia de controle e doen\u00e7as do pa\u00eds, o Instituto Robert Koch. Foram 184 v\u00edtimas a mais no s\u00e1bado. Agora, a Alemanha possui 91.714 casos de coronav\u00edrus, um aumento de 5.936 em 24 horas.<\/p>\n<\/div>\n<div class=\"mc-column content-text active-extra-styles \" data-block-type=\"unstyled\" data-block-weight=\"56\" data-block-id=\"24\">\n<p class=\"content-text__container \" data-track-category=\"Link no Texto\" data-track-links=\"\">A Gr\u00e9cia colocou em quarentena uma segunda instala\u00e7\u00e3o de migrantes depois que um homem de 53 anos deu positivo para o novo coronav\u00edrus, informou o Minist\u00e9rio da Migra\u00e7\u00e3o neste domingo. O homem afeg\u00e3o vive com sua fam\u00edlia no campo de Malakasa junto com centenas de requerentes de asilo. Ele foi transferido para um hospital em Atenas.<\/p>\n<p data-track-category=\"Link no Texto\" data-track-links=\"\">Fonte: https:\/\/g1.globo.com\/bemestar\/coronavirus\/noticia\/<\/p>\n<p data-track-category=\"Link no Texto\" data-track-links=\"\">Imagem Ilustrativa<\/p>\n<\/div>\n<\/div>\n<div style=\"text-align: justify;\"><\/div>\n<\/div>\n","protected":false},"excerpt":{"rendered":"<p>Secretarias estaduais de sa\u00fade contabilizam 11.281 infectados em todos os estados e 487 mortos. As secretarias estaduais de Sa\u00fade divulgaram, at\u00e9 as 20h50 deste domingo (5),\u00a011.281 casos confirmados do\u00a0novo coronav\u00edrus (Sars-Cov-2)\u00a0no Brasil, com\u00a0487 mortes pela Covid-19.\u00a0Apenas dois estados ainda n\u00e3o registraram mortes: Acre e Tocantins. Nesta tarde,\u00a0Pernambuco registrou mais sete mortes por Covid-19, chegando a [&hellip;]<\/p>\n","protected":false},"author":1,"featured_media":23093,"comment_status":"closed","ping_status":"open","sticky":false,"template":"","format":"standard","meta":{"footnotes":""},"categories":[110,122],"tags":[],"class_list":["post-23092","post","type-post","status-publish","format-standard","has-post-thumbnail","hentry","category-noticiasdestaque","category-saudeeducacaoeconcurso"],"_links":{"self":[{"href":"https:\/\/jorgezanoni.com.br\/2019\/wp-json\/wp\/v2\/posts\/23092","targetHints":{"allow":["GET"]}}],"collection":[{"href":"https:\/\/jorgezanoni.com.br\/2019\/wp-json\/wp\/v2\/posts"}],"about":[{"href":"https:\/\/jorgezanoni.com.br\/2019\/wp-json\/wp\/v2\/types\/post"}],"author":[{"embeddable":true,"href":"https:\/\/jorgezanoni.com.br\/2019\/wp-json\/wp\/v2\/users\/1"}],"replies":[{"embeddable":true,"href":"https:\/\/jorgezanoni.com.br\/2019\/wp-json\/wp\/v2\/comments?post=23092"}],"version-history":[{"count":0,"href":"https:\/\/jorgezanoni.com.br\/2019\/wp-json\/wp\/v2\/posts\/23092\/revisions"}],"wp:featuredmedia":[{"embeddable":true,"href":"https:\/\/jorgezanoni.com.br\/2019\/wp-json\/wp\/v2\/media\/23093"}],"wp:attachment":[{"href":"https:\/\/jorgezanoni.com.br\/2019\/wp-json\/wp\/v2\/media?parent=23092"}],"wp:term":[{"taxonomy":"category","embeddable":true,"href":"https:\/\/jorgezanoni.com.br\/2019\/wp-json\/wp\/v2\/categories?post=23092"},{"taxonomy":"post_tag","embeddable":true,"href":"https:\/\/jorgezanoni.com.br\/2019\/wp-json\/wp\/v2\/tags?post=23092"}],"curies":[{"name":"wp","href":"https:\/\/api.w.org\/{rel}","templated":true}]}}