{"id":2309,"date":"2019-07-28T17:30:44","date_gmt":"2019-07-28T17:30:44","guid":{"rendered":"https:\/\/jorgezanoni.com.br\/2019\/?p=2309"},"modified":"2019-07-28T17:30:44","modified_gmt":"2019-07-28T17:30:44","slug":"jovem-morre-ao-perder-o-controle-da-moto-e-bater-em-grade-em-avenida-de-aracatuba","status":"publish","type":"post","link":"https:\/\/jorgezanoni.com.br\/2019\/jovem-morre-ao-perder-o-controle-da-moto-e-bater-em-grade-em-avenida-de-aracatuba\/","title":{"rendered":"Jovem morre ao perder o controle da moto e bater em grade em avenida de Ara\u00e7atuba"},"content":{"rendered":"<h2 class=\"content-head__subtitle\" style=\"text-align: justify;\"><strong>Jovem chegou a ser socorrida pelo Corpo de Bombeiros mas n\u00e3o resistiu aos ferimentos.<\/strong><\/h2>\n<div class=\"mc-column content-text active-extra-styles \" style=\"text-align: justify;\" data-block-type=\"unstyled\" data-block-weight=\"32\" data-block-id=\"2\">\n<p class=\"content-text__container \" data-track-category=\"Link no Texto\" data-track-links=\"\">Uma jovem de 21 anos morreu na manh\u00e3 deste domingo (28) ap\u00f3s perde o controle da moto e bater o ve\u00edculo em uma grade na Avenida Jos\u00e9 Ferreira Batista, em Ara\u00e7atuba (SP).<\/p>\n<\/div>\n<div class=\"wall protected-content\">\n<div class=\"mc-column content-text active-extra-styles \" style=\"text-align: justify;\" data-block-type=\"unstyled\" data-block-weight=\"26\" data-block-id=\"3\">\n<p class=\"content-text__container \" data-track-category=\"Link no Texto\" data-track-links=\"\">Segundo informa\u00e7\u00f5es da Pol\u00edcia Militar, Fernanda Santos Melhado estava seguindo pela avenida quando perdeu o controle, invadiu uma cal\u00e7ada e bateu na grade de um condom\u00ednio.<\/p>\n<\/div>\n<div class=\"mc-column content-text active-extra-styles \" data-block-type=\"unstyled\" data-block-weight=\"28\" data-block-id=\"4\">\n<p class=\"content-text__container \" style=\"text-align: justify;\" data-track-category=\"Link no Texto\" data-track-links=\"\">A jovem chegou a ser socorrida pelo Corpo de Bombeiros mas n\u00e3o resistiu aos ferimentos e morreu a caminho do hospital. As causas do acidente ser\u00e3o investigadas.<\/p>\n<p style=\"text-align: justify;\" data-track-category=\"Link no Texto\" data-track-links=\"\">Fonte: G1<\/p>\n<\/div>\n<\/div>\n","protected":false},"excerpt":{"rendered":"<p>Jovem chegou a ser socorrida pelo Corpo de Bombeiros mas n\u00e3o resistiu aos ferimentos. Uma jovem de 21 anos morreu na manh\u00e3 deste domingo (28) ap\u00f3s perde o controle da moto e bater o ve\u00edculo em uma grade na Avenida Jos\u00e9 Ferreira Batista, em Ara\u00e7atuba (SP). Segundo informa\u00e7\u00f5es da Pol\u00edcia Militar, Fernanda Santos Melhado estava [&hellip;]<\/p>\n","protected":false},"author":1,"featured_media":2310,"comment_status":"closed","ping_status":"open","sticky":false,"template":"","format":"standard","meta":{"footnotes":""},"categories":[170,110],"tags":[],"class_list":["post-2309","post","type-post","status-publish","format-standard","has-post-thumbnail","hentry","category-acidentes","category-noticiasdestaque"],"_links":{"self":[{"href":"https:\/\/jorgezanoni.com.br\/2019\/wp-json\/wp\/v2\/posts\/2309","targetHints":{"allow":["GET"]}}],"collection":[{"href":"https:\/\/jorgezanoni.com.br\/2019\/wp-json\/wp\/v2\/posts"}],"about":[{"href":"https:\/\/jorgezanoni.com.br\/2019\/wp-json\/wp\/v2\/types\/post"}],"author":[{"embeddable":true,"href":"https:\/\/jorgezanoni.com.br\/2019\/wp-json\/wp\/v2\/users\/1"}],"replies":[{"embeddable":true,"href":"https:\/\/jorgezanoni.com.br\/2019\/wp-json\/wp\/v2\/comments?post=2309"}],"version-history":[{"count":0,"href":"https:\/\/jorgezanoni.com.br\/2019\/wp-json\/wp\/v2\/posts\/2309\/revisions"}],"wp:featuredmedia":[{"embeddable":true,"href":"https:\/\/jorgezanoni.com.br\/2019\/wp-json\/wp\/v2\/media\/2310"}],"wp:attachment":[{"href":"https:\/\/jorgezanoni.com.br\/2019\/wp-json\/wp\/v2\/media?parent=2309"}],"wp:term":[{"taxonomy":"category","embeddable":true,"href":"https:\/\/jorgezanoni.com.br\/2019\/wp-json\/wp\/v2\/categories?post=2309"},{"taxonomy":"post_tag","embeddable":true,"href":"https:\/\/jorgezanoni.com.br\/2019\/wp-json\/wp\/v2\/tags?post=2309"}],"curies":[{"name":"wp","href":"https:\/\/api.w.org\/{rel}","templated":true}]}}