{"id":23083,"date":"2020-04-05T20:25:21","date_gmt":"2020-04-05T20:25:21","guid":{"rendered":"https:\/\/jorgezanoni.com.br\/2019\/?p=23083"},"modified":"2020-04-05T20:25:21","modified_gmt":"2020-04-05T20:25:21","slug":"doria-deve-anunciar-quarentena-por-mais-15-dias-em-sao-paulo","status":"publish","type":"post","link":"https:\/\/jorgezanoni.com.br\/2019\/doria-deve-anunciar-quarentena-por-mais-15-dias-em-sao-paulo\/","title":{"rendered":"Doria deve anunciar quarentena por mais 15 dias em S\u00e3o Paulo"},"content":{"rendered":"<h2 class=\"description\" style=\"text-align: justify;\"><strong>Decreto que determina paralisia de servi\u00e7os n\u00e3o essenciais no estado se encerra nesta ter\u00e7a-feira, 7.<\/strong><\/h2>\n<p style=\"text-align: justify;\">O governador de S\u00e3o Paulo,\u00a0<a href=\"https:\/\/veja.abril.com.br\/noticias-sobre\/joao-doria\/\"><strong>Jo\u00e3o Doria (PSDB)<\/strong><\/a>, deve anunciar nesta segunda-feira, 6, que o decreto determinando a quarentena em S\u00e3o Paulo ir\u00e1 ser estendido por mais 15 dias \u2014 ou seja, at\u00e9 23 de abril.\u00a0 A informa\u00e7\u00e3o foi confirmada a VEJA por membros do governo paulista pr\u00f3ximos ao comit\u00ea de crise do estado.<\/p>\n<p style=\"text-align: justify;\">A decis\u00e3o de dobrar o per\u00edodo inicial de confinamento em todo estado, iniciado no \u00faltimo dia 24 por duas semanas, \u00e9 amparada por proje\u00e7\u00f5es de aumento no n\u00famero de casos confirmados e mortes acusadas pelo\u00a0<a href=\"https:\/\/veja.abril.com.br\/noticias-sobre\/coronavirus\/\"><strong>novo coronav\u00edrus<\/strong><\/a>\u00a0nas pr\u00f3ximas duas semanas, e ser\u00e1 anunciada ap\u00f3s reuni\u00e3o do secretariado marcada para a manh\u00e3 de segunda-feira.<\/p>\n<p style=\"text-align: justify;\">At\u00e9 l\u00e1, por\u00e9m, o governador planeja flexibilizar o funcionamento de atividades que n\u00e3o impliquem em aglomera\u00e7\u00f5es.<\/p>\n<p style=\"text-align: justify;\">Fonte: https:\/\/veja.abril.com.br\/politica\/<\/p>\n","protected":false},"excerpt":{"rendered":"<p>Decreto que determina paralisia de servi\u00e7os n\u00e3o essenciais no estado se encerra nesta ter\u00e7a-feira, 7. O governador de S\u00e3o Paulo,\u00a0Jo\u00e3o Doria (PSDB), deve anunciar nesta segunda-feira, 6, que o decreto determinando a quarentena em S\u00e3o Paulo ir\u00e1 ser estendido por mais 15 dias \u2014 ou seja, at\u00e9 23 de abril.\u00a0 A informa\u00e7\u00e3o foi confirmada a [&hellip;]<\/p>\n","protected":false},"author":1,"featured_media":23084,"comment_status":"closed","ping_status":"open","sticky":false,"template":"","format":"standard","meta":{"footnotes":""},"categories":[110,116],"tags":[],"class_list":["post-23083","post","type-post","status-publish","format-standard","has-post-thumbnail","hentry","category-noticiasdestaque","category-politicaeeconomia"],"_links":{"self":[{"href":"https:\/\/jorgezanoni.com.br\/2019\/wp-json\/wp\/v2\/posts\/23083","targetHints":{"allow":["GET"]}}],"collection":[{"href":"https:\/\/jorgezanoni.com.br\/2019\/wp-json\/wp\/v2\/posts"}],"about":[{"href":"https:\/\/jorgezanoni.com.br\/2019\/wp-json\/wp\/v2\/types\/post"}],"author":[{"embeddable":true,"href":"https:\/\/jorgezanoni.com.br\/2019\/wp-json\/wp\/v2\/users\/1"}],"replies":[{"embeddable":true,"href":"https:\/\/jorgezanoni.com.br\/2019\/wp-json\/wp\/v2\/comments?post=23083"}],"version-history":[{"count":0,"href":"https:\/\/jorgezanoni.com.br\/2019\/wp-json\/wp\/v2\/posts\/23083\/revisions"}],"wp:featuredmedia":[{"embeddable":true,"href":"https:\/\/jorgezanoni.com.br\/2019\/wp-json\/wp\/v2\/media\/23084"}],"wp:attachment":[{"href":"https:\/\/jorgezanoni.com.br\/2019\/wp-json\/wp\/v2\/media?parent=23083"}],"wp:term":[{"taxonomy":"category","embeddable":true,"href":"https:\/\/jorgezanoni.com.br\/2019\/wp-json\/wp\/v2\/categories?post=23083"},{"taxonomy":"post_tag","embeddable":true,"href":"https:\/\/jorgezanoni.com.br\/2019\/wp-json\/wp\/v2\/tags?post=23083"}],"curies":[{"name":"wp","href":"https:\/\/api.w.org\/{rel}","templated":true}]}}