{"id":23061,"date":"2020-04-05T14:14:14","date_gmt":"2020-04-05T14:14:14","guid":{"rendered":"https:\/\/jorgezanoni.com.br\/2019\/?p=23061"},"modified":"2020-04-05T14:14:14","modified_gmt":"2020-04-05T14:14:14","slug":"casais-em-isolamento-como-superar-momento-de-convivencia-intensa-sem-destruir-a-relacao","status":"publish","type":"post","link":"https:\/\/jorgezanoni.com.br\/2019\/casais-em-isolamento-como-superar-momento-de-convivencia-intensa-sem-destruir-a-relacao\/","title":{"rendered":"Casais em isolamento: como superar momento de conviv\u00eancia intensa sem destruir a rela\u00e7\u00e3o"},"content":{"rendered":"<h2 class=\"content-head__subtitle\"><strong>China e EUA j\u00e1 registraram aumento em div\u00f3rcios neste per\u00edodo. Terapeuta e casais (famosos ou n\u00e3o) d\u00e3o dicas de como passar por esse per\u00edodo sem crises.<\/strong><\/h2>\n<div class=\"mc-column content-text active-extra-styles \" data-block-type=\"unstyled\" data-block-weight=\"35\" data-block-id=\"2\">\n<p class=\"content-text__container \" style=\"text-align: justify;\" data-track-category=\"Link no Texto\" data-track-links=\"\">As consequ\u00eancias da pandemia de coronav\u00edrus v\u00e3o al\u00e9m da sa\u00fade e da economia. Em Xi&#8217;am, na China, houve<a href=\"https:\/\/g1.globo.com\/ciencia-e-saude\/noticia\/2020\/03\/24\/coronavirus-confinamento-teria-causado-numero-recorde-de-divorcios-em-cidade-da-china.ghtml\">\u00a0um recorde no n\u00famero de pedidos de div\u00f3rcio nas \u00faltimas semanas<\/a>, segundo o jornal &#8220;The Global Times&#8221;.<\/p>\n<\/div>\n<div class=\"wall protected-content\">\n<div class=\"mc-column content-text active-extra-styles \" style=\"text-align: justify;\" data-block-type=\"unstyled\" data-block-weight=\"34\" data-block-id=\"3\">\n<p class=\"content-text__container \" data-track-category=\"Link no Texto\" data-track-links=\"\">O tabloide &#8220;New York Post&#8221; tamb\u00e9m informou que advogados especialistas em separa\u00e7\u00e3o relataram um aumento de 50% na busca de consultas por clientes em potencial no per\u00edodo de isolamento social nos Estados Unidos.<\/p>\n<\/div>\n<div class=\"mc-column content-text active-extra-styles \" style=\"text-align: justify;\" data-block-type=\"unstyled\" data-block-weight=\"43\" data-block-id=\"4\">\n<p class=\"content-text__container \" data-track-category=\"Link no Texto\" data-track-links=\"\">A terapeuta de casal e fam\u00edlia Pamela Magalh\u00e3es explica ao\u00a0<strong>G1\u00a0<\/strong>que essas crises acontecem porque &#8220;no per\u00edodo de isolamento, de confinamento, os casais s\u00e3o obrigados a se olharem, as fam\u00edlias precisam entrar em contato, reconhecer as suas din\u00e2micas e o mecanismo sist\u00eamico&#8221;.<\/p>\n<\/div>\n<div class=\"mc-column content-text active-extra-styles\" style=\"text-align: justify;\" data-block-type=\"raw\" data-block-weight=\"48\" data-block-id=\"5\">\n<blockquote class=\"content-blockquote theme-border-color-primary-before\"><p>&#8220;N\u00e3o h\u00e1 distra\u00e7\u00e3o, n\u00e3o tem trabalho, n\u00e3o tem a saidinha, n\u00e3o tem o &#8216;vou buscar um cigarro l\u00e1 fora e j\u00e1 volto&#8217;, n\u00e3o tem happy hour de quarta, n\u00e3o tem futebol de quinta, n\u00e3o tem as viagens pra distrair, n\u00e3o tem a vida social ativa&#8221;, diz a psic\u00f3loga.<\/p><\/blockquote>\n<\/div>\n<div class=\"mc-column content-text active-extra-styles \" style=\"text-align: justify;\" data-block-type=\"unstyled\" data-block-weight=\"23\" data-block-id=\"6\">\n<p class=\"content-text__container \" data-track-category=\"Link no Texto\" data-track-links=\"\">Para Patr\u00edcia, o aumento no n\u00famero de separa\u00e7\u00f5es, como os j\u00e1 registrados na China e nos Estados Unidos, pode acontecer tamb\u00e9m no Brasil.<\/p>\n<\/div>\n<div class=\"mc-column content-text active-extra-styles \" style=\"text-align: justify;\" data-block-type=\"unstyled\" data-block-weight=\"35\" data-block-id=\"7\">\n<p class=\"content-text__container \" data-track-category=\"Link no Texto\" data-track-links=\"\">&#8220;N\u00e3o tem nada a ver com o pa\u00eds. Tem a ver com a condi\u00e7\u00e3o do confinamento em que os casais s\u00e3o obrigados a entrar em contato com quest\u00f5es. Tudo que j\u00e1 existia tende a agravar.&#8221;<\/p>\n<\/div>\n<div class=\"mc-column content-text active-extra-styles \" style=\"text-align: justify;\" data-block-type=\"unstyled\" data-block-weight=\"45\" data-block-id=\"9\">\n<p class=\"content-text__container \" data-track-category=\"Link no Texto\" data-track-links=\"\">Ela destaca que as pessoas est\u00e3o vivendo um momento mais ansioso diante da pandemia: \u201cSe nos rendermos a essas emo\u00e7\u00f5es \u00e0 flor da pele e se a rela\u00e7\u00e3o j\u00e1 tinha ru\u00eddos que antes eram escondidos em algum lugar do arm\u00e1rio vai vir tudo \u00e0 tona.&#8221;<\/p>\n<\/div>\n<div class=\"mc-column content-text active-extra-styles \" style=\"text-align: justify;\" data-block-type=\"unstyled\" data-block-weight=\"45\" data-block-id=\"10\">\n<p class=\"content-text__container \" data-track-category=\"Link no Texto\" data-track-links=\"\">&#8220;Situa\u00e7\u00f5es como o distanciamento, a desconex\u00e3o que j\u00e1 existia, agora n\u00e3o tem mais \u00e1libi de justificativa pra que n\u00e3o haja o sexo, a conversa, a conviv\u00eancia, a troca. Sem essas desculpas antes convenientes que existiam, o casal \u00e9 obrigado a entrar em contato&#8221;, completa Patr\u00edcia<\/p>\n<\/div>\n<div class=\"mc-column content-text active-extra-styles \" style=\"text-align: justify;\" data-block-type=\"unstyled\" data-block-weight=\"16\" data-block-id=\"11\">\n<p class=\"content-text__container \" data-track-category=\"Link no Texto\" data-track-links=\"\">&#8220;Quem n\u00e3o tiver maturidade emocional, resili\u00eancia e disposi\u00e7\u00e3o para se reinventar dificilmente vai sair junto dessa.&#8221;<\/p>\n<\/div>\n<div class=\"mc-column content-text active-extra-styles\" style=\"text-align: justify;\" data-block-type=\"raw\" data-block-weight=\"3\" data-block-id=\"12\">\n<div class=\"content-intertitle\">\n<h2>O que fazer?<\/h2>\n<\/div>\n<\/div>\n<div class=\"mc-column content-text active-extra-styles \" style=\"text-align: justify;\" data-block-type=\"unstyled\" data-block-weight=\"12\" data-block-id=\"13\">\n<p class=\"content-text__container \" data-track-category=\"Link no Texto\" data-track-links=\"\">Patr\u00edcia d\u00e1 dicas para os casais passarem bem por esta fase.<\/p>\n<\/div>\n<div class=\"mc-column content-text active-extra-styles\" style=\"text-align: justify;\" data-block-type=\"raw\" data-block-weight=\"203\" data-block-id=\"14\">\n<ul class=\"content-unordered-list\">\n<li><strong>Reconhecer o momento:<\/strong>\u00a0\u00e9 um momento tenso, em uma atmosfera ansiosa, que \u00e9 uma situa\u00e7\u00e3o que mobiliza nosso estresse;<\/li>\n<li><strong>Pra eu viver um bom dueto, preciso saber fazer uma boa carreira solo:<\/strong>\u00a0como eu estou frente a essa situa\u00e7\u00e3o, como meu \u00edntimo est\u00e1 respondendo a tudo isso? Feito esse exerc\u00edcio, a\u00ed sim eu posso ir a meu parceiro e dividir com ele como me sinto;<\/li>\n<li><strong>Dividir e perguntar:\u00a0<\/strong>dividir como estou me sentindo, como \u00e9 pra mim, perguntar para o outro como ele est\u00e1. Criar um espa\u00e7o de conversa\u00e7\u00e3o que se possa externar as emo\u00e7\u00f5es exercita a cumplicidade;<\/li>\n<li><strong>Manter o ambiente de casa o mais pac\u00edfico poss\u00edvel mesmo em meio ao caos:<\/strong>\u00a0Pode se manter informado, n\u00e3o ficar alienado, mas tamb\u00e9m tem que se preservar;<\/li>\n<li><strong>Alternar o dia a dia com atividades gostosas pro casal:\u00a0<\/strong>Tudo o que promove sensa\u00e7\u00e3o de bem estar, prazer, gasto de energia, \u00e9 muito bem-vindo. Ver filmes, ouvir m\u00fasicas, fazer comidinha juntos, receitinha, dar risada, conversar;<\/li>\n<li><strong>Manter uma rotina mesmo em quarentena \u00e9 uma possibilidade de se organizar:\u00a0<\/strong>A disciplina traz essa sensa\u00e7\u00e3o de seguran\u00e7a, sentimento de organiza\u00e7\u00e3o. Mais organizado, o dia pode ficar um pouco mais previs\u00edvel e isso para o c\u00e9rebro traz uma sensa\u00e7\u00e3o de seguran\u00e7a.<\/li>\n<\/ul>\n<\/div>\n<div class=\"mc-column content-text active-extra-styles\" style=\"text-align: justify;\" data-block-type=\"raw\" data-block-weight=\"5\" data-block-id=\"16\">\n<div class=\"content-intertitle\">\n<h2>O que dizem os casais?<\/h2>\n<\/div>\n<\/div>\n<div class=\"mc-column content-text active-extra-styles \" style=\"text-align: justify;\" data-block-type=\"unstyled\" data-block-weight=\"46\" data-block-id=\"17\">\n<p class=\"content-text__container \" data-track-category=\"Link no Texto\" data-track-links=\"\">O\u00a0<strong>G1<\/strong>\u00a0conversou com casais para saber como est\u00e1 sendo o isolamento social. Todos os ouvidos nesta reportagem est\u00e3o cumprindo a orienta\u00e7\u00e3o para se manter em casa e readaptar as rotinas, com home office e aumento nas tarefas do lar. H\u00e1 casais com e sem filhos.<\/p>\n<\/div>\n<div class=\"mc-column content-text active-extra-styles\" style=\"text-align: justify;\" data-block-type=\"raw\" data-block-weight=\"3\" data-block-id=\"18\">\n<div class=\"content-intertitle\">\n<h2><strong>Camila e Vinicius<\/strong><\/h2>\n<\/div>\n<\/div>\n<div class=\"row medium-uncollapsed content-media content-photo\" style=\"text-align: justify;\" data-block-type=\"backstage-photo\" data-block-id=\"19\">\n<div class=\"mc-column content-media__container\">\n<div class=\"progressive-img can-open-lightbox\" data-min-size=\"1008x671\" data-min-size-url=\"https:\/\/s2.glbimg.com\/8eeRaFZdu0gXqTFyJkvRL086hr8=\/0x0:1080x719\/1008x0\/smart\/filters:strip_icc()\/i.s3.glbimg.com\/v1\/AUTH_59edd422c0c84a879bd37670ae4f538a\/internal_photos\/bs\/2020\/K\/T\/nZJFZyQRi2nM0KuUy0gA\/camis.jpg\" data-max-size=\"1600x1065\" data-max-size-url=\"https:\/\/s2.glbimg.com\/h9Tkirb_44hhf5tLdXPuBbgHfbw=\/0x0:1080x719\/1600x0\/smart\/filters:strip_icc()\/i.s3.glbimg.com\/v1\/AUTH_59edd422c0c84a879bd37670ae4f538a\/internal_photos\/bs\/2020\/K\/T\/nZJFZyQRi2nM0KuUy0gA\/camis.jpg\" data-media-index=\"1\">\n<div class=\"placeholder-container\"><img decoding=\"async\" class=\"image content-media__image progressive-loaded\" title=\"O casal Camilla Andrade e Vin\u00edcius Navarro entre Luiza e Lara: 'Isolamento mudou radicalmente a nossa rotina' \u2014 Foto: Reprodu\u00e7\u00e3o\/Instagram\" src=\"https:\/\/s2.glbimg.com\/ngFhbA-0GObY8XP0yI5mC9tiN8A=\/0x0:1080x719\/984x0\/smart\/filters:strip_icc()\/i.s3.glbimg.com\/v1\/AUTH_59edd422c0c84a879bd37670ae4f538a\/internal_photos\/bs\/2020\/K\/T\/nZJFZyQRi2nM0KuUy0gA\/camis.jpg\" alt=\"O casal Camilla Andrade e Vin\u00edcius Navarro entre Luiza e Lara: 'Isolamento mudou radicalmente a nossa rotina' \u2014 Foto: Reprodu\u00e7\u00e3o\/Instagram\" data-src=\"https:\/\/s2.glbimg.com\/ngFhbA-0GObY8XP0yI5mC9tiN8A=\/0x0:1080x719\/984x0\/smart\/filters:strip_icc()\/i.s3.glbimg.com\/v1\/AUTH_59edd422c0c84a879bd37670ae4f538a\/internal_photos\/bs\/2020\/K\/T\/nZJFZyQRi2nM0KuUy0gA\/camis.jpg\" \/><\/div>\n<\/div>\n<p class=\"content-media__description \">O casal Camilla Andrade e Vin\u00edcius Navarro entre Luiza e Lara: &#8216;Isolamento mudou radicalmente a nossa rotina&#8217; \u2014 Foto: Reprodu\u00e7\u00e3o\/Instagram<\/p>\n<\/div>\n<\/div>\n<div class=\"mc-column content-text active-extra-styles \" style=\"text-align: justify;\" data-block-type=\"unstyled\" data-block-weight=\"39\" data-block-id=\"20\">\n<p class=\"content-text__container \" data-track-category=\"Link no Texto\" data-track-links=\"\">Morando juntos h\u00e1 sete anos, a farmac\u00eautica Camilla Andrade, de 37 anos, e o advogado Vinicius Navarro, 38, trabalham em turnos opostos. &#8220;Ele em hor\u00e1rio comercial, e eu at\u00e9 \u00e0s 22h, com plant\u00f5es aos finais de semana e feriados.&#8221;<\/p>\n<\/div>\n<div class=\"mc-column content-text active-extra-styles \" style=\"text-align: justify;\" data-block-type=\"unstyled\" data-block-weight=\"33\" data-block-id=\"21\">\n<p class=\"content-text__container \" data-track-category=\"Link no Texto\" data-track-links=\"\">Com isso, o contato f\u00edsico di\u00e1rio dos dois se limitava a tr\u00eas horas. \u201cLongos per\u00edodos, apenas nas minhas 24 horas de folga &#8212; e quando ela \u00e9 generosa, 48\/72 horas\u201d, explica Camilla.<\/p>\n<\/div>\n<div class=\"mc-column content-text active-extra-styles \" style=\"text-align: justify;\" data-block-type=\"unstyled\" data-block-weight=\"43\" data-block-id=\"22\">\n<p class=\"content-text__container \" data-track-category=\"Link no Texto\" data-track-links=\"\">&#8220;Esse isolamento mudou radicalmente a nossa rotina, n\u00f3s dois passamos a trabalhar em casa e as crian\u00e7as sem escola (temos duas filhas 3 e 8 anos). Sendo assim, convivemos o tempo todo juntos, todos, exceto no per\u00edodo que estamos efetivamente trabalhando (7 horas\/dia).&#8221;<\/p>\n<\/div>\n<div class=\"mc-column content-text active-extra-styles\" style=\"text-align: justify;\" data-block-type=\"raw\" data-block-weight=\"25\" data-block-id=\"23\">\n<blockquote class=\"content-blockquote theme-border-color-primary-before\"><p>&#8220;Encaramos toda essa situa\u00e7\u00e3o como uma oportunidade em passarmos mais tempos juntos, coisa que eu particularmente sentia muita falta. Mas a primeira semana foi desafiadora.&#8221;<\/p><\/blockquote>\n<\/div>\n<div class=\"mc-column content-text active-extra-styles \" style=\"text-align: justify;\" data-block-type=\"unstyled\" data-block-weight=\"58\" data-block-id=\"24\">\n<p class=\"content-text__container \" data-track-category=\"Link no Texto\" data-track-links=\"\">&#8220;Ficamos perdidos na rotina das meninas, com os hor\u00e1rios das refei\u00e7\u00f5es e administrar tudo isso gerou alguns atritos. Ap\u00f3s essa fase de adapta\u00e7\u00e3o, tudo se encaixou e criamos uma rotina que vai desde hora para acordar, tempo disponibilizado para atividade f\u00edsica, momento em fam\u00edlia e tempo a s\u00f3s, somente n\u00f3s dois. Hoje vemos que o isolamento nos aproximou.&#8221;<\/p>\n<\/div>\n<div class=\"mc-column content-text active-extra-styles\" style=\"text-align: justify;\" data-block-type=\"raw\" data-block-weight=\"3\" data-block-id=\"26\">\n<div class=\"content-intertitle\">\n<h2>Lu e Marcos<\/h2>\n<\/div>\n<\/div>\n<div class=\"row medium-uncollapsed content-media content-photo\" style=\"text-align: justify;\" data-block-type=\"backstage-photo\" data-block-id=\"27\">\n<div class=\"mc-column content-media__container\">\n<div class=\"progressive-img can-open-lightbox\" data-min-size=\"1008x756\" data-min-size-url=\"https:\/\/s2.glbimg.com\/Ve9oTQKzlnIIe3nJvFdGOUs9QHE=\/0x0:1080x810\/1008x0\/smart\/filters:strip_icc()\/i.s3.glbimg.com\/v1\/AUTH_59edd422c0c84a879bd37670ae4f538a\/internal_photos\/bs\/2020\/t\/y\/8XJnU0QAK0mvRNaz0KwA\/marcos.jpg\" data-max-size=\"1600x1200\" data-max-size-url=\"https:\/\/s2.glbimg.com\/af-wHXXXPe-jz9Zzn84I04lx6iw=\/0x0:1080x810\/1600x0\/smart\/filters:strip_icc()\/i.s3.glbimg.com\/v1\/AUTH_59edd422c0c84a879bd37670ae4f538a\/internal_photos\/bs\/2020\/t\/y\/8XJnU0QAK0mvRNaz0KwA\/marcos.jpg\" data-media-index=\"2\">\n<div class=\"placeholder-container\"><img decoding=\"async\" class=\"image content-media__image progressive-loaded\" title=\"O cantor sertanejo Marcos em per\u00edodo de isolamento social na companhia da mulher, Lu Marchioto, e dos filhos Larissa, Lili e Leo \u2014 Foto: Reprodu\u00e7\u00e3o\/Instagram\" src=\"https:\/\/s2.glbimg.com\/AZHoA5MZblY38-T9tzsnisccs70=\/0x0:1080x810\/984x0\/smart\/filters:strip_icc()\/i.s3.glbimg.com\/v1\/AUTH_59edd422c0c84a879bd37670ae4f538a\/internal_photos\/bs\/2020\/t\/y\/8XJnU0QAK0mvRNaz0KwA\/marcos.jpg\" alt=\"O cantor sertanejo Marcos em per\u00edodo de isolamento social na companhia da mulher, Lu Marchioto, e dos filhos Larissa, Lili e Leo \u2014 Foto: Reprodu\u00e7\u00e3o\/Instagram\" data-src=\"https:\/\/s2.glbimg.com\/AZHoA5MZblY38-T9tzsnisccs70=\/0x0:1080x810\/984x0\/smart\/filters:strip_icc()\/i.s3.glbimg.com\/v1\/AUTH_59edd422c0c84a879bd37670ae4f538a\/internal_photos\/bs\/2020\/t\/y\/8XJnU0QAK0mvRNaz0KwA\/marcos.jpg\" \/><\/div>\n<\/div>\n<p class=\"content-media__description \">O cantor sertanejo Marcos em per\u00edodo de isolamento social na companhia da mulher, Lu Marchioto, e dos filhos Larissa, Lili e Leo \u2014 Foto: Reprodu\u00e7\u00e3o\/Instagram<\/p>\n<\/div>\n<\/div>\n<div class=\"mc-column content-text active-extra-styles \" style=\"text-align: justify;\" data-block-type=\"unstyled\" data-block-weight=\"19\" data-block-id=\"28\">\n<p class=\"content-text__container \" data-track-category=\"Link no Texto\" data-track-links=\"\">Marcos, que forma a dupla sertaneja ao lado de Belutti, tamb\u00e9m cita uma melhora no relacionamento com o isolamento:<\/p>\n<\/div>\n<div class=\"mc-column content-text active-extra-styles \" style=\"text-align: justify;\" data-block-type=\"unstyled\" data-block-weight=\"46\" data-block-id=\"29\">\n<p class=\"content-text__container \" data-track-category=\"Link no Texto\" data-track-links=\"\">&#8220;Nossa conviv\u00eancia est\u00e1 at\u00e9 melhor, porque boa parte dos atritos que aconteciam em casa, muitas vezes vinham de interfer\u00eancias externas. Interfer\u00eancia no trabalho, de amizade, falta de tempo pra eu estar em casa. Pelo fato de a gente estar vivendo pela fam\u00edlia agora, os atritos diminu\u00edram.&#8221;<\/p>\n<\/div>\n<div class=\"mc-column content-text active-extra-styles \" style=\"text-align: justify;\" data-block-type=\"unstyled\" data-block-weight=\"30\" data-block-id=\"30\">\n<p class=\"content-text__container \" data-track-category=\"Link no Texto\" data-track-links=\"\">Para ele, a mudan\u00e7a nesta fase de isolamento est\u00e1 no aumento das tarefas dom\u00e9sticas, j\u00e1 que est\u00e1 acostumado a ficar bastante tempo fora por causa da agenda de shows.<\/p>\n<\/div>\n<div class=\"mc-column content-text active-extra-styles \" style=\"text-align: justify;\" data-block-type=\"unstyled\" data-block-weight=\"53\" data-block-id=\"31\">\n<p class=\"content-text__container \" data-track-category=\"Link no Texto\" data-track-links=\"\">Lu Marchioto, esposa de Marcos, concorda: &#8220;Esta \u00e9 a hora de os casais se unirem e fortalecerem os la\u00e7os, porque a gente n\u00e3o sabe o que vai enfrentar l\u00e1 na frente&#8221;. Marcos completa que o momento \u00e9 bom para conversas construtivas &#8220;sobre a vida amorosa, os sonhos, as coisas que fazem falta&#8221;.<\/p>\n<\/div>\n<div class=\"mc-column content-text active-extra-styles\" style=\"text-align: justify;\" data-block-type=\"raw\" data-block-weight=\"3\" data-block-id=\"32\">\n<div class=\"content-intertitle\">\n<h2><strong>Diene e Fabio<\/strong><\/h2>\n<\/div>\n<\/div>\n<div class=\"row medium-uncollapsed content-media content-photo\" style=\"text-align: justify;\" data-block-type=\"backstage-photo\" data-block-id=\"33\">\n<div class=\"mc-column content-media__container\">\n<div class=\"progressive-img can-open-lightbox\" data-min-size=\"1008x799\" data-min-size-url=\"https:\/\/s2.glbimg.com\/ESosoFsTmxR2CfV_0-AJQW0AFt4=\/0x489:720x1060\/1008x0\/smart\/filters:strip_icc()\/i.s3.glbimg.com\/v1\/AUTH_59edd422c0c84a879bd37670ae4f538a\/internal_photos\/bs\/2020\/p\/G\/3HKpcMSKGXp7Bhwzvfyw\/whatsapp-image-2020-03-30-at-13.20.23.jpeg\" data-max-size=\"1600x1268\" data-max-size-url=\"https:\/\/s2.glbimg.com\/lWe5j0w9jBblufTdPhYS_wIGyt4=\/0x489:720x1060\/1600x0\/smart\/filters:strip_icc()\/i.s3.glbimg.com\/v1\/AUTH_59edd422c0c84a879bd37670ae4f538a\/internal_photos\/bs\/2020\/p\/G\/3HKpcMSKGXp7Bhwzvfyw\/whatsapp-image-2020-03-30-at-13.20.23.jpeg\" data-media-index=\"3\">\n<div class=\"placeholder-container\"><img decoding=\"async\" class=\"image content-media__image progressive-loaded\" title=\"O casal Diene Duarte de Almeida e Fabio Costa: &quot;N\u00e3o dormimos brigados&quot; \u2014 Foto: Arquivo Pessoal\" src=\"https:\/\/s2.glbimg.com\/9yn7CoHlwcH3hmjrTB1DUpYVA_M=\/0x489:720x1060\/984x0\/smart\/filters:strip_icc()\/i.s3.glbimg.com\/v1\/AUTH_59edd422c0c84a879bd37670ae4f538a\/internal_photos\/bs\/2020\/p\/G\/3HKpcMSKGXp7Bhwzvfyw\/whatsapp-image-2020-03-30-at-13.20.23.jpeg\" alt=\"O casal Diene Duarte de Almeida e Fabio Costa: &quot;N\u00e3o dormimos brigados&quot; \u2014 Foto: Arquivo Pessoal\" data-src=\"https:\/\/s2.glbimg.com\/9yn7CoHlwcH3hmjrTB1DUpYVA_M=\/0x489:720x1060\/984x0\/smart\/filters:strip_icc()\/i.s3.glbimg.com\/v1\/AUTH_59edd422c0c84a879bd37670ae4f538a\/internal_photos\/bs\/2020\/p\/G\/3HKpcMSKGXp7Bhwzvfyw\/whatsapp-image-2020-03-30-at-13.20.23.jpeg\" \/><\/div>\n<\/div>\n<p class=\"content-media__description \">O casal Diene Duarte de Almeida e Fabio Costa: &#8220;N\u00e3o dormimos brigados&#8221; \u2014 Foto: Arquivo Pessoal<\/p>\n<\/div>\n<\/div>\n<div class=\"mc-column content-text active-extra-styles \" style=\"text-align: justify;\" data-block-type=\"unstyled\" data-block-weight=\"28\" data-block-id=\"35\">\n<p class=\"content-text__container \" data-track-category=\"Link no Texto\" data-track-links=\"\">A pedagoga Diene Duarte de Almeida, de 45 anos, e o advogado Fabio Costa, 44, est\u00e3o casados h\u00e1 13 anos, e t\u00eam uma premissa b\u00e1sica na rela\u00e7\u00e3o:<\/p>\n<\/div>\n<div class=\"mc-column content-text active-extra-styles\" style=\"text-align: justify;\" data-block-type=\"raw\" data-block-weight=\"16\" data-block-id=\"36\">\n<blockquote class=\"content-blockquote theme-border-color-primary-before\"><p>&#8220;N\u00e3o dormimos brigados. Temos essa m\u00e1xima do casamento e que vale muito nessa quarentena&#8221;, diz Diene.<\/p><\/blockquote>\n<\/div>\n<div class=\"mc-column content-text active-extra-styles \" style=\"text-align: justify;\" data-block-type=\"unstyled\" data-block-weight=\"35\" data-block-id=\"37\">\n<p class=\"content-text__container \" data-track-category=\"Link no Texto\" data-track-links=\"\">A pedagoga diz que o m\u00e1ximo de tempo que passava com o marido era durante as f\u00e9rias, mas que apesar do aumento de tempo de conviv\u00eancia, a \u00fanica altera\u00e7\u00e3o notada foi nas tarefas dom\u00e9sticas.<\/p>\n<\/div>\n<div class=\"mc-column content-text active-extra-styles \" style=\"text-align: justify;\" data-block-type=\"unstyled\" data-block-weight=\"48\" data-block-id=\"38\">\n<p class=\"content-text__container \" data-track-category=\"Link no Texto\" data-track-links=\"\">&#8220;Tivemos um atrito que foi por uma quest\u00e3o que eu precipitei e ele ficou muito bravo. Mas eu errei, porque eu sou muito afobada. Foi na garagem e, quando a gente chegou em cima [no apartamento], j\u00e1 tava dando risada porque eu vi a besteira que eu fiz.&#8221;<\/p>\n<\/div>\n<div class=\"mc-column content-text active-extra-styles \" style=\"text-align: justify;\" data-block-type=\"unstyled\" data-block-weight=\"26\" data-block-id=\"39\">\n<p class=\"content-text__container \" data-track-category=\"Link no Texto\" data-track-links=\"\">\u201cA gente tem muito bom humor, tira sarro um da cara do outro o tempo inteiro, ent\u00e3o a conviv\u00eancia \u00e9 muito tranquila, muito saud\u00e1vel\u201d, diz ela.<\/p>\n<\/div>\n<div class=\"mc-column content-text active-extra-styles \" style=\"text-align: justify;\" data-block-type=\"unstyled\" data-block-weight=\"34\" data-block-id=\"40\">\n<p class=\"content-text__container \" data-track-category=\"Link no Texto\" data-track-links=\"\">&#8220;A gente tem que gostar da companhia do outro. Quando voc\u00ea casa com quem voc\u00ea gosta da companhia, gosta dos assuntos, tem afinidade, \u00e9 muito tranquilo. Mais do que um casamento, \u00e9 uma parceria.&#8221;<\/p>\n<\/div>\n<div class=\"mc-column content-text active-extra-styles\" style=\"text-align: justify;\" data-block-type=\"raw\" data-block-weight=\"3\" data-block-id=\"41\">\n<div class=\"content-intertitle\">\n<h2>Rafaella e Latino<\/h2>\n<\/div>\n<\/div>\n<div class=\"mc-column content-text active-extra-styles \" style=\"text-align: justify;\" data-block-type=\"unstyled\" data-block-weight=\"22\" data-block-id=\"42\">\n<p class=\"content-text__container \" data-track-category=\"Link no Texto\" data-track-links=\"\">Morando junto com a namorada, Rafaella Ribeiro, h\u00e1 quase um ano, o cantor Latino cita a import\u00e2ncia da individualidade nesse per\u00edodo.<\/p>\n<\/div>\n<div class=\"mc-column content-text active-extra-styles\" style=\"text-align: justify;\" data-block-type=\"raw\" data-block-weight=\"22\" data-block-id=\"43\">\n<blockquote class=\"content-blockquote theme-border-color-primary-before\"><p>&#8220;Mesmo estando na mesma casa, \u00e9 muito importante cada um ter seu momento de privacidade, lendo, vendo um filme, fazendo uma medita\u00e7\u00e3o&#8221;.<\/p><\/blockquote>\n<\/div>\n<div class=\"mc-column content-text active-extra-styles \" style=\"text-align: justify;\" data-block-type=\"unstyled\" data-block-weight=\"41\" data-block-id=\"44\">\n<p class=\"content-text__container \" data-track-category=\"Link no Texto\" data-track-links=\"\">&#8220;O cantor diz que o casal \u00e9 &#8220;bem tranquilo&#8221; e tem tentado seguir a rotina normal dentro de casa. Estamos mantendo os treinos, cozinhando e trabalhando muito&#8217;. Nesta fase de isolamento, o casal j\u00e1 se uniu, inclusive, para um projeto musical.<\/p>\n<\/div>\n<div class=\"mc-column content-text active-extra-styles \" style=\"text-align: justify;\" data-block-type=\"unstyled\" data-block-weight=\"46\" data-block-id=\"45\">\n<p class=\"content-text__container \" data-track-category=\"Link no Texto\" data-track-links=\"\">Logo ap\u00f3s o carnaval, Latino, Rafaella e alguns amigos ficaram em quarentena na casa de uma tia em Angra dos Reis ap\u00f3s descobrirem que a anfitri\u00e3 havia acabado de retornar da It\u00e1lia. Durante os quinze dias que permaneceram no local, Latino decidiu fazer um clipe.<\/p>\n<\/div>\n<div class=\"content-ads content-ads--reveal\" style=\"text-align: justify;\" data-block-type=\"ads\" data-block-id=\"46\"><\/div>\n<div class=\"mc-column content-text active-extra-styles \" style=\"text-align: justify;\" data-block-type=\"unstyled\" data-block-weight=\"49\" data-block-id=\"47\">\n<p class=\"content-text__container \" data-track-category=\"Link no Texto\" data-track-links=\"\">&#8220;Ansioso que \u00e9, Latino resolveu fazer um v\u00eddeoclipe divertido para que n\u00e3o pirassem com essa reclus\u00e3o. Juntou a turma que estava na casa, criaram um personagem para cada um e gravaram&#8221;, explica a assessoria do cantor. Rafaella \u00e9 Lili, que d\u00e1 nome \u00e0 m\u00fasica. Ela tamb\u00e9m participou do roteiro.<\/p>\n<\/div>\n<div class=\"mc-column content-text active-extra-styles\" style=\"text-align: justify;\" data-block-type=\"raw\" data-block-weight=\"3\" data-block-id=\"48\">\n<div class=\"content-intertitle\">\n<h2>Beatriz e Dilsinho<\/h2>\n<\/div>\n<\/div>\n<div class=\"row medium-uncollapsed content-media content-photo\" style=\"text-align: justify;\" data-block-type=\"backstage-photo\" data-block-id=\"49\">\n<div class=\"mc-column content-media__container\">\n<div class=\"progressive-img can-open-lightbox\" data-min-size=\"1008x725\" data-min-size-url=\"https:\/\/s2.glbimg.com\/Q5ryJ2FMl59lSwgM1cBgQlprlNk=\/0x225:1080x1002\/1008x0\/smart\/filters:strip_icc()\/i.s3.glbimg.com\/v1\/AUTH_59edd422c0c84a879bd37670ae4f538a\/internal_photos\/bs\/2020\/N\/f\/t1otHNSzurAKnfUEJf3g\/dilsinho.jpg\" data-max-size=\"1600x1151\" data-max-size-url=\"https:\/\/s2.glbimg.com\/W84RbjsVjN7wTgM77o8MM_9RSzI=\/0x225:1080x1002\/1600x0\/smart\/filters:strip_icc()\/i.s3.glbimg.com\/v1\/AUTH_59edd422c0c84a879bd37670ae4f538a\/internal_photos\/bs\/2020\/N\/f\/t1otHNSzurAKnfUEJf3g\/dilsinho.jpg\" data-media-index=\"4\">\n<div class=\"placeholder-container\"><img decoding=\"async\" class=\"image content-media__image progressive-loaded\" title=\"Dilsinho e a mulher, Beatriz Ferraz \u2014 Foto: Reprodu\u00e7\u00e3o\/Instagram\" src=\"https:\/\/s2.glbimg.com\/Bl4o93mCXYrHTdTIh-1C7-6i74Y=\/0x225:1080x1002\/984x0\/smart\/filters:strip_icc()\/i.s3.glbimg.com\/v1\/AUTH_59edd422c0c84a879bd37670ae4f538a\/internal_photos\/bs\/2020\/N\/f\/t1otHNSzurAKnfUEJf3g\/dilsinho.jpg\" alt=\"Dilsinho e a mulher, Beatriz Ferraz \u2014 Foto: Reprodu\u00e7\u00e3o\/Instagram\" data-src=\"https:\/\/s2.glbimg.com\/Bl4o93mCXYrHTdTIh-1C7-6i74Y=\/0x225:1080x1002\/984x0\/smart\/filters:strip_icc()\/i.s3.glbimg.com\/v1\/AUTH_59edd422c0c84a879bd37670ae4f538a\/internal_photos\/bs\/2020\/N\/f\/t1otHNSzurAKnfUEJf3g\/dilsinho.jpg\" \/><\/div>\n<\/div>\n<p class=\"content-media__description \">Dilsinho e a mulher, Beatriz Ferraz \u2014 Foto: Reprodu\u00e7\u00e3o\/Instagram<\/p>\n<\/div>\n<\/div>\n<div class=\"mc-column content-text active-extra-styles \" style=\"text-align: justify;\" data-block-type=\"unstyled\" data-block-weight=\"21\" data-block-id=\"50\">\n<p class=\"content-text__container \" data-track-category=\"Link no Texto\" data-track-links=\"\">Morando h\u00e1 tr\u00eas anos com a mulher, Beatriz Ferraz, o cantor Dilsinho v\u00ea um ponto positivo no meio da pandemia.<\/p>\n<\/div>\n<div class=\"mc-column content-text active-extra-styles\" style=\"text-align: justify;\" data-block-type=\"raw\" data-block-weight=\"36\" data-block-id=\"51\">\n<blockquote class=\"content-blockquote theme-border-color-primary-before\"><p>&#8220;O lado bom de toda essa loucura \u00e9 que estamos passando mais tempo juntos, consigo tomar caf\u00e9, almo\u00e7ar, jantar em fam\u00edlia. Coisas que parecem simples, mas n\u00e3o conseguia fazer com frequ\u00eancia devido \u00e0 rotina do trabalho&#8221;.<\/p><\/blockquote>\n<\/div>\n<div class=\"mc-column content-text active-extra-styles \" style=\"text-align: justify;\" data-block-type=\"unstyled\" data-block-weight=\"44\" data-block-id=\"52\">\n<p class=\"content-text__container \" data-track-category=\"Link no Texto\" data-track-links=\"\">Dilsinho faz uma m\u00e9dia de 20 shows por m\u00eas. Para o cantor, a pr\u00e1tica de exerc\u00edcios f\u00edsicos, a divis\u00e3o das tarefas do lar e a escolha de uma s\u00e9rie para acompanharem juntos s\u00e3o alguns trunfos para que a rela\u00e7\u00e3o saia ilesa desse per\u00edodo.<\/p>\n<\/div>\n<div class=\"mc-column content-text active-extra-styles \" style=\"text-align: justify;\" data-block-type=\"unstyled\" data-block-weight=\"21\" data-block-id=\"53\">\n<p class=\"content-text__container \" data-track-category=\"Link no Texto\" data-track-links=\"\">&#8220;Estamos h\u00e1 um bom tempo juntos e fomos aprendendo com o tempo que cada um precisa do seu espa\u00e7o e personalidade.&#8221;<\/p>\n<\/div>\n<div class=\"mc-column content-text active-extra-styles \" data-block-type=\"unstyled\" data-block-weight=\"28\" data-block-id=\"54\">\n<p class=\"content-text__container \" style=\"text-align: justify;\" data-track-category=\"Link no Texto\" data-track-links=\"\">&#8220;Uma m\u00fasica do Jota Quest representa bem o meu pensamento: &#8216;a nossa liberdade \u00e9 o que nos prende'&#8221;, explica o cantor, citando o verso de &#8220;Mais uma vez&#8221;.<\/p>\n<p style=\"text-align: justify;\" data-track-category=\"Link no Texto\" data-track-links=\"\">Fonte: G1<\/p>\n<\/div>\n<\/div>\n","protected":false},"excerpt":{"rendered":"<p>China e EUA j\u00e1 registraram aumento em div\u00f3rcios neste per\u00edodo. Terapeuta e casais (famosos ou n\u00e3o) d\u00e3o dicas de como passar por esse per\u00edodo sem crises. As consequ\u00eancias da pandemia de coronav\u00edrus v\u00e3o al\u00e9m da sa\u00fade e da economia. Em Xi&#8217;am, na China, houve\u00a0um recorde no n\u00famero de pedidos de div\u00f3rcio nas \u00faltimas semanas, segundo [&hellip;]<\/p>\n","protected":false},"author":1,"featured_media":23062,"comment_status":"closed","ping_status":"open","sticky":false,"template":"","format":"standard","meta":{"footnotes":""},"categories":[114,110],"tags":[],"class_list":["post-23061","post","type-post","status-publish","format-standard","has-post-thumbnail","hentry","category-geralecomercio","category-noticiasdestaque"],"_links":{"self":[{"href":"https:\/\/jorgezanoni.com.br\/2019\/wp-json\/wp\/v2\/posts\/23061","targetHints":{"allow":["GET"]}}],"collection":[{"href":"https:\/\/jorgezanoni.com.br\/2019\/wp-json\/wp\/v2\/posts"}],"about":[{"href":"https:\/\/jorgezanoni.com.br\/2019\/wp-json\/wp\/v2\/types\/post"}],"author":[{"embeddable":true,"href":"https:\/\/jorgezanoni.com.br\/2019\/wp-json\/wp\/v2\/users\/1"}],"replies":[{"embeddable":true,"href":"https:\/\/jorgezanoni.com.br\/2019\/wp-json\/wp\/v2\/comments?post=23061"}],"version-history":[{"count":0,"href":"https:\/\/jorgezanoni.com.br\/2019\/wp-json\/wp\/v2\/posts\/23061\/revisions"}],"wp:featuredmedia":[{"embeddable":true,"href":"https:\/\/jorgezanoni.com.br\/2019\/wp-json\/wp\/v2\/media\/23062"}],"wp:attachment":[{"href":"https:\/\/jorgezanoni.com.br\/2019\/wp-json\/wp\/v2\/media?parent=23061"}],"wp:term":[{"taxonomy":"category","embeddable":true,"href":"https:\/\/jorgezanoni.com.br\/2019\/wp-json\/wp\/v2\/categories?post=23061"},{"taxonomy":"post_tag","embeddable":true,"href":"https:\/\/jorgezanoni.com.br\/2019\/wp-json\/wp\/v2\/tags?post=23061"}],"curies":[{"name":"wp","href":"https:\/\/api.w.org\/{rel}","templated":true}]}}