{"id":23055,"date":"2020-04-05T13:12:26","date_gmt":"2020-04-05T13:12:26","guid":{"rendered":"https:\/\/jorgezanoni.com.br\/2019\/?p=23055"},"modified":"2020-04-05T13:12:26","modified_gmt":"2020-04-05T13:12:26","slug":"paciente-de-junqueiropolis-de-36-anos-que-foi-internado-ontem-em-dracena-veio-a-obito","status":"publish","type":"post","link":"https:\/\/jorgezanoni.com.br\/2019\/paciente-de-junqueiropolis-de-36-anos-que-foi-internado-ontem-em-dracena-veio-a-obito\/","title":{"rendered":"Paciente de Junqueir\u00f3polis de 36 anos que foi internado ontem em Dracena, veio a \u00f3bito"},"content":{"rendered":"<p style=\"text-align: justify;\">NOTA OFICIAL<\/p>\n<p style=\"text-align: justify;\">A Prefeitura de Dracena, comunica o falecimento do paciente de 36 anos de Junqueir\u00f3polis que estava internado desde ontem (04) na Santa Casa de Dracena.<\/p>\n<p style=\"text-align: justify;\">Ele estava internado na UTI em isolamento com SINTOMAS do novo coronav\u00edrus, antes de chegar em Dracena, o paciente ficou internado por cinco dias na Santa Casa de Junqueir\u00f3polis.<\/p>\n<div class=\"text_exposed_show\">\n<p style=\"text-align: justify;\">O \u00f3bito ocorreu \u00e0s 6h30 de hoje, e a Secretaria de Sa\u00fade de Dracena foi notificada \u00e0s 9h35.<\/p>\n<p style=\"text-align: justify;\">Ainda \u00e9 aguardado o resultado do exame que est\u00e1 na fila do Instituto Adolfo Lutz, portanto, N\u00c3O H\u00c1 COMO AFIRMAR que a causa da morte seja Covid-19.<\/p>\n<p style=\"text-align: justify;\">A Secretaria de Sa\u00fade informa que toda a fam\u00edlia que teve contato direto ou indireto com este homem, est\u00e1 sendo orientada a ficar em isolamento social por 14 dias, desde quando se deu a suspeita.<\/p>\n<\/div>\n","protected":false},"excerpt":{"rendered":"<p>NOTA OFICIAL A Prefeitura de Dracena, comunica o falecimento do paciente de 36 anos de Junqueir\u00f3polis que estava internado desde ontem (04) na Santa Casa de Dracena. Ele estava internado na UTI em isolamento com SINTOMAS do novo coronav\u00edrus, antes de chegar em Dracena, o paciente ficou internado por cinco dias na Santa Casa de [&hellip;]<\/p>\n","protected":false},"author":1,"featured_media":23056,"comment_status":"closed","ping_status":"open","sticky":false,"template":"","format":"standard","meta":{"footnotes":""},"categories":[179,190,110],"tags":[],"class_list":["post-23055","post","type-post","status-publish","format-standard","has-post-thumbnail","hentry","category-cidadeseregiao","category-junqueiropolis","category-noticiasdestaque"],"_links":{"self":[{"href":"https:\/\/jorgezanoni.com.br\/2019\/wp-json\/wp\/v2\/posts\/23055","targetHints":{"allow":["GET"]}}],"collection":[{"href":"https:\/\/jorgezanoni.com.br\/2019\/wp-json\/wp\/v2\/posts"}],"about":[{"href":"https:\/\/jorgezanoni.com.br\/2019\/wp-json\/wp\/v2\/types\/post"}],"author":[{"embeddable":true,"href":"https:\/\/jorgezanoni.com.br\/2019\/wp-json\/wp\/v2\/users\/1"}],"replies":[{"embeddable":true,"href":"https:\/\/jorgezanoni.com.br\/2019\/wp-json\/wp\/v2\/comments?post=23055"}],"version-history":[{"count":0,"href":"https:\/\/jorgezanoni.com.br\/2019\/wp-json\/wp\/v2\/posts\/23055\/revisions"}],"wp:featuredmedia":[{"embeddable":true,"href":"https:\/\/jorgezanoni.com.br\/2019\/wp-json\/wp\/v2\/media\/23056"}],"wp:attachment":[{"href":"https:\/\/jorgezanoni.com.br\/2019\/wp-json\/wp\/v2\/media?parent=23055"}],"wp:term":[{"taxonomy":"category","embeddable":true,"href":"https:\/\/jorgezanoni.com.br\/2019\/wp-json\/wp\/v2\/categories?post=23055"},{"taxonomy":"post_tag","embeddable":true,"href":"https:\/\/jorgezanoni.com.br\/2019\/wp-json\/wp\/v2\/tags?post=23055"}],"curies":[{"name":"wp","href":"https:\/\/api.w.org\/{rel}","templated":true}]}}