{"id":2303,"date":"2019-07-28T16:39:21","date_gmt":"2019-07-28T16:39:21","guid":{"rendered":"https:\/\/jorgezanoni.com.br\/2019\/?p=2303"},"modified":"2019-07-28T16:39:21","modified_gmt":"2019-07-28T16:39:21","slug":"capotamento-de-veiculo-e-registrado-na-avenida-juscelino-kubitschek-em-presidente-prudente","status":"publish","type":"post","link":"https:\/\/jorgezanoni.com.br\/2019\/capotamento-de-veiculo-e-registrado-na-avenida-juscelino-kubitschek-em-presidente-prudente\/","title":{"rendered":"Capotamento de ve\u00edculo \u00e9 registrado na Avenida Juscelino Kubitschek, em Presidente Prudente"},"content":{"rendered":"<h2 class=\"content-head__subtitle\" style=\"text-align: justify;\">Motorista sofreu ferimentos de natureza leve e foi socorrido ao Hospital Regional. Acidente em trecho do Jardim Guanabara.<\/h2>\n<div class=\"mc-column content-text active-extra-styles \" style=\"text-align: justify;\" data-block-type=\"unstyled\" data-block-weight=\"24\" data-block-id=\"2\">\n<p class=\"content-text__container \" data-track-category=\"Link no Texto\" data-track-links=\"\">Um capotamento de ve\u00edculo foi registrado na tarde deste s\u00e1bado (27) na Avenida Juscelino Kubitschek de Oliveira, no Jardim Guanabara, em Presidente Prudente.<\/p>\n<\/div>\n<div class=\"wall protected-content\">\n<div class=\"mc-column content-text active-extra-styles \" style=\"text-align: justify;\" data-block-type=\"unstyled\" data-block-weight=\"24\" data-block-id=\"3\">\n<p class=\"content-text__container \" data-track-category=\"Link no Texto\" data-track-links=\"\">Conforme o Corpo de Bombeiros, o motorista do carro, de 73 anos, sofreu ferimentos de natureza leve. Ele foi socorrido ao Hospital Regional (HR).<\/p>\n<\/div>\n<div class=\"mc-column content-text active-extra-styles \" style=\"text-align: justify;\" data-block-type=\"unstyled\" data-block-weight=\"30\" data-block-id=\"4\">\n<p class=\"content-text__container \" data-track-category=\"Link no Texto\" data-track-links=\"\">A Pol\u00edcia Militar informou ao\u00a0<strong>G1\u00a0<\/strong>que o condutor seguia pela avenida no sentido bairro-Centro, quando, em uma curva acentuada, perdeu o controle da dire\u00e7\u00e3o e capotou com o ve\u00edculo.<\/p>\n<\/div>\n<div class=\"mc-column content-text active-extra-styles \" style=\"text-align: justify;\" data-block-type=\"unstyled\" data-block-weight=\"4\" data-block-id=\"5\">\n<p class=\"content-text__container \" data-track-category=\"Link no Texto\" data-track-links=\"\">O ve\u00edculo foi recolhido.<\/p>\n<\/div>\n<div class=\"mc-column content-text active-extra-styles \" data-block-type=\"unstyled\" data-block-weight=\"22\" data-block-id=\"6\">\n<p class=\"content-text__container \" style=\"text-align: justify;\" data-track-category=\"Link no Texto\" data-track-links=\"\">Ainda segundo relatou a PM ao\u00a0<strong>G1<\/strong>, o motorista do carro n\u00e3o era habilitado e recusou-se a fazer o teste do baf\u00f4metro.<\/p>\n<p data-track-category=\"Link no Texto\" data-track-links=\"\"><img loading=\"lazy\" decoding=\"async\" class=\"alignnone size-full wp-image-2304\" src=\"https:\/\/jorgezanoni.com.br\/2019\/wp-content\/uploads\/2019\/07\/pru1-1.jpeg\" alt=\"\" width=\"1000\" height=\"1390\" srcset=\"https:\/\/jorgezanoni.com.br\/2019\/wp-content\/uploads\/2019\/07\/pru1-1.jpeg 1000w, https:\/\/jorgezanoni.com.br\/2019\/wp-content\/uploads\/2019\/07\/pru1-1-216x300.jpeg 216w, https:\/\/jorgezanoni.com.br\/2019\/wp-content\/uploads\/2019\/07\/pru1-1-768x1068.jpeg 768w, https:\/\/jorgezanoni.com.br\/2019\/wp-content\/uploads\/2019\/07\/pru1-1-737x1024.jpeg 737w, https:\/\/jorgezanoni.com.br\/2019\/wp-content\/uploads\/2019\/07\/pru1-1-696x967.jpeg 696w, https:\/\/jorgezanoni.com.br\/2019\/wp-content\/uploads\/2019\/07\/pru1-1-302x420.jpeg 302w\" sizes=\"auto, (max-width: 1000px) 100vw, 1000px\" \/> <img loading=\"lazy\" decoding=\"async\" class=\"alignnone size-full wp-image-2305\" src=\"https:\/\/jorgezanoni.com.br\/2019\/wp-content\/uploads\/2019\/07\/pru2-2.jpeg\" alt=\"\" width=\"1000\" height=\"1310\" srcset=\"https:\/\/jorgezanoni.com.br\/2019\/wp-content\/uploads\/2019\/07\/pru2-2.jpeg 1000w, https:\/\/jorgezanoni.com.br\/2019\/wp-content\/uploads\/2019\/07\/pru2-2-229x300.jpeg 229w, https:\/\/jorgezanoni.com.br\/2019\/wp-content\/uploads\/2019\/07\/pru2-2-768x1006.jpeg 768w, https:\/\/jorgezanoni.com.br\/2019\/wp-content\/uploads\/2019\/07\/pru2-2-782x1024.jpeg 782w, https:\/\/jorgezanoni.com.br\/2019\/wp-content\/uploads\/2019\/07\/pru2-2-696x912.jpeg 696w, https:\/\/jorgezanoni.com.br\/2019\/wp-content\/uploads\/2019\/07\/pru2-2-321x420.jpeg 321w\" sizes=\"auto, (max-width: 1000px) 100vw, 1000px\" \/> <img loading=\"lazy\" decoding=\"async\" class=\"alignnone size-full wp-image-2306\" src=\"https:\/\/jorgezanoni.com.br\/2019\/wp-content\/uploads\/2019\/07\/pru3-1.jpeg\" alt=\"\" width=\"1000\" height=\"900\" srcset=\"https:\/\/jorgezanoni.com.br\/2019\/wp-content\/uploads\/2019\/07\/pru3-1.jpeg 1000w, https:\/\/jorgezanoni.com.br\/2019\/wp-content\/uploads\/2019\/07\/pru3-1-300x270.jpeg 300w, https:\/\/jorgezanoni.com.br\/2019\/wp-content\/uploads\/2019\/07\/pru3-1-768x691.jpeg 768w, https:\/\/jorgezanoni.com.br\/2019\/wp-content\/uploads\/2019\/07\/pru3-1-696x626.jpeg 696w, https:\/\/jorgezanoni.com.br\/2019\/wp-content\/uploads\/2019\/07\/pru3-1-467x420.jpeg 467w\" sizes=\"auto, (max-width: 1000px) 100vw, 1000px\" \/><\/p>\n<p data-track-category=\"Link no Texto\" data-track-links=\"\">Fonte: G1<\/p>\n<\/div>\n<\/div>\n","protected":false},"excerpt":{"rendered":"<p>Motorista sofreu ferimentos de natureza leve e foi socorrido ao Hospital Regional. Acidente em trecho do Jardim Guanabara. Um capotamento de ve\u00edculo foi registrado na tarde deste s\u00e1bado (27) na Avenida Juscelino Kubitschek de Oliveira, no Jardim Guanabara, em Presidente Prudente. Conforme o Corpo de Bombeiros, o motorista do carro, de 73 anos, sofreu ferimentos [&hellip;]<\/p>\n","protected":false},"author":1,"featured_media":2307,"comment_status":"closed","ping_status":"open","sticky":false,"template":"","format":"standard","meta":{"footnotes":""},"categories":[170,110],"tags":[],"class_list":["post-2303","post","type-post","status-publish","format-standard","has-post-thumbnail","hentry","category-acidentes","category-noticiasdestaque"],"_links":{"self":[{"href":"https:\/\/jorgezanoni.com.br\/2019\/wp-json\/wp\/v2\/posts\/2303","targetHints":{"allow":["GET"]}}],"collection":[{"href":"https:\/\/jorgezanoni.com.br\/2019\/wp-json\/wp\/v2\/posts"}],"about":[{"href":"https:\/\/jorgezanoni.com.br\/2019\/wp-json\/wp\/v2\/types\/post"}],"author":[{"embeddable":true,"href":"https:\/\/jorgezanoni.com.br\/2019\/wp-json\/wp\/v2\/users\/1"}],"replies":[{"embeddable":true,"href":"https:\/\/jorgezanoni.com.br\/2019\/wp-json\/wp\/v2\/comments?post=2303"}],"version-history":[{"count":0,"href":"https:\/\/jorgezanoni.com.br\/2019\/wp-json\/wp\/v2\/posts\/2303\/revisions"}],"wp:featuredmedia":[{"embeddable":true,"href":"https:\/\/jorgezanoni.com.br\/2019\/wp-json\/wp\/v2\/media\/2307"}],"wp:attachment":[{"href":"https:\/\/jorgezanoni.com.br\/2019\/wp-json\/wp\/v2\/media?parent=2303"}],"wp:term":[{"taxonomy":"category","embeddable":true,"href":"https:\/\/jorgezanoni.com.br\/2019\/wp-json\/wp\/v2\/categories?post=2303"},{"taxonomy":"post_tag","embeddable":true,"href":"https:\/\/jorgezanoni.com.br\/2019\/wp-json\/wp\/v2\/tags?post=2303"}],"curies":[{"name":"wp","href":"https:\/\/api.w.org\/{rel}","templated":true}]}}