{"id":23024,"date":"2020-04-04T22:09:55","date_gmt":"2020-04-04T22:09:55","guid":{"rendered":"https:\/\/jorgezanoni.com.br\/2019\/?p=23024"},"modified":"2020-04-04T22:12:25","modified_gmt":"2020-04-04T22:12:25","slug":"padre-wilson-percorreu-as-ruas-pertencentes-a-paroquia-de-fatima-abencoando-a-todos","status":"publish","type":"post","link":"https:\/\/jorgezanoni.com.br\/2019\/padre-wilson-percorreu-as-ruas-pertencentes-a-paroquia-de-fatima-abencoando-a-todos\/","title":{"rendered":"Padre Wilson percorreu as ruas pertencentes a Par\u00f3quia de F\u00e1tima aben\u00e7oando a todos"},"content":{"rendered":"<p style=\"text-align: justify;\">Na tarde deste s\u00e1bado (4), o Padre Wilson Lu\u00eds Ramos percorreu as ruas e avenidas da comunidade pertencente ao Santu\u00e1rio de F\u00e1tima da Par\u00f3quia Nossa Senhora de F\u00e1tima na Vila Barros em Dracena, aben\u00e7oando todos fi\u00e9is.<\/p>\n<p style=\"text-align: justify;\">As Missas n\u00e3o est\u00e3o sendo celebradas com a presen\u00e7a de p\u00fablico devido a Pandemia, sendo feitas via Internet.<\/p>\n<p style=\"text-align: justify;\">Assim todas as pessoas do setor da Vila Barros e bairros pertencentes aquela comunidade e os que participaram da carreata, foram aben\u00e7oados.<\/p>\n<div style=\"width: 640px;\" class=\"wp-video\"><video class=\"wp-video-shortcode\" id=\"video-23024-1\" width=\"640\" height=\"352\" preload=\"metadata\" controls=\"controls\"><source type=\"video\/mp4\" src=\"https:\/\/jorgezanoni.com.br\/2019\/wp-content\/uploads\/2020\/04\/WhatsApp-Video-2020-04-04-at-18.03.46.mp4?_=1\" \/><a href=\"https:\/\/jorgezanoni.com.br\/2019\/wp-content\/uploads\/2020\/04\/WhatsApp-Video-2020-04-04-at-18.03.46.mp4\">https:\/\/jorgezanoni.com.br\/2019\/wp-content\/uploads\/2020\/04\/WhatsApp-Video-2020-04-04-at-18.03.46.mp4<\/a><\/video><\/div>\n<div style=\"width: 640px;\" class=\"wp-video\"><video class=\"wp-video-shortcode\" id=\"video-23024-2\" width=\"640\" height=\"352\" preload=\"metadata\" controls=\"controls\"><source type=\"video\/mp4\" src=\"https:\/\/jorgezanoni.com.br\/2019\/wp-content\/uploads\/2020\/04\/WhatsApp-Video-2020-04-04-at-18.03.45-3.mp4?_=2\" \/><a href=\"https:\/\/jorgezanoni.com.br\/2019\/wp-content\/uploads\/2020\/04\/WhatsApp-Video-2020-04-04-at-18.03.45-3.mp4\">https:\/\/jorgezanoni.com.br\/2019\/wp-content\/uploads\/2020\/04\/WhatsApp-Video-2020-04-04-at-18.03.45-3.mp4<\/a><\/video><\/div>\n<div style=\"width: 640px;\" class=\"wp-video\"><video class=\"wp-video-shortcode\" id=\"video-23024-3\" width=\"640\" height=\"352\" preload=\"metadata\" controls=\"controls\"><source type=\"video\/mp4\" src=\"https:\/\/jorgezanoni.com.br\/2019\/wp-content\/uploads\/2020\/04\/WhatsApp-Video-2020-04-04-at-18.03.45-2.mp4?_=3\" \/><a href=\"https:\/\/jorgezanoni.com.br\/2019\/wp-content\/uploads\/2020\/04\/WhatsApp-Video-2020-04-04-at-18.03.45-2.mp4\">https:\/\/jorgezanoni.com.br\/2019\/wp-content\/uploads\/2020\/04\/WhatsApp-Video-2020-04-04-at-18.03.45-2.mp4<\/a><\/video><\/div>\n<div style=\"width: 640px;\" class=\"wp-video\"><video class=\"wp-video-shortcode\" id=\"video-23024-4\" width=\"640\" height=\"352\" preload=\"metadata\" controls=\"controls\"><source type=\"video\/mp4\" src=\"https:\/\/jorgezanoni.com.br\/2019\/wp-content\/uploads\/2020\/04\/WhatsApp-Video-2020-04-04-at-18.03.45-1.mp4?_=4\" \/><a href=\"https:\/\/jorgezanoni.com.br\/2019\/wp-content\/uploads\/2020\/04\/WhatsApp-Video-2020-04-04-at-18.03.45-1.mp4\">https:\/\/jorgezanoni.com.br\/2019\/wp-content\/uploads\/2020\/04\/WhatsApp-Video-2020-04-04-at-18.03.45-1.mp4<\/a><\/video><\/div>\n<div style=\"width: 640px;\" class=\"wp-video\"><video class=\"wp-video-shortcode\" id=\"video-23024-5\" width=\"640\" height=\"352\" preload=\"metadata\" controls=\"controls\"><source type=\"video\/mp4\" src=\"https:\/\/jorgezanoni.com.br\/2019\/wp-content\/uploads\/2020\/04\/WhatsApp-Video-2020-04-04-at-18.03.45.mp4?_=5\" \/><a href=\"https:\/\/jorgezanoni.com.br\/2019\/wp-content\/uploads\/2020\/04\/WhatsApp-Video-2020-04-04-at-18.03.45.mp4\">https:\/\/jorgezanoni.com.br\/2019\/wp-content\/uploads\/2020\/04\/WhatsApp-Video-2020-04-04-at-18.03.45.mp4<\/a><\/video><\/div>\n<p style=\"text-align: justify;\">Jorge Zanoni<\/p>\n<p style=\"text-align: justify;\">V\u00eddeos de Internauta<\/p>\n","protected":false},"excerpt":{"rendered":"<p>Na tarde deste s\u00e1bado (4), o Padre Wilson Lu\u00eds Ramos percorreu as ruas e avenidas da comunidade pertencente ao Santu\u00e1rio de F\u00e1tima da Par\u00f3quia Nossa Senhora de F\u00e1tima na Vila Barros em Dracena, aben\u00e7oando todos fi\u00e9is. As Missas n\u00e3o est\u00e3o sendo celebradas com a presen\u00e7a de p\u00fablico devido a Pandemia, sendo feitas via Internet. Assim [&hellip;]<\/p>\n","protected":false},"author":1,"featured_media":23030,"comment_status":"closed","ping_status":"open","sticky":false,"template":"","format":"video","meta":{"footnotes":""},"categories":[118,169],"tags":[],"class_list":["post-23024","post","type-post","status-publish","format-video","has-post-thumbnail","hentry","category-religiaoesolidariedade","category-videos","post_format-post-format-video"],"_links":{"self":[{"href":"https:\/\/jorgezanoni.com.br\/2019\/wp-json\/wp\/v2\/posts\/23024","targetHints":{"allow":["GET"]}}],"collection":[{"href":"https:\/\/jorgezanoni.com.br\/2019\/wp-json\/wp\/v2\/posts"}],"about":[{"href":"https:\/\/jorgezanoni.com.br\/2019\/wp-json\/wp\/v2\/types\/post"}],"author":[{"embeddable":true,"href":"https:\/\/jorgezanoni.com.br\/2019\/wp-json\/wp\/v2\/users\/1"}],"replies":[{"embeddable":true,"href":"https:\/\/jorgezanoni.com.br\/2019\/wp-json\/wp\/v2\/comments?post=23024"}],"version-history":[{"count":0,"href":"https:\/\/jorgezanoni.com.br\/2019\/wp-json\/wp\/v2\/posts\/23024\/revisions"}],"wp:featuredmedia":[{"embeddable":true,"href":"https:\/\/jorgezanoni.com.br\/2019\/wp-json\/wp\/v2\/media\/23030"}],"wp:attachment":[{"href":"https:\/\/jorgezanoni.com.br\/2019\/wp-json\/wp\/v2\/media?parent=23024"}],"wp:term":[{"taxonomy":"category","embeddable":true,"href":"https:\/\/jorgezanoni.com.br\/2019\/wp-json\/wp\/v2\/categories?post=23024"},{"taxonomy":"post_tag","embeddable":true,"href":"https:\/\/jorgezanoni.com.br\/2019\/wp-json\/wp\/v2\/tags?post=23024"}],"curies":[{"name":"wp","href":"https:\/\/api.w.org\/{rel}","templated":true}]}}