{"id":23015,"date":"2020-04-04T19:55:57","date_gmt":"2020-04-04T19:55:57","guid":{"rendered":"https:\/\/jorgezanoni.com.br\/2019\/?p=23015"},"modified":"2020-04-04T19:55:57","modified_gmt":"2020-04-04T19:55:57","slug":"brasil-tem-431-mortes-e-10-278-casos-confirmados-de-coronavirus-diz-ministerio","status":"publish","type":"post","link":"https:\/\/jorgezanoni.com.br\/2019\/brasil-tem-431-mortes-e-10-278-casos-confirmados-de-coronavirus-diz-ministerio\/","title":{"rendered":"Brasil tem 431 mortes e 10.278 casos confirmados de coronav\u00edrus, diz minist\u00e9rio"},"content":{"rendered":"<h2 class=\"content-head__subtitle\" style=\"text-align: justify;\"><strong>Balan\u00e7o da pasta divulgado neste s\u00e1bado (4) listou 72 mortes a mais, que representam um aumento de 20%.<\/strong><\/h2>\n<div class=\"mc-column content-text active-extra-styles \" data-block-type=\"unstyled\" data-block-weight=\"15\" data-block-id=\"2\">\n<p class=\"content-text__container \" style=\"text-align: justify;\" data-track-category=\"Link no Texto\" data-track-links=\"\">O balan\u00e7o dos casos de Covid-19 divulgados pelo Minist\u00e9rio da Sa\u00fade neste s\u00e1bado (4) aponta:<\/p>\n<\/div>\n<div class=\"wall protected-content\">\n<div class=\"mc-column content-text active-extra-styles\" style=\"text-align: justify;\" data-block-type=\"raw\" data-block-weight=\"11\" data-block-id=\"3\">\n<ul class=\"content-unordered-list\">\n<li><strong>431 mortes<\/strong><\/li>\n<li><strong>10.278 casos confirmados<\/strong><\/li>\n<li><strong>4,2% \u00e9 a taxa de letalidade<\/strong><\/li>\n<\/ul>\n<\/div>\n<div class=\"mc-column content-text active-extra-styles \" style=\"text-align: justify;\" data-block-type=\"unstyled\" data-block-weight=\"27\" data-block-id=\"4\">\n<p class=\"content-text__container \" data-track-category=\"Link no Texto\" data-track-links=\"\">Nesta sexta-feira (3),\u00a0<a href=\"https:\/\/g1.globo.com\/bemestar\/coronavirus\/noticia\/2020\/04\/03\/brasil-tem-359-mortes-e-9056-casos-confirmados-de-coronavirus-diz-ministerio.ghtml\">havia 9.056 casos confirmados e 359 mortes<\/a>. Em rela\u00e7\u00e3o ao balan\u00e7o anterior, foram acrescentadas 72 mortes, o que significa um aumento de 20%.<\/p>\n<\/div>\n<div class=\"mc-column content-text active-extra-styles\" data-block-type=\"raw\" data-block-weight=\"27\" data-block-id=\"5\">\n<ul class=\"content-unordered-list\" style=\"text-align: justify;\">\n<li><strong>CRONOLOGIA:<\/strong>\u00a0<a href=\"https:\/\/g1.globo.com\/bemestar\/coronavirus\/noticia\/2020\/04\/03\/da-descoberta-de-uma-nova-doenca-ate-a-pandemia-a-evolucao-da-covid-19-registrada-nos-tuites-da-oms.ghtml\">22 tu\u00edtes da OMS mostram como o mundo virou de ponta-cabe\u00e7a em 3 meses<\/a><\/li>\n<li><strong>SEU BOLSO:<\/strong>\u00a0<a href=\"https:\/\/g1.globo.com\/economia\/noticia\/2020\/04\/03\/medidas-economicas-na-crise-do-coronavirus-veja-perguntas-e-respostas.ghtml\">Medidas econ\u00f4micas na crise do coronav\u00edrus: veja perguntas e respostas<\/a><\/li>\n<\/ul>\n<p style=\"text-align: justify;\">Fone: https:\/\/g1.globo.com\/bemestar\/coronavirus\/noticia\/<\/p>\n<\/div>\n<\/div>\n","protected":false},"excerpt":{"rendered":"<p>Balan\u00e7o da pasta divulgado neste s\u00e1bado (4) listou 72 mortes a mais, que representam um aumento de 20%. O balan\u00e7o dos casos de Covid-19 divulgados pelo Minist\u00e9rio da Sa\u00fade neste s\u00e1bado (4) aponta: 431 mortes 10.278 casos confirmados 4,2% \u00e9 a taxa de letalidade Nesta sexta-feira (3),\u00a0havia 9.056 casos confirmados e 359 mortes. Em rela\u00e7\u00e3o [&hellip;]<\/p>\n","protected":false},"author":1,"featured_media":23016,"comment_status":"closed","ping_status":"open","sticky":false,"template":"","format":"standard","meta":{"footnotes":""},"categories":[110,122],"tags":[],"class_list":["post-23015","post","type-post","status-publish","format-standard","has-post-thumbnail","hentry","category-noticiasdestaque","category-saudeeducacaoeconcurso"],"_links":{"self":[{"href":"https:\/\/jorgezanoni.com.br\/2019\/wp-json\/wp\/v2\/posts\/23015","targetHints":{"allow":["GET"]}}],"collection":[{"href":"https:\/\/jorgezanoni.com.br\/2019\/wp-json\/wp\/v2\/posts"}],"about":[{"href":"https:\/\/jorgezanoni.com.br\/2019\/wp-json\/wp\/v2\/types\/post"}],"author":[{"embeddable":true,"href":"https:\/\/jorgezanoni.com.br\/2019\/wp-json\/wp\/v2\/users\/1"}],"replies":[{"embeddable":true,"href":"https:\/\/jorgezanoni.com.br\/2019\/wp-json\/wp\/v2\/comments?post=23015"}],"version-history":[{"count":0,"href":"https:\/\/jorgezanoni.com.br\/2019\/wp-json\/wp\/v2\/posts\/23015\/revisions"}],"wp:featuredmedia":[{"embeddable":true,"href":"https:\/\/jorgezanoni.com.br\/2019\/wp-json\/wp\/v2\/media\/23016"}],"wp:attachment":[{"href":"https:\/\/jorgezanoni.com.br\/2019\/wp-json\/wp\/v2\/media?parent=23015"}],"wp:term":[{"taxonomy":"category","embeddable":true,"href":"https:\/\/jorgezanoni.com.br\/2019\/wp-json\/wp\/v2\/categories?post=23015"},{"taxonomy":"post_tag","embeddable":true,"href":"https:\/\/jorgezanoni.com.br\/2019\/wp-json\/wp\/v2\/tags?post=23015"}],"curies":[{"name":"wp","href":"https:\/\/api.w.org\/{rel}","templated":true}]}}