{"id":23012,"date":"2020-04-04T19:16:32","date_gmt":"2020-04-04T19:16:32","guid":{"rendered":"https:\/\/jorgezanoni.com.br\/2019\/?p=23012"},"modified":"2020-04-04T19:16:32","modified_gmt":"2020-04-04T19:16:32","slug":"secretaria-municipal-de-saude-anuncia-primeiro-caso-confirmado-de-coronavirus-em-adamantina","status":"publish","type":"post","link":"https:\/\/jorgezanoni.com.br\/2019\/secretaria-municipal-de-saude-anuncia-primeiro-caso-confirmado-de-coronavirus-em-adamantina\/","title":{"rendered":"Secretaria Municipal de Sa\u00fade anuncia primeiro caso confirmado de coronav\u00edrus em Adamantina"},"content":{"rendered":"<h2 class=\"content-head__subtitle\" style=\"text-align: justify;\"><strong>Notifica\u00e7\u00e3o consta no site do Governo do Estado de S\u00e3o Paulo. Paciente est\u00e1 internado em um hospital em Osasco (SP).<\/strong><\/h2>\n<div class=\"mc-column content-text active-extra-styles \" data-block-type=\"unstyled\" data-block-weight=\"18\" data-block-id=\"2\">\n<p class=\"content-text__container \" style=\"text-align: justify;\" data-track-category=\"Link no Texto\" data-track-links=\"\">A Secretaria Municipal de Sa\u00fade anunciou neste s\u00e1bado (4) o primeiro caso positivo de coronav\u00edrus em\u00a0<a href=\"https:\/\/g1.globo.com\/sp\/presidente-prudente-regiao\/cidade\/adamantina\/\">Adamantina (SP)<\/a>.<\/p>\n<\/div>\n<div class=\"wall protected-content\">\n<div class=\"mc-column content-text active-extra-styles \" style=\"text-align: justify;\" data-block-type=\"unstyled\" data-block-weight=\"37\" data-block-id=\"3\">\n<p class=\"content-text__container \" data-track-category=\"Link no Texto\" data-track-links=\"\">O caso positivo para Covid-19, que consta no site do Governo do Estado de S\u00e3o Paulo direcionado para o munic\u00edpio de Adamantina, refere-se a um mun\u00edcipe adamantinense que est\u00e1 internado em um hospital em\u00a0<a href=\"https:\/\/g1.globo.com\/sp\/sao-paulo\/cidade\/osasco\/\">Osasco (SP)<\/a>.<\/p>\n<\/div>\n<div class=\"mc-column content-text active-extra-styles \" style=\"text-align: justify;\" data-block-type=\"unstyled\" data-block-weight=\"26\" data-block-id=\"4\">\n<p class=\"content-text__container \" data-track-category=\"Link no Texto\" data-track-links=\"\">A secretaria ainda informou que as Vigil\u00e2ncias Epidemiol\u00f3gicas do Estado e do munic\u00edpio est\u00e3o em contato caso haja necessidade de isolamento da fam\u00edlia do paciente.<\/p>\n<\/div>\n<div class=\"mc-column content-text active-extra-styles \" data-block-type=\"unstyled\" data-block-weight=\"33\" data-block-id=\"5\">\n<p class=\"content-text__container \" style=\"text-align: justify;\" data-track-category=\"Link no Texto\" data-track-links=\"\">At\u00e9 o momento, Adamantina registra quatro casos suspeitos de coronav\u00edrus que aguardam resultados de exames do Instituto Adolfo Lutz, em S\u00e3o Paulo.Todas as quest\u00f5es t\u00e9cnicas ser\u00e3o realizadas a partir de segunda-feira (6).<\/p>\n<p style=\"text-align: justify;\" data-track-category=\"Link no Texto\" data-track-links=\"\">Fonte: G1<\/p>\n<\/div>\n<\/div>\n","protected":false},"excerpt":{"rendered":"<p>Notifica\u00e7\u00e3o consta no site do Governo do Estado de S\u00e3o Paulo. Paciente est\u00e1 internado em um hospital em Osasco (SP). A Secretaria Municipal de Sa\u00fade anunciou neste s\u00e1bado (4) o primeiro caso positivo de coronav\u00edrus em\u00a0Adamantina (SP). O caso positivo para Covid-19, que consta no site do Governo do Estado de S\u00e3o Paulo direcionado para [&hellip;]<\/p>\n","protected":false},"author":1,"featured_media":23013,"comment_status":"closed","ping_status":"open","sticky":false,"template":"","format":"standard","meta":{"footnotes":""},"categories":[195,179,110],"tags":[],"class_list":["post-23012","post","type-post","status-publish","format-standard","has-post-thumbnail","hentry","category-adamantina","category-cidadeseregiao","category-noticiasdestaque"],"_links":{"self":[{"href":"https:\/\/jorgezanoni.com.br\/2019\/wp-json\/wp\/v2\/posts\/23012","targetHints":{"allow":["GET"]}}],"collection":[{"href":"https:\/\/jorgezanoni.com.br\/2019\/wp-json\/wp\/v2\/posts"}],"about":[{"href":"https:\/\/jorgezanoni.com.br\/2019\/wp-json\/wp\/v2\/types\/post"}],"author":[{"embeddable":true,"href":"https:\/\/jorgezanoni.com.br\/2019\/wp-json\/wp\/v2\/users\/1"}],"replies":[{"embeddable":true,"href":"https:\/\/jorgezanoni.com.br\/2019\/wp-json\/wp\/v2\/comments?post=23012"}],"version-history":[{"count":0,"href":"https:\/\/jorgezanoni.com.br\/2019\/wp-json\/wp\/v2\/posts\/23012\/revisions"}],"wp:featuredmedia":[{"embeddable":true,"href":"https:\/\/jorgezanoni.com.br\/2019\/wp-json\/wp\/v2\/media\/23013"}],"wp:attachment":[{"href":"https:\/\/jorgezanoni.com.br\/2019\/wp-json\/wp\/v2\/media?parent=23012"}],"wp:term":[{"taxonomy":"category","embeddable":true,"href":"https:\/\/jorgezanoni.com.br\/2019\/wp-json\/wp\/v2\/categories?post=23012"},{"taxonomy":"post_tag","embeddable":true,"href":"https:\/\/jorgezanoni.com.br\/2019\/wp-json\/wp\/v2\/tags?post=23012"}],"curies":[{"name":"wp","href":"https:\/\/api.w.org\/{rel}","templated":true}]}}