{"id":23009,"date":"2020-04-04T18:48:14","date_gmt":"2020-04-04T18:48:14","guid":{"rendered":"https:\/\/jorgezanoni.com.br\/2019\/?p=23009"},"modified":"2020-04-04T18:48:14","modified_gmt":"2020-04-04T18:48:14","slug":"igor-takahashi-se-manifesta-em-relacao-ao-falecimento-do-seu-pai","status":"publish","type":"post","link":"https:\/\/jorgezanoni.com.br\/2019\/igor-takahashi-se-manifesta-em-relacao-ao-falecimento-do-seu-pai\/","title":{"rendered":"Igor Takahashi se manifesta em rela\u00e7\u00e3o ao falecimento do seu pai"},"content":{"rendered":"<p style=\"text-align: justify;\">Vamos l\u00e1, sei como \u00e9 dif\u00edcil escrever isso neste momento complicado pra mim, minha m\u00e3e e todos os amigos do meu pai. Mas preciso esclarecer algumas coisas.<\/p>\n<p style=\"text-align: justify;\">Meu pai deu entrada no hospital de Dracena na quinta feira (2\/04) com uma tosse que tinha h\u00e1 anos e nunca foi tratada. Alguns amigos at\u00e9 falavam para ele tratar desta tosse que j\u00e1 durava muito tempo bem antes da pandemia. Ele entrou no hospital sem febre e sem falta de ar. Os m\u00e9dicos resolveram colocar na UTI pois sua oxigena\u00e7\u00e3o no sangue estava baixa e como ele estava bem fraco pois n\u00e3o comia a 4 dias, resolveram colocar de urg\u00eancia. Em nenhum momento sentiu dores mais fortes ou algo relacionado ao Covid 19. Os hospitais est\u00e3o colocando qualquer paciente de suspeita, seja pneumonia ou tosse, ao internamento. Meu pai j\u00e1 \u00e9 do grupo de risco e uma pneumonia em sua idade (em qualquer idade) j\u00e1 \u00e9 considerado grave. Aguardamos os resultados. Em dois dias ele veio a falecer.<\/p>\n<p style=\"text-align: justify;\">De qualquer forma estamos de quarentena eu e minha m\u00e3e sem sair de casa nos alimentando bem e hidratando por 15 dias. Venho pedir respeito em um momento como este, em que j\u00e1 fiquei sabendo de \u00e1udios via WhatsApp em grupos mal intencionados dizendo que viajei para S\u00e3o Paulo e passei o v\u00edrus para o meu pai. Fazem uns 12 meses ou mais que n\u00e3o viajo para longe! Tenho amigos e testemunhas. No m\u00e1ximo em regi\u00f5es para trabalhos e isto bem antes da quarentena oficial. Tamb\u00e9m est\u00e3o dizendo que estou internado. Eu e minha m\u00e3e estamos bem gra\u00e7as a Deus em casa sem sintomas algum, sempre convivendo com ele e com a higiene de \u00e1lcool em gel etc. Permaneceremos assim.<\/p>\n<p style=\"text-align: justify;\">Os que est\u00e3o alarmando n\u00e3o sejam mal intencionados e colocando medo nas pessoas. Respeitando as normas da Vigilancia Sanit\u00e1ria mesmo s\u00f3 com suspeita, meu pai n\u00e3o teve vel\u00f3rio, e o enterro foi s\u00f3 com a presen\u00e7a da minha minha m\u00e3e e minhas tias todos usando m\u00e1scaras e de longe. N\u00e3o \u00e9 legal esta experi\u00eancia, ent\u00e3o pensem antes de espalharem boatos maldosos. Deus est\u00e1 cuidando dele agora! E n\u00f3s aqui na terra&#8230;abra\u00e7os.<\/p>\n<p>Fonte: https:\/\/www.facebook.com\/igor.d.takahashi<\/p>\n<p>Amigo Igor, For\u00e7a \u00e9 F\u00e9, o Site JZ est\u00e1 solid\u00e1rio a vc e sua fam\u00edlia neste triste momento.<\/p>\n<p>Jorge Zanoni<\/p>\n","protected":false},"excerpt":{"rendered":"<p>Vamos l\u00e1, sei como \u00e9 dif\u00edcil escrever isso neste momento complicado pra mim, minha m\u00e3e e todos os amigos do meu pai. Mas preciso esclarecer algumas coisas. Meu pai deu entrada no hospital de Dracena na quinta feira (2\/04) com uma tosse que tinha h\u00e1 anos e nunca foi tratada. Alguns amigos at\u00e9 falavam para [&hellip;]<\/p>\n","protected":false},"author":1,"featured_media":23010,"comment_status":"closed","ping_status":"open","sticky":false,"template":"","format":"standard","meta":{"footnotes":""},"categories":[114,110],"tags":[],"class_list":["post-23009","post","type-post","status-publish","format-standard","has-post-thumbnail","hentry","category-geralecomercio","category-noticiasdestaque"],"_links":{"self":[{"href":"https:\/\/jorgezanoni.com.br\/2019\/wp-json\/wp\/v2\/posts\/23009","targetHints":{"allow":["GET"]}}],"collection":[{"href":"https:\/\/jorgezanoni.com.br\/2019\/wp-json\/wp\/v2\/posts"}],"about":[{"href":"https:\/\/jorgezanoni.com.br\/2019\/wp-json\/wp\/v2\/types\/post"}],"author":[{"embeddable":true,"href":"https:\/\/jorgezanoni.com.br\/2019\/wp-json\/wp\/v2\/users\/1"}],"replies":[{"embeddable":true,"href":"https:\/\/jorgezanoni.com.br\/2019\/wp-json\/wp\/v2\/comments?post=23009"}],"version-history":[{"count":0,"href":"https:\/\/jorgezanoni.com.br\/2019\/wp-json\/wp\/v2\/posts\/23009\/revisions"}],"wp:featuredmedia":[{"embeddable":true,"href":"https:\/\/jorgezanoni.com.br\/2019\/wp-json\/wp\/v2\/media\/23010"}],"wp:attachment":[{"href":"https:\/\/jorgezanoni.com.br\/2019\/wp-json\/wp\/v2\/media?parent=23009"}],"wp:term":[{"taxonomy":"category","embeddable":true,"href":"https:\/\/jorgezanoni.com.br\/2019\/wp-json\/wp\/v2\/categories?post=23009"},{"taxonomy":"post_tag","embeddable":true,"href":"https:\/\/jorgezanoni.com.br\/2019\/wp-json\/wp\/v2\/tags?post=23009"}],"curies":[{"name":"wp","href":"https:\/\/api.w.org\/{rel}","templated":true}]}}