{"id":22995,"date":"2020-04-04T17:17:49","date_gmt":"2020-04-04T17:17:49","guid":{"rendered":"https:\/\/jorgezanoni.com.br\/2019\/?p=22995"},"modified":"2020-04-04T17:17:49","modified_gmt":"2020-04-04T17:17:49","slug":"em-abordagem-policia-militar-apreende-menor-com-maconha-em-ouro-verde","status":"publish","type":"post","link":"https:\/\/jorgezanoni.com.br\/2019\/em-abordagem-policia-militar-apreende-menor-com-maconha-em-ouro-verde\/","title":{"rendered":"Em abordagem, Pol\u00edcia Militar apreende menor com Maconha em Ouro Verde"},"content":{"rendered":"<div id=\"id_5e88c0a1252278e73477193\" class=\"text_exposed_root text_exposed\" style=\"text-align: justify;\">Na data de ontem (03) por volta das 14h30min a Pol\u00edcia Militar na cidade de Ouro Verde em patrulhamento, foi avistado um menor de 16 anos na avenida Rio Grande do Sul andando a p\u00e9 e ao ver a viatura demonstrou nervosismo mudando de dire\u00e7\u00e3o. No momento da abordagem a equipe policial, viu que o sindicado estava abaixado pr\u00f3x<span class=\"text_exposed_show\">ima a guia da cal\u00e7ada pegando algo, tendo sido localizado na revista pessoal em sua m\u00e3o direita cinco inv\u00f3lucros de maconha.<br \/>\nDiante dos fatos, foi dado voz de apreens\u00e3o ao sindicado que ratificou a voz de pris\u00e3o em flagrante, ficando ele a disposi\u00e7\u00e3o da Justi\u00e7a.<\/p>\n<p><a class=\"_58cn\" href=\"https:\/\/www.facebook.com\/hashtag\/25bpmi?epa=HASHTAG\" data-ft=\"{&quot;type&quot;:104,&quot;tn&quot;:&quot;*N&quot;}\">#25BPMI<\/a><br \/>\n<a class=\"_58cn\" href=\"https:\/\/www.facebook.com\/hashtag\/policiamilitarsp?epa=HASHTAG\" data-ft=\"{&quot;type&quot;:104,&quot;tn&quot;:&quot;*N&quot;}\">#POLICIAMILITARSP<\/a><br \/>\n<a class=\"_58cn\" href=\"https:\/\/www.facebook.com\/hashtag\/afor%C3%A7ap%C3%BAblicades%C3%A3opaulo?epa=HASHTAG\" data-ft=\"{&quot;type&quot;:104,&quot;tn&quot;:&quot;*N&quot;}\">#AFOR\u00c7AP\u00daBLICADES\u00c3OPAULO<\/a><br \/>\nCOMUNICA\u00c7\u00c3O SOCIAL DO 25\u00ba BPM\/I &#8211; Dracena e regi\u00e3o.<\/span><\/div>\n<div id=\"fbPhotoSnowliftProductMiniListHscroll\" class=\"fbCommerceProductMiniListHscroll\"><\/div>\n","protected":false},"excerpt":{"rendered":"<p>Na data de ontem (03) por volta das 14h30min a Pol\u00edcia Militar na cidade de Ouro Verde em patrulhamento, foi avistado um menor de 16 anos na avenida Rio Grande do Sul andando a p\u00e9 e ao ver a viatura demonstrou nervosismo mudando de dire\u00e7\u00e3o. No momento da abordagem a equipe policial, viu que o [&hellip;]<\/p>\n","protected":false},"author":1,"featured_media":22996,"comment_status":"closed","ping_status":"open","sticky":false,"template":"","format":"standard","meta":{"footnotes":""},"categories":[2],"tags":[],"class_list":["post-22995","post","type-post","status-publish","format-standard","has-post-thumbnail","hentry","category-policial"],"_links":{"self":[{"href":"https:\/\/jorgezanoni.com.br\/2019\/wp-json\/wp\/v2\/posts\/22995","targetHints":{"allow":["GET"]}}],"collection":[{"href":"https:\/\/jorgezanoni.com.br\/2019\/wp-json\/wp\/v2\/posts"}],"about":[{"href":"https:\/\/jorgezanoni.com.br\/2019\/wp-json\/wp\/v2\/types\/post"}],"author":[{"embeddable":true,"href":"https:\/\/jorgezanoni.com.br\/2019\/wp-json\/wp\/v2\/users\/1"}],"replies":[{"embeddable":true,"href":"https:\/\/jorgezanoni.com.br\/2019\/wp-json\/wp\/v2\/comments?post=22995"}],"version-history":[{"count":0,"href":"https:\/\/jorgezanoni.com.br\/2019\/wp-json\/wp\/v2\/posts\/22995\/revisions"}],"wp:featuredmedia":[{"embeddable":true,"href":"https:\/\/jorgezanoni.com.br\/2019\/wp-json\/wp\/v2\/media\/22996"}],"wp:attachment":[{"href":"https:\/\/jorgezanoni.com.br\/2019\/wp-json\/wp\/v2\/media?parent=22995"}],"wp:term":[{"taxonomy":"category","embeddable":true,"href":"https:\/\/jorgezanoni.com.br\/2019\/wp-json\/wp\/v2\/categories?post=22995"},{"taxonomy":"post_tag","embeddable":true,"href":"https:\/\/jorgezanoni.com.br\/2019\/wp-json\/wp\/v2\/tags?post=22995"}],"curies":[{"name":"wp","href":"https:\/\/api.w.org\/{rel}","templated":true}]}}